{"id":647446,"date":"2026-01-07T16:28:11","date_gmt":"2026-01-07T16:28:11","guid":{"rendered":"https:\/\/www.europesays.com\/fr\/647446\/"},"modified":"2026-01-07T16:28:11","modified_gmt":"2026-01-07T16:28:11","slug":"vianney-brave-la-neige-pour-construire-sa-cabane-isolee","status":"publish","type":"post","link":"https:\/\/www.europesays.com\/fr\/647446\/","title":{"rendered":"Vianney brave la neige pour construire sa cabane isol\u00e9e"},"content":{"rendered":"\n<p data-start=\"509\" data-end=\"756\"><strong data-start=\"509\" data-end=\"536\">Un projet loin de Paris<\/strong><\/p>\n<p data-start=\"509\" data-end=\"756\">Depuis juin 2025, <strong data-start=\"557\" data-end=\"568\">Vianney<\/strong> r\u00eave d&rsquo;un <a href=\"https:\/\/www.facebook.com\/share\/r\/1C3KiUdZp6\/\" rel=\"noopener\" target=\"_blank\"><strong data-start=\"579\" data-end=\"589\">refuge<\/strong><\/a> loin du bruit et du studio. Il y installe un<strong> <\/strong>piano , un allum\u00e9 , et construit de ses mains sa cabane, pour se retrouver dans le silence et la nature.<\/p>\n<p data-start=\"758\" data-end=\"1062\"><strong data-start=\"758\" data-end=\"792\">Sous la neige et les engelures<\/strong><\/p>\n<p data-start=\"758\" data-end=\"1062\">Ce mardi 6 janvier, le chanteur a partag\u00e9 dans son canal priv\u00e9 d&rsquo;Instagram : \u00a0\u00bb <strong>Premi\u00e8re d\u00e9couverte de la semaine : les engelures au visage ! Mais travailler ici est un r\u00eave .<\/strong> \u00a0\u00bb M\u00eame avec le froid , il continue \u00e0 travailler chaque jour , du levier au coucher du soleil.<\/p>\n<p data-start=\"1064\" data-end=\"1302\"><strong data-start=\"1064\" data-end=\"1097\">Un apprentissage au quotidien<\/strong><\/p>\n<p data-start=\"1064\" data-end=\"1302\">Vianney reconna\u00eet que le sens de ce projet n&rsquo;est pas seulement dans le r\u00e9sultat , mais dans chaque geste , chaque effort . Il note : \u00a0\u00bb Je coupe mieux, je creuse mieux, je calcule mieux. \u00ab\u00a0<\/p>\n<p data-start=\"1304\" data-end=\"1592\"><strong data-start=\"1304\" data-end=\"1330\">Espoir et pers\u00e9v\u00e9rance<\/strong><\/p>\n<p data-start=\"1304\" data-end=\"1592\">Apr\u00e8s sa pause pour la sc\u00e8ne avec Lara Fabian , le chanteur est retourn\u00e9 \u00e0 sa cabane . Avec un objectif clair : terminer rapidement et profiter enfin de ce refuge unique , fruit de son travail acharn\u00e9 et de sa passion pour la nature .<\/p>\n","protected":false},"excerpt":{"rendered":"Un projet loin de Paris Depuis juin 2025, Vianney r\u00eave d&rsquo;un refuge loin du bruit et du studio.&hellip;\n","protected":false},"author":2,"featured_media":647447,"comment_status":"","ping_status":"","sticky":false,"template":"","format":"standard","meta":{"footnotes":""},"categories":[1355],"tags":[9581,75284,75286,58,17336,75287,59,5183,1011,27,2440,12238,1361,873,2742,10584,75288,626,75289,5176,16132,7347,15980,75285,8475],"class_list":{"0":"post-647446","1":"post","2":"type-post","3":"status-publish","4":"format-standard","5":"has-post-thumbnail","7":"category-musique","8":"tag-apprentissage","9":"tag-cabane-isolee","10":"tag-defi-personnel","11":"tag-divertissement","12":"tag-effort","13":"tag-engelures","14":"tag-entertainment","15":"tag-foret","16":"tag-fr","17":"tag-france","18":"tag-instagram","19":"tag-lara-fabian","20":"tag-music","21":"tag-musique","22":"tag-nature","23":"tag-neige","24":"tag-objectif-clair","25":"tag-paris","26":"tag-passion-pour-la-nature","27":"tag-piano","28":"tag-refuge","29":"tag-scene","30":"tag-silence","31":"tag-travail-manuel","32":"tag-vianney"},"share_on_mastodon":{"url":"https:\/\/pubeurope.com\/@fr\/115854763874796789","error":""},"_links":{"self":[{"href":"https:\/\/www.europesays.com\/fr\/wp-json\/wp\/v2\/posts\/647446","targetHints":{"allow":["GET"]}}],"collection":[{"href":"https:\/\/www.europesays.com\/fr\/wp-json\/wp\/v2\/posts"}],"about":[{"href":"https:\/\/www.europesays.com\/fr\/wp-json\/wp\/v2\/types\/post"}],"author":[{"embeddable":true,"href":"https:\/\/www.europesays.com\/fr\/wp-json\/wp\/v2\/users\/2"}],"replies":[{"embeddable":true,"href":"https:\/\/www.europesays.com\/fr\/wp-json\/wp\/v2\/comments?post=647446"}],"version-history":[{"count":0,"href":"https:\/\/www.europesays.com\/fr\/wp-json\/wp\/v2\/posts\/647446\/revisions"}],"wp:featuredmedia":[{"embeddable":true,"href":"https:\/\/www.europesays.com\/fr\/wp-json\/wp\/v2\/media\/647447"}],"wp:attachment":[{"href":"https:\/\/www.europesays.com\/fr\/wp-json\/wp\/v2\/media?parent=647446"}],"wp:term":[{"taxonomy":"category","embeddable":true,"href":"https:\/\/www.europesays.com\/fr\/wp-json\/wp\/v2\/categories?post=647446"},{"taxonomy":"post_tag","embeddable":true,"href":"https:\/\/www.europesays.com\/fr\/wp-json\/wp\/v2\/tags?post=647446"}],"curies":[{"name":"wp","href":"https:\/\/api.w.org\/{rel}","templated":true}]}}