{"id":647448,"date":"2026-01-07T16:29:19","date_gmt":"2026-01-07T16:29:19","guid":{"rendered":"https:\/\/www.europesays.com\/fr\/647448\/"},"modified":"2026-01-07T16:29:19","modified_gmt":"2026-01-07T16:29:19","slug":"on-a-vu-lultime-teaser-davengers-doomsday","status":"publish","type":"post","link":"https:\/\/www.europesays.com\/fr\/647448\/","title":{"rendered":"On a vu l&rsquo;ultime teaser d&rsquo;Avengers : Doomsday"},"content":{"rendered":"<p>J-343. Le compte \u00e0 rebours jusqu\u2019\u00e0 Avengers\u00a0: Doomsday est officiellement lanc\u00e9 et Marvel ne compte pas se faire oublier des spectateurs. <strong>Ce mercredi 7 janvier<\/strong>, comme le veut la tradition depuis maintenant quatre semaines, un extrait in\u00e9dit du film est pr\u00e9sent\u00e9 en avant-s\u00e9ance d\u2019Avatar\u00a0: de feu et de cendres. Ce dispositif exceptionnel vise \u00e0 faire monter la pression jusqu\u2019au <strong>16 d\u00e9cembre prochain<\/strong>, date \u00e0 laquelle Marvel livrera ce qui s\u2019annonce comme la plus grande r\u00e9union de superh\u00e9ros jamais organis\u00e9e sur le grand \u00e9cran. Tout le monde sera de la partie, de Steve Rogers \u00e0 Thor en passant par les X-Men de la Fox.<\/p>\n<p>Le quatri\u00e8me et dernier teaser est sans conteste le plus attendu des spectateurs, beaucoup esp\u00e9raient qu\u2019il mette en sc\u00e8ne Robert Downey Jr dans la peau de Fatalis (Doom en anglais). Apr\u00e8s tout, c\u2019est autour de lui qu\u2019\u00e9volue la narration, lui qui repr\u00e9sente une menace assez cons\u00e9quente pour que des justiciers voyagent dans le multivers pour le combattre.<\/p>\n<p>Jusqu\u2019ici, ils avaient d\u00fb se contenter d\u2019une apparition de dos au d\u00e9tour d\u2019une sc\u00e8ne post-cr\u00e9dits des<a href=\"https:\/\/www.journaldugeek.com\/2025\/07\/29\/les-4-fantastiques-combien-de-scenes-post-credits-pour-le-nouveau-marvel\/\" target=\"_blank\" rel=\"noopener\"> 4 Fantastiques\u00a0: premiers pas<\/a>. Qui est-il\u00a0? Pourquoi s\u2019en prend-il au multivers\u00a0? Ce sont autant de question que se posent les spectateurs et que Marvel va devoir adresser pour convaincre le public que le jeu en vaut la chandelle. On a vu l\u2019ultime teaser d\u2019Avengers\u00a0: Doomsday et on vous en parle.<\/p>\n<p> Une r\u00e9union inattendue <\/p>\n<p>Pas de Fatalis sur le grand \u00e9cran, Marvel pr\u00e9f\u00e8re (\u00e0 raison) cultiver le myst\u00e8re qui entoure son antagoniste. Comme pour les s\u00e9quences pr\u00e9c\u00e9dentes, il s\u2019agit donc de montrer comment nos h\u00e9ros se pr\u00e9parent \u00e0 cet affrontement dantesque. Cette fois-ci, ce sont les Wakandais et Les 4 Fantastiques qui sont \u00e0 l\u2019honneur. On voit Shuri qui adresse un message \u00e0 un myst\u00e9rieux personnage. \u201cJ\u2019ai perdu tous ceux qui comptent pour moi. Le roi a son devoir et j\u2019ai le mien\u201d.<\/p>\n<p>Shuri, d\u00e9lest\u00e9e de ses responsabilit\u00e9s de souveraine, va prendre part \u00e0 l\u2019action et rejoindre les \u00e9quipes des Thunderbolts*, les Avengers de Sam Wilson et les X-Men. Elle ne sera pas seule dans son entreprise puisque son alliance avec Namor sera tr\u00e8s utile pour combattre Doom. Face \u00e0 elle, Ben Grimm se pr\u00e9sente. La Chose, qui est arriv\u00e9e dans la r\u00e9alit\u00e9 des Avengers avec le final de Thunderbolts*,\u00a0se pr\u00e9pare \u00e0 combattre celui qui a enlev\u00e9 son neveu.<\/p>\n<p>    <a href=\"https:\/\/www.youtube.com\/user\/JournalduGeek?sub_confirmation=1\" target=\"_blank\" rel=\"nofollow noopener\"><br \/>\n        S&rsquo;abonner \u00e0 Journal du Geek<br \/>\n    <\/a> <\/p>\n<p>Le rendez-vous est pris pour le <strong>16 d\u00e9cembre 2026<\/strong>. Les fr\u00e8res Russo sont \u00e0 la r\u00e9alisation. Robert Downey Jr, Pedro Pascal, Vanessa Kirby ainsi que Letitia Wright sont \u00e0 la distribution de ce film qui s\u2019annonce tentaculaire. Pour tout savoir, vous pouvez consulter notre dossier consacr\u00e9 \u00e0 <a href=\"https:\/\/www.journaldugeek.com\/dossier\/avengers-5-date-intrigue-et-casting-tout-savoir-sur-doomsday\/\" target=\"_blank\" rel=\"noopener\">tout ce qu\u2019il faut savoir sur Avengers\u00a0: Doomsday<\/a> et son intrigue.<\/p>\n<blockquote style=\"border:1px solid #971048;border-radius:8px;\">\n<p class=\"text-base text-neutral-700 dark:text-neutral-300\" style=\"color:grey;\">\ud83d\udfe3 Pour ne manquer aucune news sur le Journal du Geek, <a href=\"https:\/\/profile.google.com\/cp\/CgwvZy8xejJ2N182c2MaHmh0dHBzOi8vd3d3LmpvdXJuYWxkdWdlZWsuY29tLw==?pf=6\" target=\"_blank\" rel=\"noopener\">suivez-nous sur Google<\/a> et sur notre canal <a href=\"https:\/\/whatsapp.com\/channel\/0029VaClM5y4tRry12tb7D2h\" target=\"_blank\" rel=\"noopener\">WhatsApp<\/a>. Et si vous nous adorez, on a <a href=\"https:\/\/www.journaldugeek.com\/newsletter\/\" target=\"_blank\" rel=\"noopener\">une newsletter tous les matins<\/a>.<\/p>\n<\/blockquote>\n","protected":false},"excerpt":{"rendered":"J-343. Le compte \u00e0 rebours jusqu\u2019\u00e0 Avengers\u00a0: Doomsday est officiellement lanc\u00e9 et Marvel ne compte pas se faire&hellip;\n","protected":false},"author":2,"featured_media":601086,"comment_status":"","ping_status":"","sticky":false,"template":"","format":"standard","meta":{"footnotes":""},"categories":[1354],"tags":[4553,54444,58,59,1346,1011,27,28380,1360],"class_list":{"0":"post-647448","1":"post","2":"type-post","3":"status-publish","4":"format-standard","5":"has-post-thumbnail","7":"category-films","8":"tag-avengers-doomsday","9":"tag-avengers-5","10":"tag-divertissement","11":"tag-entertainment","12":"tag-films","13":"tag-fr","14":"tag-france","15":"tag-les-4-fantastiques","16":"tag-movies"},"share_on_mastodon":{"url":"https:\/\/pubeurope.com\/@fr\/115854768066665475","error":""},"_links":{"self":[{"href":"https:\/\/www.europesays.com\/fr\/wp-json\/wp\/v2\/posts\/647448","targetHints":{"allow":["GET"]}}],"collection":[{"href":"https:\/\/www.europesays.com\/fr\/wp-json\/wp\/v2\/posts"}],"about":[{"href":"https:\/\/www.europesays.com\/fr\/wp-json\/wp\/v2\/types\/post"}],"author":[{"embeddable":true,"href":"https:\/\/www.europesays.com\/fr\/wp-json\/wp\/v2\/users\/2"}],"replies":[{"embeddable":true,"href":"https:\/\/www.europesays.com\/fr\/wp-json\/wp\/v2\/comments?post=647448"}],"version-history":[{"count":0,"href":"https:\/\/www.europesays.com\/fr\/wp-json\/wp\/v2\/posts\/647448\/revisions"}],"wp:featuredmedia":[{"embeddable":true,"href":"https:\/\/www.europesays.com\/fr\/wp-json\/wp\/v2\/media\/601086"}],"wp:attachment":[{"href":"https:\/\/www.europesays.com\/fr\/wp-json\/wp\/v2\/media?parent=647448"}],"wp:term":[{"taxonomy":"category","embeddable":true,"href":"https:\/\/www.europesays.com\/fr\/wp-json\/wp\/v2\/categories?post=647448"},{"taxonomy":"post_tag","embeddable":true,"href":"https:\/\/www.europesays.com\/fr\/wp-json\/wp\/v2\/tags?post=647448"}],"curies":[{"name":"wp","href":"https:\/\/api.w.org\/{rel}","templated":true}]}}