{"id":647449,"date":"2026-01-07T16:30:10","date_gmt":"2026-01-07T16:30:10","guid":{"rendered":"https:\/\/www.europesays.com\/fr\/647449\/"},"modified":"2026-01-07T16:30:10","modified_gmt":"2026-01-07T16:30:10","slug":"mains-froides-en-permanence-ce-mini-test-en-5-questions-permet-de-savoir-sil-sagit-du-syndrome-de-raynaud","status":"publish","type":"post","link":"https:\/\/www.europesays.com\/fr\/647449\/","title":{"rendered":"Mains froides en permanence ? Ce mini-test en 5 questions permet de savoir s\u2019il s\u2019agit du syndrome de Raynaud"},"content":{"rendered":"<p>Mains froides : simple frilosit\u00e9 ou syndrome de Raynaud ?<\/p>\n<p>Sortie du m\u00e9tro, rayon surgel\u00e9s, vent humide\u2026 Vos <strong>mains<br \/>\nfroides<\/strong> deviennent raides, parfois blanches, avec cette<br \/>\nsensation \u00e9trange qu\u2019elles n\u2019ob\u00e9issent plus. Beaucoup appellent \u00e7a<br \/>\nune \u00ab\u00a0mauvaise circulation\u00a0\u00bb. Sauf que, pour une partie des<br \/>\npersonnes, ces <strong>doigts blancs et douloureux<\/strong><br \/>\nrel\u00e8vent d\u2019un <strong>ph\u00e9nom\u00e8ne de Raynaud<\/strong> bien<br \/>\ndocument\u00e9.<\/p>\n<p>Concr\u00e8tement, les petits vaisseaux des extr\u00e9mit\u00e9s se contractent<br \/>\nsous l\u2019effet du froid ou d\u2019un stress, ce qui r\u00e9duit l\u2019afflux<br \/>\nsanguin. Les doigts sont surtout touch\u00e9s, mais aussi les orteils,<br \/>\nle nez, les oreilles, parfois les mamelons et la langue. S\u2019agit-il<br \/>\nd\u2019une simple frilosit\u00e9 ou d\u2019un <strong>syndrome de Raynaud<\/strong><br \/>\n\u00e0 identifier t\u00f4t ? La suite se joue en cinq questions.<\/p>\n<p>Mini-test Raynaud : 5 questions pour vos mains froides<\/p>\n<p>R\u00e9pondez par oui ou non \u00e0 ce <strong>test en 5<br \/>\nquestions<\/strong> :<\/p>\n<ul>\n<li>Vos doigts sont-ils sensibles au froid ?<\/li>\n<li>Vos doigts changent-ils de couleur (en devenant blanc, bleu,<br \/>\nrouge ou violet), en r\u00e9ponse \u00e0 un changement de temp\u00e9rature ou \u00e0<br \/>\ndes situations stressantes ?<\/li>\n<li>Ressentez-vous un engourdissement ou une douleur dans la zone<br \/>\naffect\u00e9e lorsqu\u2019ils changent de couleur ?<\/li>\n<li>Ressentez-vous des picotements lorsque la zone affect\u00e9e se<br \/>\nr\u00e9chauffe ?<\/li>\n<li>Avez-vous d\u00e9j\u00e0 d\u00e9velopp\u00e9 des plaies ou des ulc\u00e8res sur vos<br \/>\ndoigts ou vos orteils ?<\/li>\n<\/ul>\n<p>Si vous r\u00e9pondez oui \u00e0 au moins deux questions, il peut \u00eatre<br \/>\nint\u00e9ressant d\u2019en parler \u00e0 votre m\u00e9decin. Et si des sympt\u00f4mes<br \/>\nnouveaux apparaissent alors que Raynaud est d\u00e9j\u00e0 identifi\u00e9, \u00ab\u00a0mieux<br \/>\nvaut effectivement consulter votre m\u00e9decin\u00a0\u00bb, explique le Dr G\u00e9rald<br \/>\nKierzek, m\u00e9decin urgentiste, \u00e0 <a href=\"https:\/\/www.doctissimo.fr\/sante\/vous-avez-souvent-les-mains-froides-decouvrez-en-5-questions-sil-sagit-du-syndrome-de-raynaud\/a8f81a_ar.html\" target=\"_blank\" rel=\"noopener\"><br \/>\nDoctissimo.<\/a><\/p>\n<p>Crises de Raynaud : sympt\u00f4mes typiques et qui est le plus<br \/>\nexpos\u00e9<\/p>\n<p>Une crise suit souvent trois temps. Phase blanche dite<br \/>\nisch\u00e9mique : un ou plusieurs doigts deviennent tr\u00e8s p\u00e2les, froids,<br \/>\ninsensibles. Vient la phase bleue, avec picotements parfois<br \/>\ndouloureux. Puis la phase rouge, o\u00f9 les doigts se r\u00e9chauffent,<br \/>\nbr\u00fblent un peu et reprennent leur couleur. Toutes les phases ne<br \/>\nsont pas toujours pr\u00e9sentes, et la dur\u00e9e varie de quelques minutes<br \/>\n\u00e0 plusieurs heures.<\/p>\n<p>Dans environ 90 % des cas, on parle de <strong>forme<br \/>\nprimitive<\/strong> (idiopathique), globalement b\u00e9nigne, avec des<br \/>\ndoigts redevenus normaux entre les crises. Le profil typique :<br \/>\nd\u00e9but \u00e0 l\u2019adolescence ou chez l\u2019adulte jeune, surtout chez les<br \/>\nfemmes minces. Les estimations \u00e9voquent entre 6 et 20 % de femmes<br \/>\nconcern\u00e9es, avec autour de 6 % entre 25 et 40 ans. La<br \/>\n<strong>maladie de Raynaud<\/strong> reste la plus fr\u00e9quente ; le<br \/>\n<strong>syndrome de Raynaud<\/strong> d\u00e9signe une forme li\u00e9e \u00e0 une<br \/>\nautre cause.<\/p>\n<p>Syndrome de Raynaud : quand s\u2019alarmer<br \/>\net que faire au quotidien ?<\/p>\n<p>Certains signaux doivent alerter car ils font penser \u00e0 une<br \/>\n<strong>forme secondaire<\/strong> : premi\u00e8res crises apr\u00e8s 35 ans,<br \/>\n\u00e9pisodes en plein \u00e9t\u00e9 ou sans exposition au froid, atteinte d\u2019une<br \/>\nseule main avec le pouce, plaies ou ulc\u00e8res au bout des doigts. Des<br \/>\nmaladies auto-immunes peuvent \u00eatre associ\u00e9es (scl\u00e9rodermie, lupus,<br \/>\nsyndrome de Goujerot-Sj\u00f6gren, dermatomyosite, polyarthrite<br \/>\nrhumato\u00efde), tout comme des expositions ou produits<br \/>\nvasoconstricteurs (b\u00eatabloquants, d\u00e9riv\u00e9s de l\u2019ergot, certains<br \/>\ntraitements, toxiques).<\/p>\n<p>Au quotidien, l\u2019objectif est de limiter les crises. Prot\u00e9ger les<br \/>\nextr\u00e9mit\u00e9s et tout le corps du froid, superposer les couches,<br \/>\nporter des gants ou des mitaines, utiliser des chaufferettes si<br \/>\nbesoin. Arr\u00eater de fumer, r\u00e9duire caf\u00e9, th\u00e9, sodas et alcool.<br \/>\n\u00c9viter les microtraumatismes et les outils vibrants, g\u00e9rer le<br \/>\nstress par des techniques de relaxation, bouger r\u00e9guli\u00e8rement<br \/>\ndoigts et orteils pour stimuler la circulation. Ces mesures simples<br \/>\nfont souvent une vraie diff\u00e9rence.<\/p>\n","protected":false},"excerpt":{"rendered":"Mains froides : simple frilosit\u00e9 ou syndrome de Raynaud ? Sortie du m\u00e9tro, rayon surgel\u00e9s, vent humide\u2026 Vos&hellip;\n","protected":false},"author":2,"featured_media":647450,"comment_status":"","ping_status":"","sticky":false,"template":"","format":"standard","meta":{"footnotes":""},"categories":[10],"tags":[9638,17488,1805,3029,3026,1011,27,45243,72,64866,39037,20993,8372,1426,75291,6830,75290,71,12634,8063,374],"class_list":{"0":"post-647449","1":"post","2":"type-post","3":"status-publish","4":"format-standard","5":"has-post-thumbnail","7":"category-sante","8":"tag-9638","9":"tag-ce","10":"tag-de","11":"tag-du","12":"tag-en","13":"tag-fr","14":"tag-france","15":"tag-froides","16":"tag-health","17":"tag-mains","18":"tag-mini","19":"tag-permanence","20":"tag-permet","21":"tag-questions","22":"tag-raynaud","23":"tag-sil","24":"tag-sagit","25":"tag-sante","26":"tag-savoir","27":"tag-syndrome","28":"tag-test"},"share_on_mastodon":{"url":"https:\/\/pubeurope.com\/@fr\/115854771786330217","error":""},"_links":{"self":[{"href":"https:\/\/www.europesays.com\/fr\/wp-json\/wp\/v2\/posts\/647449","targetHints":{"allow":["GET"]}}],"collection":[{"href":"https:\/\/www.europesays.com\/fr\/wp-json\/wp\/v2\/posts"}],"about":[{"href":"https:\/\/www.europesays.com\/fr\/wp-json\/wp\/v2\/types\/post"}],"author":[{"embeddable":true,"href":"https:\/\/www.europesays.com\/fr\/wp-json\/wp\/v2\/users\/2"}],"replies":[{"embeddable":true,"href":"https:\/\/www.europesays.com\/fr\/wp-json\/wp\/v2\/comments?post=647449"}],"version-history":[{"count":0,"href":"https:\/\/www.europesays.com\/fr\/wp-json\/wp\/v2\/posts\/647449\/revisions"}],"wp:featuredmedia":[{"embeddable":true,"href":"https:\/\/www.europesays.com\/fr\/wp-json\/wp\/v2\/media\/647450"}],"wp:attachment":[{"href":"https:\/\/www.europesays.com\/fr\/wp-json\/wp\/v2\/media?parent=647449"}],"wp:term":[{"taxonomy":"category","embeddable":true,"href":"https:\/\/www.europesays.com\/fr\/wp-json\/wp\/v2\/categories?post=647449"},{"taxonomy":"post_tag","embeddable":true,"href":"https:\/\/www.europesays.com\/fr\/wp-json\/wp\/v2\/tags?post=647449"}],"curies":[{"name":"wp","href":"https:\/\/api.w.org\/{rel}","templated":true}]}}