{"id":647466,"date":"2026-01-07T16:39:13","date_gmt":"2026-01-07T16:39:13","guid":{"rendered":"https:\/\/www.europesays.com\/fr\/647466\/"},"modified":"2026-01-07T16:39:13","modified_gmt":"2026-01-07T16:39:13","slug":"meteo-la-neige-tombe-fortement-dans-la-loire-ces-secteurs-a-eviter","status":"publish","type":"post","link":"https:\/\/www.europesays.com\/fr\/647466\/","title":{"rendered":"M\u00e9t\u00e9o. La neige tombe fortement dans la Loire : ces secteurs \u00e0 \u00e9viter"},"content":{"rendered":"<p>                    Par<br \/>\n        <strong><br \/>\n            <a href=\"https:\/\/actu.fr\/auteur\/mathias-souteyrat\" title=\"Consulter tous les articles de Mathias Souteyrat\" target=\"_blank\" rel=\"noopener\">Mathias Souteyrat<\/a><br \/>\n                    <\/strong><\/p>\n<p>        Publi\u00e9 le<\/p>\n<p>            7 janv. 2026 \u00e0 15h59<br \/>\n        ; mis \u00e0 jour le 7 janv. 2026 \u00e0 16h00    <\/p>\n<p>La neige tombe dans la <a href=\"https:\/\/actu.fr\/auvergne-rhone-alpes\/loire_42\" target=\"_blank\" rel=\"noopener\">Loire<\/a> o\u00f9 la circulation est d\u00e9licate \u00e0 certains endroits ce mercredi 7 janvier. Le d\u00e9partement est en alerte jaune neige-verglas.<\/p>\n<p class=\" wall-content\">\u00c0 15\u00a0heures, la <a href=\"https:\/\/actu.fr\/meteo\/direct-la-neige-tombe-a-nouveau-ce-mercredi-circulation-previsions-transports-suivez-cette-journee_63661427.html\" target=\"_blank\" rel=\"noopener\">neige<\/a> continue de tomber sur le d\u00e9partement de fa\u00e7on <strong>intermittente avec parfois des averses mod\u00e9r\u00e9es<\/strong>. Selon M\u00e9t\u00e9o Loire, cette neige tient au sol sur les r\u00e9seaux secondaires et les conditions de circulation commencent \u00e0 se d\u00e9grader.<\/p>\n<p>La neige tient au sol sur les r\u00e9seaux secondaires<\/p>\n<p class=\" wall-content\">D\u2019apr\u00e8s la pr\u00e9fecture lig\u00e9rienne, la circulation sur les axes secondaires peut \u00eatre compliqu\u00e9e \u00e0 certains endroits. \u00ab\u2009Prudence sur ces axes\u2009\u00bb, demandent les autorit\u00e9s.<\/p>\n<p class=\" wall-content\">\n<p class=\" wall-content\">Voici les endroits \u00e0 surveiller :\u00a0<\/p>\n<ul class=\" wall-content\">\n<li>Prudence dans les Monts du Forez, Monts de la Madeleine, roannais, Monts du Lyonnais et Pilat avec des routes secondaires partiellement enneig\u00e9es.<\/li>\n<li>Prudence \u00e9galement sur la <strong>D1082 entre Saint-\u00c9tienne\/Bourg-Argental Col de la R\u00e9publique<\/strong> ainsi que la D8 entre Saint-\u00c9tienne et le Bessat o\u00f9 d ela neige est pr\u00e9sente sur la route.<\/li>\n<\/ul>\n<blockquote class=\"ac-article-quote wall-content\">\n<p>Une perturbation circule au sein d&rsquo;une masse d&rsquo;air froid sur la France et affecte la r\u00e9gion Auvergne-Rh\u00f4ne-Alpes par le nord-ouest \u00e0 partir de la mi-journ\u00e9e. Compte-tenu des temp\u00e9ratures qui restent n\u00e9gatives, cette perturbation donne de faibles chutes de neige jusqu&rsquo;en plaine, en particulier sur le nord de l&rsquo;Auvergne. L&rsquo;Allier est donc le plus touch\u00e9, mais les autres d\u00e9partements sont \u00e9galement concern\u00e9s. Elle perd en activit\u00e9 en se d\u00e9calant vers l&rsquo;est en fin de journ\u00e9e.<\/p>\n<p>    <strong>M\u00e9t\u00e9o France<\/strong>\n            <\/p><\/blockquote>\n<p class=\" wall-content\">Ces chutes de neige s\u2019estomperont en fin de journ\u00e9e, vers 17\/18h.<\/p>\n<p>Votre r\u00e9gion, votre actu !<\/p>\n<p>Recevez chaque jour les infos qui comptent pour vous.<\/p>\n<p>\t<a href=\"https:\/\/actu.fr\/newsletter\" class=\"ac-btn ac-btn--corner ac-btn--medium ac-btn--blue800\" target=\"_blank\" rel=\"noopener\">S&rsquo;incrire<\/a><br \/>\nDe la neige dans tout le d\u00e9partement<\/p>\n<p class=\" wall-content\">La neige tiendra au sol jusqu\u2019en plaine avec des accumulations au sol. \u00ab\u2009Elle devrait n\u00e9anmoins \u00eatre moindre sur la plaine du Forez et les contreforts des Monts du Lyonnais en raison de la mise en place d\u2019un \u00e9pisode de foehn (ass\u00e8chement des pr\u00e9cipitations).\u2009\u00bb<\/p>\n<p class=\" wall-content\">\u00ab\u00a0Les cumuls au sol d\u2019ici jeudi matin seront h\u00e9t\u00e9rog\u00e8nes en raison du vent mod\u00e9r\u00e9 qui soufflera sur les reliefs\u00a0\u00bb, pr\u00e9cise le sp\u00e9cialiste m\u00e9t\u00e9o.<\/p>\n<p class=\" wall-content\">Voici les zones \u00e0 risques\u2009:<\/p>\n<ul class=\" wall-content\">\n<li>Roannais\u2009: 1 \u00e0 3 cm<\/li>\n<li>Forez\u2009: saupoudrage \u00e0 1 cm (foehn ass\u00e9chant les pr\u00e9cipitations).<\/li>\n<li>St\u00e9phanois, Gier, Ondaine\u2009: 1 \u00e0 2 cm<\/li>\n<li>Pilat rhodanien\u2009: environ 1 cm<\/li>\n<li>Monts du Lyonnais\u2009: 1 \u00e0 3 cm<\/li>\n<li>Monts du Forez, Monts de la Madeleine et Pilat\u2009: 2 \u00e0 5 cm (localement 8 \u00e0 10 cm notamment secteur des Hautes-Chaumes).<\/li>\n<\/ul>\n<p class=\" wall-content\">Pour connaitre l\u2019\u00e9tat des routes, consultez le site Internet du <a href=\"https:\/\/www.inforoute42.fr\/\" target=\"_blank\" rel=\"noopener\">D\u00e9partement de la Loire<\/a>.<\/p>\n<p class=\" wall-content\"><strong>Plus d\u2019infos \u00e0 venir\u2026<\/strong><\/p>\n<p class=\" wall-content\">Personnalisez votre actualit\u00e9 en ajoutant vos villes et m\u00e9dias en favori avec <a href=\"https:\/\/moncompte.actu.fr\" title=\"D\u00e9couvez Mon Actu\" rel=\"nofollow noopener\" data-trk=\"{&quot;cta&quot;:{&quot;action&quot;:&quot;https:\\\/\\\/moncompte.actu.fr&quot;,&quot;category&quot;:&quot;mon compte&quot;,&quot;from&quot;:&quot;article footer&quot;,&quot;name&quot;:&quot;Mon actu&quot;,&quot;type&quot;:&quot;cta&quot;}}\" target=\"_blank\">Mon Actu<\/a>.<\/p>\n","protected":false},"excerpt":{"rendered":"Par Mathias Souteyrat Publi\u00e9 le 7 janv. 2026 \u00e0 15h59 ; mis \u00e0 jour le 7 janv. 2026&hellip;\n","protected":false},"author":2,"featured_media":647467,"comment_status":"","ping_status":"","sticky":false,"template":"","format":"standard","meta":{"footnotes":""},"categories":[9653],"tags":[1111,11,2430,1777,674,1011,27,2487,2357,10584,12,25,4001],"class_list":{"0":"post-647466","1":"post","2":"type-post","3":"status-publish","4":"format-standard","5":"has-post-thumbnail","7":"category-saint-etienne","8":"tag-actu","9":"tag-actualites","10":"tag-auvergne-rhone-alpes","11":"tag-eu","12":"tag-europe","13":"tag-fr","14":"tag-france","15":"tag-meteo","16":"tag-meteo-france","17":"tag-neige","18":"tag-news","19":"tag-republique-francaise","20":"tag-saint-etienne"},"share_on_mastodon":{"url":"https:\/\/pubeurope.com\/@fr\/115854807224395675","error":""},"_links":{"self":[{"href":"https:\/\/www.europesays.com\/fr\/wp-json\/wp\/v2\/posts\/647466","targetHints":{"allow":["GET"]}}],"collection":[{"href":"https:\/\/www.europesays.com\/fr\/wp-json\/wp\/v2\/posts"}],"about":[{"href":"https:\/\/www.europesays.com\/fr\/wp-json\/wp\/v2\/types\/post"}],"author":[{"embeddable":true,"href":"https:\/\/www.europesays.com\/fr\/wp-json\/wp\/v2\/users\/2"}],"replies":[{"embeddable":true,"href":"https:\/\/www.europesays.com\/fr\/wp-json\/wp\/v2\/comments?post=647466"}],"version-history":[{"count":0,"href":"https:\/\/www.europesays.com\/fr\/wp-json\/wp\/v2\/posts\/647466\/revisions"}],"wp:featuredmedia":[{"embeddable":true,"href":"https:\/\/www.europesays.com\/fr\/wp-json\/wp\/v2\/media\/647467"}],"wp:attachment":[{"href":"https:\/\/www.europesays.com\/fr\/wp-json\/wp\/v2\/media?parent=647466"}],"wp:term":[{"taxonomy":"category","embeddable":true,"href":"https:\/\/www.europesays.com\/fr\/wp-json\/wp\/v2\/categories?post=647466"},{"taxonomy":"post_tag","embeddable":true,"href":"https:\/\/www.europesays.com\/fr\/wp-json\/wp\/v2\/tags?post=647466"}],"curies":[{"name":"wp","href":"https:\/\/api.w.org\/{rel}","templated":true}]}}