{"id":647483,"date":"2026-01-07T16:52:12","date_gmt":"2026-01-07T16:52:12","guid":{"rendered":"https:\/\/www.europesays.com\/fr\/647483\/"},"modified":"2026-01-07T16:52:12","modified_gmt":"2026-01-07T16:52:12","slug":"on-en-a-ras-le-bol-cinq-salaries-de-lentreprise-de-transport-tme-a-cote-de","status":"publish","type":"post","link":"https:\/\/www.europesays.com\/fr\/647483\/","title":{"rendered":"\u00ab\u00a0On en a ras le bol\u00a0\u00bb\u00a0: cinq salari\u00e9s de l\u2019entreprise de transport TME, \u00e0 c\u00f4t\u00e9 de"},"content":{"rendered":"<p>\u00a0Nous sommes arriv\u00e9s au d\u00e9p\u00f4t \u00e0 7\u00a0h et nous avons pr\u00e9venu la direction que nous ne travaillerons pas tant que nos heures ne nous seront pas pay\u00e9es\u00a0, annonce un salari\u00e9 de l\u2019entreprise TME, \u00e0 Vern-sur-Seiche, pr\u00e8s de Rennes. Il a souhait\u00e9 conserver l\u2019anonymat. Ce mercredi 7\u00a0janvier 2026, cinq des six employ\u00e9s refusent de prendre leur poste.<\/p>\n<p><strong>Lire aussi\u00a0: <\/strong> <a href=\"https:\/\/rennes.maville.com\/actu\/actudet_-greve-des-medecins-liberaux-des-tensions-intenables-au-samu-alertent-des-representants-d-urgentistes-_54135-7133800_actu.Htm\" target=\"_self\" rel=\"noopener\">Gr\u00e8ve des m\u00e9decins lib\u00e9raux\u00a0: des tensions \u00ab\u00a0intenables\u00a0\u00bb au Samu, alertent des repr\u00e9sentants d\u2019urgentistes<\/a><\/p>\n<p>\u00ab\u00a0Tous les mois, il y a des probl\u00e8mes\u00a0\u00bb<\/p>\n<p>TME est une entreprise de transport install\u00e9e dans plusieurs r\u00e9gions de France. Les employ\u00e9s de Vern-sur-Seiche d\u00e9noncent des heures et des paniers repas non pay\u00e9s. \u00a0Tous les mois, il y a des probl\u00e8mes sur nos fiches de paie, d\u00e9taille un chauffeur livreur. Quand on a pr\u00e9sent\u00e9 nos revendications ce matin, la direction nous\u00a0a menac\u00e9s. On a donc d\u00e9cid\u00e9 de saisir le Conseil de prud\u2019hommes, l\u2019inspection du travail et de faire conna\u00eetre la situation.\u00a0<\/p>\n<p>Les gr\u00e9vistes, dont certains sont en poste depuis plusieurs ann\u00e9es, d\u00e9noncent des conditions de travail d\u00e9grad\u00e9es\u00a0: \u00a0On part avec des camions surcharg\u00e9s, on nous demande de ne pas respecter les temps l\u00e9gaux de conduite, les v\u00e9hicules ne sont pas entretenus\u2026 On en a ras le bol.\u00a0<\/p>\n<p>Le directeur national de TME, Adrien Ribeiro, n\u2019a pas souhait\u00e9 s\u2019exprimer. \u00a0Nous g\u00e9rons cette situation en interne avec les personnes concern\u00e9es\u00a0, a-t-il pr\u00e9cis\u00e9.<\/p>\n<p>\u00a0<\/p>\n","protected":false},"excerpt":{"rendered":"\u00a0Nous sommes arriv\u00e9s au d\u00e9p\u00f4t \u00e0 7\u00a0h et nous avons pr\u00e9venu la direction que nous ne travaillerons pas&hellip;\n","protected":false},"author":2,"featured_media":647484,"comment_status":"","ping_status":"","sticky":false,"template":"","format":"standard","meta":{"footnotes":""},"categories":[2821],"tags":[1111,11,59615,829,3136,257,1777,674,1011,27,6151,12,75294,584,25,7264,75295,2803],"class_list":{"0":"post-647483","1":"post","2":"type-post","3":"status-publish","4":"format-standard","5":"has-post-thumbnail","7":"category-rennes","8":"tag-actu","9":"tag-actualites","10":"tag-bol","11":"tag-bretagne","12":"tag-cote","13":"tag-entreprise","14":"tag-eu","15":"tag-europe","16":"tag-fr","17":"tag-france","18":"tag-greve","19":"tag-news","20":"tag-ras","21":"tag-rennes","22":"tag-republique-francaise","23":"tag-salaries","24":"tag-tme","25":"tag-transport"},"share_on_mastodon":{"url":"https:\/\/pubeurope.com\/@fr\/115854858302730566","error":""},"_links":{"self":[{"href":"https:\/\/www.europesays.com\/fr\/wp-json\/wp\/v2\/posts\/647483","targetHints":{"allow":["GET"]}}],"collection":[{"href":"https:\/\/www.europesays.com\/fr\/wp-json\/wp\/v2\/posts"}],"about":[{"href":"https:\/\/www.europesays.com\/fr\/wp-json\/wp\/v2\/types\/post"}],"author":[{"embeddable":true,"href":"https:\/\/www.europesays.com\/fr\/wp-json\/wp\/v2\/users\/2"}],"replies":[{"embeddable":true,"href":"https:\/\/www.europesays.com\/fr\/wp-json\/wp\/v2\/comments?post=647483"}],"version-history":[{"count":0,"href":"https:\/\/www.europesays.com\/fr\/wp-json\/wp\/v2\/posts\/647483\/revisions"}],"wp:featuredmedia":[{"embeddable":true,"href":"https:\/\/www.europesays.com\/fr\/wp-json\/wp\/v2\/media\/647484"}],"wp:attachment":[{"href":"https:\/\/www.europesays.com\/fr\/wp-json\/wp\/v2\/media?parent=647483"}],"wp:term":[{"taxonomy":"category","embeddable":true,"href":"https:\/\/www.europesays.com\/fr\/wp-json\/wp\/v2\/categories?post=647483"},{"taxonomy":"post_tag","embeddable":true,"href":"https:\/\/www.europesays.com\/fr\/wp-json\/wp\/v2\/tags?post=647483"}],"curies":[{"name":"wp","href":"https:\/\/api.w.org\/{rel}","templated":true}]}}