{"id":647485,"date":"2026-01-07T16:53:22","date_gmt":"2026-01-07T16:53:22","guid":{"rendered":"https:\/\/www.europesays.com\/fr\/647485\/"},"modified":"2026-01-07T16:53:22","modified_gmt":"2026-01-07T16:53:22","slug":"a-rennes-ces-agriculteurs-vont-manifester-en-faveur-du-sage-vilaine","status":"publish","type":"post","link":"https:\/\/www.europesays.com\/fr\/647485\/","title":{"rendered":"\u00e0 Rennes, ces agriculteurs vont manifester en faveur du Sage Vilaine"},"content":{"rendered":"<p>                    Par<br \/>\n        <strong><br \/>\n            <a href=\"https:\/\/actu.fr\/auteur\/clemence-pays02-actu-fr\" title=\"Consulter tous les articles de Cl\u00e9mence Pays\" target=\"_blank\" rel=\"noopener\">Cl\u00e9mence Pays<\/a><br \/>\n                    <\/strong><\/p>\n<p>        Publi\u00e9 le<\/p>\n<p>            7 janv. 2026 \u00e0 15h33        <\/p>\n<p>C\u2019est un \u00ab\u2009appel \u00e0 la mobilisation g\u00e9n\u00e9rale pour l\u2019eau, notre sant\u00e9 et notre d\u00e9mocratie\u2009\u00bb que lance la Conf\u00e9d\u00e9ration paysanne d\u2019Ille-et-Vilaine, en invitant les paysans et paysannes \u00e0 se rassembler \u00e0 <a href=\"https:\/\/actu.fr\/rennes\/\" target=\"_blank\" rel=\"noopener\">Rennes<\/a> <strong>samedi 10\u00a0janvier 2026, \u00e0 14h.<\/strong><\/p>\n<p class=\" wall-content\">L\u2019objectif de ce rassemblement est de demander l\u2019application du Sage Vilaine, en r\u00e9vision depuis 2022. Ce <strong>Sch\u00e9ma d\u2019am\u00e9nagement et de gestion des eaux<\/strong> fixe des objectifs et usages pour \u00ab\u2009la gestion \u00e9quilibr\u00e9e et durable de la ressource en eau, en quantit\u00e9 comme en qualit\u00e9\u2009\u00bb, indique <a href=\"https:\/\/www.eaux-et-vilaine.bzh\/le-territoire\/les-enjeux-du-bassin\/sage-vilaine\/\" target=\"_blank\" rel=\"noopener\">Eaux et Vilaine sur son site<\/a>.<\/p>\n<p>    <a href=\"https:\/\/www.facebook.com\/plugins\/post.php?href=https%3A%2F%2Fwww.facebook.com%2Fconf35%2Fposts%2Fpfbid02dR42miHpw5xygKG1gbw95mvhn7WGjNd2vSjsdfb86mcE4xT3NFpPAzRMPaMvdrX1l&amp;show_text=true&amp;width=350\" title=\"Ouvrie le lien\" target=\"_blank\" rel=\"noopener\">Cliquez ici pour visualiser le contenu<\/a><\/p>\n<p>Des syndicats qui s\u2019opposent<\/p>\n<p class=\" wall-content\">Cette initiative du syndicat agricole fait \u00e9cho \u00e0 une autre mobilisation men\u00e9e par des agriculteurs de <strong>la FDSEA, des Jeunes Agriculteurs et de la Coordination rurale,<\/strong> le jeudi 11\u00a0d\u00e9cembre 2025. <a href=\"https:\/\/actu.fr\/bretagne\/chateaubourg_35068\/manifestation-dagriculteurs-en-ille-et-vilaine-le-sage-menace-nos-fermes_63566067.html\" target=\"_blank\" rel=\"noopener\">Ces derniers s\u2019\u00e9taient rendus \u00e0 Ch\u00e2teaubourg pour faire pression aupr\u00e8s des autorit\u00e9s et emp\u00eacher la r\u00e9vision du Sage Vilaine<\/a>. La r\u00e9union de la Commission locale de l\u2019eau (Cle) avait \u00e9t\u00e9 annul\u00e9e face aux nombreux tracteurs pr\u00e9sents sur place.<\/p>\n<p class=\" wall-content\">\u00ab\u2009Nous aussi on \u00e9tait l\u00e0. Mais pour dire qu\u2019<strong>il fallait que cette r\u00e9union se tienne\u2009\u00bb<\/strong>, mart\u00e8le Charlotte Kerglonou, pr\u00e9sidente de la Conf\u00e9d\u00e9ration paysanne 35.<\/p>\n<p class=\" wall-content\">Mais visiblement, la voix de <strong>la Conf\u00e9d\u00e9ration paysanne 35 n\u2019a pas \u00e9t\u00e9 prise en compte<\/strong> par <a href=\"https:\/\/actu.fr\/bretagne\/rennes_35238\/bretagne-franck-robine-ancien-directeur-de-cabinet-de-bruno-retailleau-nomme-prefet-de-bretagne_63463018.html\" target=\"_blank\" rel=\"noopener\">Franck Robine<\/a>, puisque le pr\u00e9fet a annonc\u00e9 \u2013 devant la pr\u00e9fecture Martenot \u00e0 Rennes et aux c\u00f4t\u00e9s de C\u00e9dric Henry, pr\u00e9sident de la FDSEA 35 \u2013 qu\u2019<a href=\"https:\/\/actu.fr\/bretagne\/rennes_35238\/agriculteurs-en-colere-plusieurs-convois-de-tracteurs-arrivent-sur-la-rocade-de-rennes_63562042.html\" target=\"_blank\" rel=\"noopener\">il ne signera pas le texte du Sage Vilaine \u00ab\u2009en l\u2019\u00e9tat\u2009\u00bb<\/a>.<\/p>\n<p class=\" wall-content\">\n<blockquote class=\"ac-article-quote wall-content\">\n<p>C&rsquo;est insupportable. La d\u00e9mocratie n&rsquo;est pas respect\u00e9e puisque face au d\u00e9ploiement de force de la FDSEA, la r\u00e9union ne s&rsquo;est pas tenue.<\/p>\n<p>    <strong>Charlotte Kerglonou<\/strong><br \/>\n        Pr\u00e9sidente de la Conf\u00e9d\u00e9ration paysanne 35    <\/p><\/blockquote>\n<p>Votre r\u00e9gion, votre actu !<\/p>\n<p>Recevez chaque jour les infos qui comptent pour vous.<\/p>\n<p>\t<a href=\"https:\/\/actu.fr\/newsletter\" class=\"ac-btn ac-btn--corner ac-btn--medium ac-btn--blue800\" target=\"_blank\" rel=\"noopener\">S&rsquo;incrire<\/a><\/p>\n<p class=\" wall-content\">Au cours de cette r\u00e9union, selon Charlotte Kerglonou, la Cle devait rendre compte de \u00ab\u2009toutes les contributions\u2009\u00bb des parties prenantes, qui sont \u00ab<strong>\u2009en majorit\u00e9 en faveur de la r\u00e9vision du Sage\u2009\u00bb.<\/strong><\/p>\n<p>\u00c9viter l\u2019annulation de la prochaine r\u00e9union<\/p>\n<p class=\" wall-content\">Pour la Conf\u00e9d\u00e9ration paysanne 35, il faut adopter la r\u00e9vision du Sage, \u00ab\u2009car<strong> la qualit\u00e9 de l\u2019eau se d\u00e9grade\u2009\u00bb<\/strong> en Ille-et-Vilaine.<\/p>\n<p class=\" wall-content\">C\u2019est donc pour cette raison que le syndicat agricole sera dans les rues de Rennes, samedi 10\u00a0janvier.<\/p>\n<blockquote class=\"ac-article-quote wall-content\">\n<p>On va manifester pour dire que la prochaine r\u00e9union [sur la r\u00e9vision du Sage] doit absolument avoir lieu.<\/p>\n<p>    <strong>Charlotte Kerglonou<\/strong><br \/>\n        Pr\u00e9sidente de la Conf\u00e9d\u00e9ration paysanne 35    <\/p><\/blockquote>\n<p class=\" wall-content\">En effet, la Cle devait se r\u00e9unir <strong>jeudi 15\u00a0janvier 2026,<\/strong> en vue de signer les modifications apport\u00e9es au texte du Sage. Si la Commission locale de l\u2019eau se r\u00e9unira bien \u00e0 cette date, \u00ab\u2009les discussions ont repris sur le Sage\u2009\u00bb apr\u00e8s l\u2019intervention de la FDSEA et de la Coordination rurale 35.<\/p>\n<p class=\" wall-content\"><strong>Ce qui signifie que le texte \u00ab\u2009ne sera pas sign\u00e9 \u00e0 ce moment-l\u00e0\u2009\u00bb,<\/strong> confirme la pr\u00e9fecture interrog\u00e9e par actu Rennes.<\/p>\n<p class=\" wall-content\">De son c\u00f4t\u00e9, Charlotte Kerglonou craint une nouvelle annulation de la r\u00e9union du 15 janvier. <strong>\u00ab\u2009La FDSEA veut que rien ne change.<\/strong> Ils vont continuer \u00e0 faire pression. D\u2019autant qu\u2019apr\u00e8s, il va y avoir <a href=\"https:\/\/actu.fr\/bretagne\/rennes_35238\/municipales-2026-huit-candidats-et-candidates-se-presentent-aux-elections-a-rennes-qui-sont-ils_63594285.html\" target=\"_blank\" rel=\"noopener\">les \u00e9lections municipales<\/a>. C\u2019est purement strat\u00e9gique.\u2009\u00bb<\/p>\n<p>Plusieurs associations soutiennent ce rassemblement<\/p>\n<p class=\" wall-content\">Depuis l\u2019appel \u00e0 manifester de la Conf\u00e9d\u00e9ration paysanne, plusieurs associations et organisations ont fait part de leur <strong>soutien<\/strong> \u00e0 cette initiative.<\/p>\n<p class=\" wall-content\">C\u2019est notamment le cas de Bretagne Vivante, de Vitr\u00e9-Tuvalu, d\u2019Eau et rivi\u00e8res de Bretagne ou encore de Stop Taranis.<\/p>\n<p class=\" wall-content\">Personnalisez votre actualit\u00e9 en ajoutant vos villes et m\u00e9dias en favori avec <a href=\"https:\/\/moncompte.actu.fr\" title=\"D\u00e9couvez Mon Actu\" rel=\"nofollow noopener\" data-trk=\"{&quot;cta&quot;:{&quot;action&quot;:&quot;https:\\\/\\\/moncompte.actu.fr&quot;,&quot;category&quot;:&quot;mon compte&quot;,&quot;from&quot;:&quot;article footer&quot;,&quot;name&quot;:&quot;Mon actu&quot;,&quot;type&quot;:&quot;cta&quot;}}\" target=\"_blank\">Mon Actu<\/a>.<\/p>\n","protected":false},"excerpt":{"rendered":"Par Cl\u00e9mence Pays Publi\u00e9 le 7 janv. 2026 \u00e0 15h33 C\u2019est un \u00ab\u2009appel \u00e0 la mobilisation g\u00e9n\u00e9rale pour&hellip;\n","protected":false},"author":2,"featured_media":647486,"comment_status":"","ping_status":"","sticky":false,"template":"","format":"standard","meta":{"footnotes":""},"categories":[2821],"tags":[1111,11,327,829,34638,436,1777,674,1011,27,12,584,25,104],"class_list":{"0":"post-647485","1":"post","2":"type-post","3":"status-publish","4":"format-standard","5":"has-post-thumbnail","7":"category-rennes","8":"tag-actu","9":"tag-actualites","10":"tag-agriculture","11":"tag-bretagne","12":"tag-confederation-paysanne","13":"tag-environnement","14":"tag-eu","15":"tag-europe","16":"tag-fr","17":"tag-france","18":"tag-news","19":"tag-rennes","20":"tag-republique-francaise","21":"tag-societe"},"share_on_mastodon":{"url":"https:\/\/pubeurope.com\/@fr\/115854862201980351","error":""},"_links":{"self":[{"href":"https:\/\/www.europesays.com\/fr\/wp-json\/wp\/v2\/posts\/647485","targetHints":{"allow":["GET"]}}],"collection":[{"href":"https:\/\/www.europesays.com\/fr\/wp-json\/wp\/v2\/posts"}],"about":[{"href":"https:\/\/www.europesays.com\/fr\/wp-json\/wp\/v2\/types\/post"}],"author":[{"embeddable":true,"href":"https:\/\/www.europesays.com\/fr\/wp-json\/wp\/v2\/users\/2"}],"replies":[{"embeddable":true,"href":"https:\/\/www.europesays.com\/fr\/wp-json\/wp\/v2\/comments?post=647485"}],"version-history":[{"count":0,"href":"https:\/\/www.europesays.com\/fr\/wp-json\/wp\/v2\/posts\/647485\/revisions"}],"wp:featuredmedia":[{"embeddable":true,"href":"https:\/\/www.europesays.com\/fr\/wp-json\/wp\/v2\/media\/647486"}],"wp:attachment":[{"href":"https:\/\/www.europesays.com\/fr\/wp-json\/wp\/v2\/media?parent=647485"}],"wp:term":[{"taxonomy":"category","embeddable":true,"href":"https:\/\/www.europesays.com\/fr\/wp-json\/wp\/v2\/categories?post=647485"},{"taxonomy":"post_tag","embeddable":true,"href":"https:\/\/www.europesays.com\/fr\/wp-json\/wp\/v2\/tags?post=647485"}],"curies":[{"name":"wp","href":"https:\/\/api.w.org\/{rel}","templated":true}]}}