{"id":647497,"date":"2026-01-07T16:59:59","date_gmt":"2026-01-07T16:59:59","guid":{"rendered":"https:\/\/www.europesays.com\/fr\/647497\/"},"modified":"2026-01-07T16:59:59","modified_gmt":"2026-01-07T16:59:59","slug":"les-vols-vont-reprendre-a-laeroport","status":"publish","type":"post","link":"https:\/\/www.europesays.com\/fr\/647497\/","title":{"rendered":"les vols vont reprendre \u00e0 l\u2019a\u00e9roport"},"content":{"rendered":"<p>                    Par<br \/>\n        <strong><br \/>\n            <a href=\"https:\/\/actu.fr\/auteur\/laure-gentil\" title=\"Consulter tous les articles de Laure Gentil\" target=\"_blank\" rel=\"noopener\">Laure Gentil<\/a><br \/>\n                    <\/strong><\/p>\n<p>        Publi\u00e9 le<\/p>\n<p>            7 janv. 2026 \u00e0 9h45        <\/p>\n<p>Mardi 6\u00a0janvier 2026, tous les vols pr\u00e9vus (d\u00e9parts et arriv\u00e9es) \u00e0 Nantes ont \u00e9t\u00e9 annul\u00e9s en raison de la <b>neige et du verglas<\/b>. Mais bonne nouvelle pour les voyageurs, ce<b> mercredi 7\u00a0janvier,<\/b> le trafic a\u00e9rien \u00e0 l\u2019<b>a\u00e9roport Nantes-Atlantique<\/b> devrait reprendre.<\/p>\n<p>Quand\u2009?<\/p>\n<p class=\" wall-content\">Selon les informations donn\u00e9es par l\u2019a\u00e9roport Nantes-Atlantique sur son site, la \u00ab\u2009reprise des d\u00e9collages et atterrissages des avions\u2009\u00bb <b>se fera \u00e0 partir de midi.<\/b> \u00ab\u2009Nous vous invitons \u00e0 vous rapprocher de votre compagnie a\u00e9rienne pour toute information concernant votre vol, avant de vous d\u00e9placer \u00e0 l\u2019a\u00e9roport\u2009\u00bb, pr\u00e9cise Nantes-Atlantique.<\/p>\n<p>Les autres transports<\/p>\n<p class=\" wall-content\">Pour rappel, du c\u00f4t\u00e9 des transports en commun nantais, les bus ne circulent toujours pas mais le trafic reprend de mani\u00e8re progressive.<a href=\"https:\/\/actu.fr\/pays-de-la-loire\/nantes_44109\/neige-et-verglas-a-nantes-les-trams-circulent-les-bus-de-retour-dans-la-matinee_63661711.html\" target=\"_blank\" rel=\"noopener\"> <b>Plus d\u2019infos en cliquant ici.<\/b><\/a><\/p>\n<p class=\" wall-content\">La pr\u00e9fecture appelle\u2009les automobilistes \u00e0 la vigilance, \u00e0 limiter le plus possible les d\u00e9placements, \u00e0 r\u00e9duire la vitesse sur la route et \u00e0 augmenter les distances de s\u00e9curit\u00e9. Il est conseill\u00e9 de reporter\u00a0<b>ses d\u00e9placements apr\u00e8s 10\u2009h<\/b>. <a href=\"https:\/\/actu.fr\/pays-de-la-loire\/nantes_44109\/circulation-a-nantes-face-au-verglas-sur-les-routes-la-prefecture-appelle-a-la-vigilance_63661870.html\" target=\"_blank\" rel=\"noopener\"><b>Plus d\u2019infos en cliquant ici.<\/b><\/a><\/p>\n<p class=\" wall-content\">Personnalisez votre actualit\u00e9 en ajoutant vos villes et m\u00e9dias en favori avec <a href=\"https:\/\/moncompte.actu.fr\" title=\"D\u00e9couvez Mon Actu\" rel=\"nofollow noopener\" data-trk=\"{&quot;cta&quot;:{&quot;action&quot;:&quot;https:\\\/\\\/moncompte.actu.fr&quot;,&quot;category&quot;:&quot;mon compte&quot;,&quot;from&quot;:&quot;article footer&quot;,&quot;name&quot;:&quot;Mon actu&quot;,&quot;type&quot;:&quot;cta&quot;}}\" target=\"_blank\">Mon Actu<\/a>.<\/p>\n","protected":false},"excerpt":{"rendered":"Par Laure Gentil Publi\u00e9 le 7 janv. 2026 \u00e0 9h45 Mardi 6\u00a0janvier 2026, tous les vols pr\u00e9vus (d\u00e9parts&hellip;\n","protected":false},"author":2,"featured_media":647498,"comment_status":"","ping_status":"","sticky":false,"template":"","format":"standard","meta":{"footnotes":""},"categories":[2818],"tags":[1111,11,754,1777,674,1011,27,766,755,10584,12,2636,25,104],"class_list":{"0":"post-647497","1":"post","2":"type-post","3":"status-publish","4":"format-standard","5":"has-post-thumbnail","7":"category-nantes","8":"tag-actu","9":"tag-actualites","10":"tag-aeroport-de-nantes","11":"tag-eu","12":"tag-europe","13":"tag-fr","14":"tag-france","15":"tag-nantes","16":"tag-nantes-atlantique-aeroport","17":"tag-neige","18":"tag-news","19":"tag-pays-de-la-loire","20":"tag-republique-francaise","21":"tag-societe"},"share_on_mastodon":{"url":"https:\/\/pubeurope.com\/@fr\/115854889762195014","error":""},"_links":{"self":[{"href":"https:\/\/www.europesays.com\/fr\/wp-json\/wp\/v2\/posts\/647497","targetHints":{"allow":["GET"]}}],"collection":[{"href":"https:\/\/www.europesays.com\/fr\/wp-json\/wp\/v2\/posts"}],"about":[{"href":"https:\/\/www.europesays.com\/fr\/wp-json\/wp\/v2\/types\/post"}],"author":[{"embeddable":true,"href":"https:\/\/www.europesays.com\/fr\/wp-json\/wp\/v2\/users\/2"}],"replies":[{"embeddable":true,"href":"https:\/\/www.europesays.com\/fr\/wp-json\/wp\/v2\/comments?post=647497"}],"version-history":[{"count":0,"href":"https:\/\/www.europesays.com\/fr\/wp-json\/wp\/v2\/posts\/647497\/revisions"}],"wp:featuredmedia":[{"embeddable":true,"href":"https:\/\/www.europesays.com\/fr\/wp-json\/wp\/v2\/media\/647498"}],"wp:attachment":[{"href":"https:\/\/www.europesays.com\/fr\/wp-json\/wp\/v2\/media?parent=647497"}],"wp:term":[{"taxonomy":"category","embeddable":true,"href":"https:\/\/www.europesays.com\/fr\/wp-json\/wp\/v2\/categories?post=647497"},{"taxonomy":"post_tag","embeddable":true,"href":"https:\/\/www.europesays.com\/fr\/wp-json\/wp\/v2\/tags?post=647497"}],"curies":[{"name":"wp","href":"https:\/\/api.w.org\/{rel}","templated":true}]}}