{"id":647511,"date":"2026-01-07T17:07:12","date_gmt":"2026-01-07T17:07:12","guid":{"rendered":"https:\/\/www.europesays.com\/fr\/647511\/"},"modified":"2026-01-07T17:07:12","modified_gmt":"2026-01-07T17:07:12","slug":"une-frequentation-record-pour-le-mucem-en-2025","status":"publish","type":"post","link":"https:\/\/www.europesays.com\/fr\/647511\/","title":{"rendered":"une fr\u00e9quentation \u201crecord\u201d pour le Mucem en 2025"},"content":{"rendered":"<p>En 2025, le <a href=\"https:\/\/mucem.org\/\" target=\"_blank\" rel=\"noopener\">Mucem<\/a> (Mus\u00e9e des civilisations de l\u2019Europe et de la M\u00e9diterran\u00e9e) a accueilli\u00a01\u00a0375\u00a0147 visiteurs. Soit une augmentation de 9,1\u00a0% par rapport \u00e0 2024. Ce niveau de fr\u00e9quentation n\u2019avait plus \u00e9t\u00e9 atteint depuis 2016, comme l\u2019attestent les chiffres r\u00e9v\u00e9l\u00e9s\u00a0en\u00a0ce d\u00e9but d\u2019ann\u00e9e par le mus\u00e9e. Il avait ouvert ses portes en 2013.<\/p>\n<p>L\u2019exposition \u201cPopulaire\u00a0? \u2013 Les tr\u00e9sors des collections du Mucem\u201d a ainsi attir\u00e9 261\u00a0402 visiteurs (+13\u00a0% par rapport \u00e0 2024). Un espace au sein de l\u2019exposition a \u00e9t\u00e9 inaugur\u00e9 en mai\u00a02025, avec la pr\u00e9sentation de costumes de la c\u00e9r\u00e9monie\u00a0des Jeux Olympiques de Paris, suivie du d\u00e9voilement de la guillotine conserv\u00e9e dans les collections du mus\u00e9e, \u00e0 partir du 9\u00a0octobre, faisant \u00e9cho \u00e0 <a href=\"https:\/\/www.ledauphine.com\/societe\/2025\/10\/09\/robert-badinter-au-pantheon-depenalisation-de-l-homosexualite-et-proces-filmes-ses-autres-combats\" target=\"_blank\" rel=\"noopener\">l\u2019entr\u00e9e de Robert Badinter au Panth\u00e9on<\/a>.<\/p>\n<p>L\u2019exposition \u201cM\u00e9diterran\u00e9es \u2013 Inventions et repr\u00e9sentations\u201d a pour sa part attir\u00e9 272\u00a0829 visiteurs.<\/p>\n<p>Aussi bien que\u00a0Jeff Koons<\/p>\n<p>Gros succ\u00e8s et records pour les expositions temporaires\u00a0: \u201cLire le ciel. Sous les \u00e9toiles en M\u00e9diterran\u00e9e\u201d d\u00e9passe les 180\u00a0000 visiteurs et \u00e9gale le record de fr\u00e9quentation de l\u2019exposition monographique de 2021, consacr\u00e9e \u00e0 Jeff Koons\u00a0; \u201cEn piste\u00a0! Clowns, pitres et saltimbanques\u201d, exposition de Macha Make\u00efeff est l\u2019exposition d\u2019hiver la plus fr\u00e9quent\u00e9e depuis 10 ans avec plus de 130\u00a0000 visiteurs\u00a0; l\u2019exposition \u201cAmazighes. Cycles, parures, motifs\u201d bat les records de fr\u00e9quentation des expositions pr\u00e9sent\u00e9es au fort Saint-Jean, avec pr\u00e8s de 110\u00a0000 visiteurs.<\/p>\n<p>Concernant les expositions en cours, \u201cDon Quichotte. Histoire de fou, histoire d\u2019en rire\u201d (\u00e0 voir jusqu\u2019au lundi 30\u00a0mars 2026) a d\u00e9j\u00e0 attir\u00e9 pr\u00e8s de 44\u00a0000 visiteurs et \u201cCl\u00e9ment Cogitore. Ferdinandea, l\u2019\u00eele \u00e9ph\u00e9m\u00e8re\u201d (jusqu\u2019au 20\u00a0septembre 2026) pr\u00e8s de 7\u00a0000 visiteurs.<\/p>\n<p>Par ailleurs, l\u2019ensemble de la programmation artistique et culturelle du mus\u00e9e a accueilli plus de 130\u00a0000 participants.<\/p>\n<p>Enfin, en 2025, le site internet du Mucem a rassembl\u00e9 1,4\u00a0million de visiteurs, avec 3,6\u00a0millions de pages vues.<\/p>\n","protected":false},"excerpt":{"rendered":"En 2025, le Mucem (Mus\u00e9e des civilisations de l\u2019Europe et de la M\u00e9diterran\u00e9e) a accueilli\u00a01\u00a0375\u00a0147 visiteurs. Soit une&hellip;\n","protected":false},"author":2,"featured_media":647512,"comment_status":"","ping_status":"","sticky":false,"template":"","format":"standard","meta":{"footnotes":""},"categories":[2814],"tags":[1111,11,885,1687,3859,1777,674,2271,107,1011,27,2410,884,12,2661,882,25,4520],"class_list":{"0":"post-647511","1":"post","2":"type-post","3":"status-publish","4":"format-standard","5":"has-post-thumbnail","7":"category-marseille","8":"tag-actu","9":"tag-actualites","10":"tag-bouches-du-rhone","11":"tag-culture-loisirs","12":"tag-edition-provencale","13":"tag-eu","14":"tag-europe","15":"tag-exposition-arts-plastiques","16":"tag-fil-info","17":"tag-fr","18":"tag-france","19":"tag-livres-bd","20":"tag-marseille","21":"tag-news","22":"tag-patrimoine-culturel","23":"tag-provence-alpes-cote-dazur","24":"tag-republique-francaise","25":"tag-vaucluse"},"share_on_mastodon":{"url":"https:\/\/pubeurope.com\/@fr\/115854917369500501","error":""},"_links":{"self":[{"href":"https:\/\/www.europesays.com\/fr\/wp-json\/wp\/v2\/posts\/647511","targetHints":{"allow":["GET"]}}],"collection":[{"href":"https:\/\/www.europesays.com\/fr\/wp-json\/wp\/v2\/posts"}],"about":[{"href":"https:\/\/www.europesays.com\/fr\/wp-json\/wp\/v2\/types\/post"}],"author":[{"embeddable":true,"href":"https:\/\/www.europesays.com\/fr\/wp-json\/wp\/v2\/users\/2"}],"replies":[{"embeddable":true,"href":"https:\/\/www.europesays.com\/fr\/wp-json\/wp\/v2\/comments?post=647511"}],"version-history":[{"count":0,"href":"https:\/\/www.europesays.com\/fr\/wp-json\/wp\/v2\/posts\/647511\/revisions"}],"wp:featuredmedia":[{"embeddable":true,"href":"https:\/\/www.europesays.com\/fr\/wp-json\/wp\/v2\/media\/647512"}],"wp:attachment":[{"href":"https:\/\/www.europesays.com\/fr\/wp-json\/wp\/v2\/media?parent=647511"}],"wp:term":[{"taxonomy":"category","embeddable":true,"href":"https:\/\/www.europesays.com\/fr\/wp-json\/wp\/v2\/categories?post=647511"},{"taxonomy":"post_tag","embeddable":true,"href":"https:\/\/www.europesays.com\/fr\/wp-json\/wp\/v2\/tags?post=647511"}],"curies":[{"name":"wp","href":"https:\/\/api.w.org\/{rel}","templated":true}]}}