{"id":647513,"date":"2026-01-07T17:08:11","date_gmt":"2026-01-07T17:08:11","guid":{"rendered":"https:\/\/www.europesays.com\/fr\/647513\/"},"modified":"2026-01-07T17:08:11","modified_gmt":"2026-01-07T17:08:11","slug":"psg-om-marseille-ne-me-fait-jamais-peur-assure-marquinhos","status":"publish","type":"post","link":"https:\/\/www.europesays.com\/fr\/647513\/","title":{"rendered":"PSG-OM\u00a0: \u00ab\u00a0Marseille ne me fait jamais peur\u00a0\u00bb, assure Marquinhos"},"content":{"rendered":"<p class=\"paragraph text_align_left lp-f-body-02\">Premier titre en jeu pour<a href=\"https:\/\/www.leparisien.fr\/sports\/football\/psg\/\" target=\"_self\" rel=\"noopener\"> le PSG<\/a> en 2026\u00a0! D\u00e9j\u00e0 vainqueurs de la Supercoupe d\u2019Europe et de la Coupe Intercontinentale, les champions d\u2019Europe en titre peuvent glaner un troisi\u00e8me troph\u00e9e cette saison, avec celui des champions organis\u00e9 par la Ligue. C\u2019est ce jeudi \u00e0 19\u00a0heures en France, contre Marseille et au Kowe\u00eft. \u00c0 la veille de ce rendez-vous, Marquinhos, le capitaine des Parisiens, \u00e9tait en conf\u00e9rence de presse depuis la salle de presse du Jaber Al-Ahmad International Stadium, <a href=\"https:\/\/www.leparisien.fr\/sports\/football\/psg-om-52-000-billets-vendus-le-stade-presque-plein-a-la-veille-du-trophee-des-champions-07-01-2026-O3O6VY4BHFHX5L4TUKML56OUEE.php\" target=\"_blank\" rel=\"noreferrer noopener\">quasi plein <\/a>ce jeudi selon les organisateurs.<\/p>\n<p class=\"\"><b>La d\u00e9faite conc\u00e9d\u00e9e au V\u00e9lodrome le 22\u00a0septembre 2025 impacte-t-elle la rencontre de ce jeudi\u00a0?<\/b><\/p>\n<p class=\"\"><b>MARQUINHOS. <\/b><a href=\"https:\/\/www.leparisien.fr\/sports\/football\/ligue-1\/om-psg-1-0-trop-affaibli-paris-se-laisse-prendre-au-piege-du-velodrome-et-cede-sa-place-de-leader-22-09-2025-WEYW7GU2YBFVHMUAIXW76UCQB4.php\" target=\"_self\" rel=\"noopener\">Une d\u00e9faite ce n\u2019est jamais bien<\/a>. Cela ne passe pas vite. On a toujours la motivation contre notre rival. Un clasico, on veut toujours le gagner. On a beaucoup de victoires contre lui, mais l\u2019OM a gagn\u00e9 le dernier.. C\u2019est le moment de remettre les choses en place. Cela d\u00e9pend beaucoup de nous.<\/p>\n<p class=\"\"><b>Devenir le recordman de titres remport\u00e9s en Europe (36 actuellement avec le PSG) est-il dans un coin de votre t\u00eate\u00a0?<\/b><\/p>\n<p class=\"\">C\u2019est toujours une motivation. <a href=\"https:\/\/www.leparisien.fr\/sports\/football\/ligue-des-champions\/marquinhos-apres-son-500e-match-avec-le-psg-les-fans-sont-contents-quand-un-joueur-donne-tout-pour-ce-maillot-27-11-2025-BYC56OJZ2FCQHK2ZF6PM47R4MU.php\" target=\"_self\" rel=\"noopener\">Ce n\u2019en \u00e9tait pas une quand je suis arriv\u00e9 \u00e0 Paris<\/a>. Je prends toutes les opportunit\u00e9s. C\u2019est l\u2019objectif dans un club de la dimension du PSG. Il faut avoir toujours faim, \u00e0 chaque match. Comme demain, c\u2019est une opportunit\u00e9 de plus. Cela me donne faim.<\/p>\n<p class=\"\"><b>Marseille vous fait-il peur\u00a0?<\/b><\/p>\n<p class=\"\">Marseille ne me fait jamais peur. On respecte beaucoup l\u2019adversaire, quel qu\u2019il soit. On n\u2019a jamais peur de nos adversaires. M\u00eame contre le dernier du championnat, on se doit d\u2019avoir la m\u00eame motivation. Dans une finale, un match sec, tout peut se passer. On doit d\u2019abord respecter notre philosophie de jeu, en faisant ce qu\u2019il faut pour le gagner.<\/p>\n<p>\u00ab\u00a0On a envie de rentrer avec le Troph\u00e9e \u00e0 Paris\u00a0\u00bb<\/p>\n<p class=\"\"><b>Roberto De Zerbi parle de f\u00e9rocit\u00e9. Vous attendez-vous \u00e0 un combat\u00a0?<\/b><\/p>\n<p class=\"\">C\u2019\u00e9tait d\u00e9j\u00e0 le cas lors du dernier match, avec beaucoup d\u2019engagement. On attend \u00e7a et on est pr\u00eats pour cela. On sait comment sera ce duel. On conna\u00eet leur philosophie. L\u2019OM va vouloir commencer fort.<\/p>\n<p class=\"\"><b>Loin de Paris, ce Troph\u00e9e des champions a-t-il le m\u00eame go\u00fbt\u00a0?<\/b><\/p>\n<p class=\"\">On a vu beaucoup de supporters du PSG \u00e0 la sortie de notre h\u00f4tel. Le stade sera plein. C\u2019est une opportunit\u00e9 de montrer les \u00e9quipes de Ligue\u00a01. On a jou\u00e9 partout dans le monde, comme en Asie. Ce match a toujours une saveur sp\u00e9ciale. On a envie de rentrer avec le Troph\u00e9e \u00e0 Paris.<\/p>\n<p class=\"\"><b>Que change votre exp\u00e9rience\u00a0?<\/b><\/p>\n<p class=\"\">Quand on perd ou qu\u2019on gagne un titre, ce n\u2019est pas le m\u00eame sentiment. Notre \u00e9quipe est jeune mais poss\u00e8de d\u00e9j\u00e0 de l\u2019exp\u00e9rience.<\/p>\n<p class=\"\"><b>Quel est le meilleur et pire souvenir d\u2019un clasico\u00a0?<\/b><\/p>\n<p class=\"\">Le pire, ce sont les d\u00e9faites. Le meilleur, c\u2019est le Troph\u00e9e des champions gagn\u00e9s \u00e0 Lens en 2021. J\u2019ai marqu\u00e9 des buts contre les Marseillais, chez eux, \u00e9galement. C\u2019est une belle \u00e9motion.<\/p>\n","protected":false},"excerpt":{"rendered":"Premier titre en jeu pour le PSG en 2026\u00a0! D\u00e9j\u00e0 vainqueurs de la Supercoupe d\u2019Europe et de la&hellip;\n","protected":false},"author":2,"featured_media":647514,"comment_status":"","ping_status":"","sticky":false,"template":"","format":"standard","meta":{"footnotes":""},"categories":[2814],"tags":[1111,11,1777,674,63,1011,27,884,12,882,93,25,60],"class_list":{"0":"post-647513","1":"post","2":"type-post","3":"status-publish","4":"format-standard","5":"has-post-thumbnail","7":"category-marseille","8":"tag-actu","9":"tag-actualites","10":"tag-eu","11":"tag-europe","12":"tag-football","13":"tag-fr","14":"tag-france","15":"tag-marseille","16":"tag-news","17":"tag-provence-alpes-cote-dazur","18":"tag-psg","19":"tag-republique-francaise","20":"tag-sports"},"share_on_mastodon":{"url":"https:\/\/pubeurope.com\/@fr\/115854921178075142","error":""},"_links":{"self":[{"href":"https:\/\/www.europesays.com\/fr\/wp-json\/wp\/v2\/posts\/647513","targetHints":{"allow":["GET"]}}],"collection":[{"href":"https:\/\/www.europesays.com\/fr\/wp-json\/wp\/v2\/posts"}],"about":[{"href":"https:\/\/www.europesays.com\/fr\/wp-json\/wp\/v2\/types\/post"}],"author":[{"embeddable":true,"href":"https:\/\/www.europesays.com\/fr\/wp-json\/wp\/v2\/users\/2"}],"replies":[{"embeddable":true,"href":"https:\/\/www.europesays.com\/fr\/wp-json\/wp\/v2\/comments?post=647513"}],"version-history":[{"count":0,"href":"https:\/\/www.europesays.com\/fr\/wp-json\/wp\/v2\/posts\/647513\/revisions"}],"wp:featuredmedia":[{"embeddable":true,"href":"https:\/\/www.europesays.com\/fr\/wp-json\/wp\/v2\/media\/647514"}],"wp:attachment":[{"href":"https:\/\/www.europesays.com\/fr\/wp-json\/wp\/v2\/media?parent=647513"}],"wp:term":[{"taxonomy":"category","embeddable":true,"href":"https:\/\/www.europesays.com\/fr\/wp-json\/wp\/v2\/categories?post=647513"},{"taxonomy":"post_tag","embeddable":true,"href":"https:\/\/www.europesays.com\/fr\/wp-json\/wp\/v2\/tags?post=647513"}],"curies":[{"name":"wp","href":"https:\/\/api.w.org\/{rel}","templated":true}]}}