{"id":647515,"date":"2026-01-07T17:09:09","date_gmt":"2026-01-07T17:09:09","guid":{"rendered":"https:\/\/www.europesays.com\/fr\/647515\/"},"modified":"2026-01-07T17:09:09","modified_gmt":"2026-01-07T17:09:09","slug":"cette-celebre-marque-de-vetements-ferme-sa-derniere-boutique-a-lyon","status":"publish","type":"post","link":"https:\/\/www.europesays.com\/fr\/647515\/","title":{"rendered":"Cette c\u00e9l\u00e8bre marque de v\u00eatements ferme sa derni\u00e8re boutique \u00e0 Lyon"},"content":{"rendered":"<p>                    Par<br \/>\n        <strong><br \/>\n            <a href=\"https:\/\/actu.fr\/auteur\/ludivine-caporal\" title=\"Consulter tous les articles de Ludivine Caporal\" target=\"_blank\" rel=\"noopener\">Ludivine Caporal<\/a><br \/>\n                    <\/strong><\/p>\n<p>        Publi\u00e9 le<\/p>\n<p>            7 janv. 2026 \u00e0 14h22        <\/p>\n<p><strong>INFO ACTU LYON.<\/strong> La liquidation judiciaire a \u00e9t\u00e9 prononc\u00e9e pendant les vacances de No\u00ebl.<\/p>\n<p class=\" wall-content\">La soci\u00e9t\u00e9 4 PANTHERS LYON SAS, qui poss\u00e9dait en filiale le magasin de v\u00eatements G-Star Raw de la rue de Brest \u00e0 <a href=\"https:\/\/actu.fr\/auvergne-rhone-alpes\/lyon_69123\" target=\"_blank\" rel=\"noopener\">Lyon<\/a>, va cesser son activit\u00e9 <strong>le 1er mars 2026<\/strong>. La derni\u00e8re boutique lyonnaise de la marque internationale, notamment connue pour ses jeans, va donc fermer ses portes d\u2019ici deux mois.<\/p>\n<p>Des finances non publiques<\/p>\n<p class=\" wall-content\">L\u2019arr\u00eat de son magasin en centre-ville signe ainsi d\u00e9finitivement son d\u00e9part de Lyon, dont les raisons n\u2019ont pas \u00e9t\u00e9 clairement \u00e9voqu\u00e9es par les employ\u00e9s, interrog\u00e9s par notre r\u00e9daction en l\u2019absence du patron.<\/p>\n<p>    <a href=\"https:\/\/www.google.com\/maps\/embed?pb=!1m18!1m12!1m3!1d11133.573387600425!2d4.815700687158203!3d45.76330670000001!2m3!1f0!2f0!3f0!3m2!1i1024!2i768!4f13.1!3m3!1m2!1s0x47f4eb6a93856759%3A0x849fcbdcc28c18e!2sG-STAR%20RAW%20Store%20-%20Lyon%20Rue%20de%20Brest!5e0!3m2!1sfr!2sfr!4v1767791660459!5m2!1sfr!2sfr\" title=\"Ouvrie le lien\" target=\"_blank\" rel=\"noopener\">Cliquez ici pour visualiser le contenu<\/a><\/p>\n<p class=\" wall-content\">Perte de chiffre d\u2019affaires global ou <a href=\"https:\/\/actu.fr\/auvergne-rhone-alpes\/lyon_69123\/lyon-on-ne-sait-plus-comment-travailler-le-commerce-fortement-deregle-en-presqu-ile_63593511.html\" target=\"_blank\" rel=\"noopener\">perte de client\u00e8le li\u00e9e \u00e0 la Presqu\u2019\u00eele<\/a> ? Difficile de savoir, d\u2019autant que les finances de la soci\u00e9t\u00e9 n\u2019ont pas \u00e9t\u00e9 rendues publiques sur Internet.<\/p>\n<p>De bons chiffres au niveau national<\/p>\n<p class=\" wall-content\">L\u2019enseigne avait par ailleurs d\u00e9j\u00e0 baiss\u00e9 le rideau au centre commercial de <a href=\"https:\/\/actu.fr\/tag\/confluence\" target=\"_blank\" rel=\"noopener\">Confluence<\/a> en 2025. Pourtant, G-Star Raw semble plut\u00f4t bien tenir le coup en France, \u00e0 en croire les b\u00e9n\u00e9fices positifs qu\u2019elle r\u00e9alise ses derni\u00e8res ann\u00e9es\u2026<\/p>\n<p class=\" wall-content\">En tout cas, le magasin de la rue de Brest, lui, accueillera <strong>bient\u00f4t une nouvelle enseigne<\/strong> qui ouvrira sous la direction du m\u00eame patron apr\u00e8s le grand d\u00e9stockage de G-Star Raw. Sans doute une nouvelle filiale de pr\u00eat-\u00e0-porter.<\/p>\n<p class=\" wall-content\">Personnalisez votre actualit\u00e9 en ajoutant vos villes et m\u00e9dias en favori avec <a href=\"https:\/\/moncompte.actu.fr\" title=\"D\u00e9couvez Mon Actu\" rel=\"nofollow noopener\" data-trk=\"{&quot;cta&quot;:{&quot;action&quot;:&quot;https:\\\/\\\/moncompte.actu.fr&quot;,&quot;category&quot;:&quot;mon compte&quot;,&quot;from&quot;:&quot;article footer&quot;,&quot;name&quot;:&quot;Mon actu&quot;,&quot;type&quot;:&quot;cta&quot;}}\" target=\"_blank\">Mon Actu<\/a>.<\/p>\n","protected":false},"excerpt":{"rendered":"Par Ludivine Caporal Publi\u00e9 le 7 janv. 2026 \u00e0 14h22 INFO ACTU LYON. La liquidation judiciaire a \u00e9t\u00e9&hellip;\n","protected":false},"author":2,"featured_media":647516,"comment_status":"","ping_status":"","sticky":false,"template":"","format":"standard","meta":{"footnotes":""},"categories":[1889],"tags":[1111,11,2430,215,33,1777,674,1011,27,2428,12,2809,25],"class_list":{"0":"post-647515","1":"post","2":"type-post","3":"status-publish","4":"format-standard","5":"has-post-thumbnail","7":"category-lyon","8":"tag-actu","9":"tag-actualites","10":"tag-auvergne-rhone-alpes","11":"tag-commerce","12":"tag-economie","13":"tag-eu","14":"tag-europe","15":"tag-fr","16":"tag-france","17":"tag-lyon","18":"tag-news","19":"tag-presquile","20":"tag-republique-francaise"},"share_on_mastodon":{"url":"https:\/\/pubeurope.com\/@fr\/115854925166925220","error":""},"_links":{"self":[{"href":"https:\/\/www.europesays.com\/fr\/wp-json\/wp\/v2\/posts\/647515","targetHints":{"allow":["GET"]}}],"collection":[{"href":"https:\/\/www.europesays.com\/fr\/wp-json\/wp\/v2\/posts"}],"about":[{"href":"https:\/\/www.europesays.com\/fr\/wp-json\/wp\/v2\/types\/post"}],"author":[{"embeddable":true,"href":"https:\/\/www.europesays.com\/fr\/wp-json\/wp\/v2\/users\/2"}],"replies":[{"embeddable":true,"href":"https:\/\/www.europesays.com\/fr\/wp-json\/wp\/v2\/comments?post=647515"}],"version-history":[{"count":0,"href":"https:\/\/www.europesays.com\/fr\/wp-json\/wp\/v2\/posts\/647515\/revisions"}],"wp:featuredmedia":[{"embeddable":true,"href":"https:\/\/www.europesays.com\/fr\/wp-json\/wp\/v2\/media\/647516"}],"wp:attachment":[{"href":"https:\/\/www.europesays.com\/fr\/wp-json\/wp\/v2\/media?parent=647515"}],"wp:term":[{"taxonomy":"category","embeddable":true,"href":"https:\/\/www.europesays.com\/fr\/wp-json\/wp\/v2\/categories?post=647515"},{"taxonomy":"post_tag","embeddable":true,"href":"https:\/\/www.europesays.com\/fr\/wp-json\/wp\/v2\/tags?post=647515"}],"curies":[{"name":"wp","href":"https:\/\/api.w.org\/{rel}","templated":true}]}}