{"id":647517,"date":"2026-01-07T17:10:16","date_gmt":"2026-01-07T17:10:16","guid":{"rendered":"https:\/\/www.europesays.com\/fr\/647517\/"},"modified":"2026-01-07T17:10:16","modified_gmt":"2026-01-07T17:10:16","slug":"jean-michel-aulas-promet-la-fin-de-limmigration-illegale-toleree-a-lyon","status":"publish","type":"post","link":"https:\/\/www.europesays.com\/fr\/647517\/","title":{"rendered":"Jean-Michel Aulas promet la fin de \u00ab\u00a0l&rsquo;immigration ill\u00e9gale tol\u00e9r\u00e9e\u00a0\u00bb \u00e0 Lyon"},"content":{"rendered":"<p>                    Par<br \/>\n        <strong><br \/>\n            <a href=\"https:\/\/actu.fr\/auteur\/nicolas-zaugra\" title=\"Consulter tous les articles de Nicolas Zaugra\" target=\"_blank\" rel=\"noopener\">Nicolas Zaugra<\/a><br \/>\n                    <\/strong><\/p>\n<p>        Publi\u00e9 le<\/p>\n<p>            7 janv. 2026 \u00e0 16h47<br \/>\n        ; mis \u00e0 jour le 7 janv. 2026 \u00e0 16h56    <\/p>\n<p>Ce n\u2019est pas le sujet sur lequel on attendait <a href=\"https:\/\/actu.fr\/auvergne-rhone-alpes\/saint-fons_69199\/lyon-mega-tunnel-d-aulas-le-maire-de-cette-commune-sacrifiee-se-rebelle-contre-le-projet_63656164.html\" target=\"_blank\" rel=\"noopener\">Jean-Michel Aulas<\/a> mais le candidat \u00ab\u00a0sans \u00e9tiquette\u00a0\u00bb \u00e0 la mairie de <a href=\"https:\/\/actu.fr\/auvergne-rhone-alpes\/lyon_69123\" target=\"_blank\" rel=\"noopener\">Lyon<\/a> soutenu par LR et les macronistes s\u2019engouffre sur le sujet br\u00fblant de l\u2019immigration. Dans une <a href=\"https:\/\/actu.fr\/auvergne-rhone-alpes\/lyon_69123\/municipales-a-lyon-la-cantine-et-le-periscolaire-gratuits-pour-tous-la-mesure-choc-d-aulas_63663259.html\" target=\"_blank\" rel=\"noopener\">interview accord\u00e9e \u00e0 Tribune de Lyon<\/a> et dans des annonces transmises par son \u00e9quipe \u00e0 actu Lyon, le candidat promet d\u2019ici fin 2026 la fin de \u00ab\u00a0l\u2019immigration ill\u00e9gale tol\u00e9r\u00e9e\u00a0\u00bb.<\/p>\n<p class=\" wall-content\">\u00ab\u00a0Au 31 d\u00e9cembre 2026, il n\u2019y aura plus d\u2019immigration ill\u00e9gale tol\u00e9r\u00e9e \u00e0 Lyon, par une action coordonn\u00e9e avec l\u2019\u00c9tat, l\u2019ex\u00e9cution effective des d\u00e9cisions de justice, la fin des squats illicites et le renforcement massif de la s\u00e9curit\u00e9\u00a0\u00bb, assure l\u2019ancien patron de l\u2019OL dans cet entretien.<\/p>\n<blockquote class=\"ac-article-quote wall-content\">\n<p>D\u00e8s son \u00e9lection, Jean-Michel Aulas annoncera l\u2019objectif : plus d\u2019immigration ill\u00e9gale tol\u00e9r\u00e9e \u00e0 Lyon. <\/p>\n<p>    <strong>Equipe de \u00ab\u00a0JMA\u00a0\u00bb<\/strong>\n            <\/p><\/blockquote>\n<p>Stop \u00e0 l\u2019immigration ill\u00e9gale, selon le candidat<\/p>\n<p class=\" wall-content\">Concr\u00e8tement, il promet \u00ab\u00a0des Assises de l\u2019accueil, de la s\u00e9curit\u00e9 et de l\u2019immigration, avec, autour de la m\u00eame table, l\u2019\u00c9tat, la Ville, la M\u00e9tropole, les associations, les acteurs sociaux et les forces de s\u00e9curit\u00e9\u00a0\u00bb.<\/p>\n<p class=\" wall-content\">Dans l\u2019\u00e9quipe de \u00ab\u00a0JMA\u00a0\u00bb, on estime que <a href=\"https:\/\/actu.fr\/auvergne-rhone-alpes\/lyon_69123\/municipales-2026-a-lyon-gregory-doucet-promet-de-nouvelles-grandes-infrastructures_63662002.html\" target=\"_blank\" rel=\"noopener\">Gr\u00e9gory Doucet<\/a> et sa majorit\u00e9 ont \u00ab\u00a0appliqu\u00e9 sans limite ni cadre le principe de ville accueillante\u00a0\u00bb, entra\u00eenant une gestion anarchique des arriv\u00e9es de personnes migrantes.<\/p>\n<p>La fin des squats dans Lyon<\/p>\n<p class=\" wall-content\">Jean-Michel Aulas regrette une \u00ab\u00a0multiplication des squats, une pr\u00e9sence accrue de publics en errance dans l\u2019espace public et dans les transports, une mont\u00e9e de la mendicit\u00e9 agressive et une d\u00e9gradation du sentiment de s\u00e9curit\u00e9\u00a0\u00bb.<\/p>\n<p class=\" wall-content\">Le candidat promet \u00ab\u00a0sur la base de la cartographie fournie par la Pr\u00e9fecture, un plan d\u2019\u00e9vacuation progressive mais ferme des squats\u00a0\u00bb install\u00e9s dans Lyon. \u00ab\u00a0La pr\u00e9fecture estime qu\u2019environ 650 personnes vivent actuellement dans des squats install\u00e9s sur des terrains relevant de la M\u00e9tropole. Plusieurs d\u00e9cisions d\u2019expulsion n\u2019ont pas \u00e9t\u00e9 ex\u00e9cut\u00e9es\u00a0\u00bb, regrette l\u2019\u00e9quipe du candidat \u00ab\u00a0C\u0153ur lyonnais\u00a0\u00bb.<\/p>\n<p>Votre r\u00e9gion, votre actu !<\/p>\n<p>Recevez chaque jour les infos qui comptent pour vous.<\/p>\n<p>\t<a href=\"https:\/\/actu.fr\/newsletter\" class=\"ac-btn ac-btn--corner ac-btn--medium ac-btn--blue800\" target=\"_blank\" rel=\"noopener\">S&rsquo;incrire<\/a><\/p>\n<p class=\" wall-content\">Sur ce sujet, il annonce une \u00ab\u00a0\u00e9vacuation syst\u00e9matique des squats illicites\u00a0\u00bb, une \u00ab\u00a0mise \u00e0 l\u2019abri dans des structures adapt\u00e9es relevant de l\u2019\u00c9tat\u00a0\u00bb, une \u00ab\u00a0clarification des responsabilit\u00e9s entre collectivit\u00e9s\u00a0\u00bb, \u00ab\u00a0l\u2019ex\u00e9cution effective des d\u00e9cisions de justice et articulation \u00e9troite avec les dispositifs de r\u00e9tention et d\u2019\u00e9loignement existants.\u00a0\u00bb<\/p>\n<p class=\" wall-content\">Interrog\u00e9 sur un lien entre immigration et ins\u00e9curit\u00e9, il r\u00e9pond : \u00ab\u00a0Refuser de regarder certaines r\u00e9alit\u00e9s, par crainte d\u2019\u00eatre caricatur\u00e9, c\u2019est laisser le terrain aux extr\u00eames. \u00c0 l\u2019inverse, poser des r\u00e8gles claires, appliquer le droit et prot\u00e9ger les habitants, c\u2019est une position profond\u00e9ment r\u00e9publicaine.\u00a0\u00bb<\/p>\n<p>\u00ab\u00a0Rien ne va dans les propos d\u2019Aulas\u00a0\u00bb<\/p>\n<p class=\" wall-content\">L\u2019affirmation d\u2019Aulas qui consid\u00e8re que Lyon est \u00ab\u00a0complice des fili\u00e8res clandestines et des passeurs de l\u2019immigration ill\u00e9gale\u00a0\u00bb est selon la d\u00e9put\u00e9e \u00e9cologiste Marie-Charlotte Garin \u00ab\u00a0une insulte \u00e0 notre ville\u00a0\u00bb.<\/p>\n<p class=\" wall-content\">Pour la d\u00e9put\u00e9e soutien du maire Gr\u00e9gory Doucet, son adversaire \u00ab\u00a0entretient un amalgame dangereux entre ins\u00e9curit\u00e9 et personnes \u00e0 la rue\u00a0\u00bb. Pour elle, c\u2019est \u00ab\u00a0le refus des macronistes et de la droite de mettre les moyens n\u00e9cessaires qui pousse les citoyens \u00e0 trouver des solutions temporaires d\u2019h\u00e9bergement, comme les \u00e9coles et les squats.\u00a0\u00bb<\/p>\n<p class=\" wall-content\">\n<p>Aller sur le terrain de la droite et du RN<\/p>\n<p class=\" wall-content\">Ces nouvelles propositions permettent \u00e0 Jean-Michel Aulas de parler aux \u00e9lecteurs de droite et m\u00eame du RN. Dans un dernier sondage, le candidat UDR-RN est mesur\u00e9 \u00e0 10% d\u2019intentions de vote et pourrait se qualifier au second tour. Le candidat C\u0153ur lyonnais pr\u00e9f\u00e9rerait un duel avec le maire \u00e9cologiste Gr\u00e9gory Doucet et capter un report de voix favorable des \u00e9lecteurs d\u2019extr\u00eame droite.\u00a0<\/p>\n<p class=\" wall-content\">Mais l\u2019\u00e9lectorat de gauche ne se d\u00e9sint\u00e9resse pas pour autant du sujet migratoire. Un <a href=\"https:\/\/www.europe1.fr\/societe\/sondage-79-des-francais-estiment-que-la-france-doit-durcir-sa-politique-dimmigration-774236\" target=\"_blank\" rel=\"noopener\">sondage de septembre<\/a> dernier montre que les Fran\u00e7ais de gauche ne sont pas forc\u00e9ment massivement pour une politique migratoire \u00ab\u00a0laxiste\u00a0\u00bb. Ceux proches des \u00e9cologistes sont 45% \u00e0 penser qu\u2019il y a \u00ab\u00a0un manque de s\u00e9v\u00e9rit\u00e9 dans la politique d\u2019immigration fran\u00e7aise\u00a0\u00bb, les socialistes 52% et les Insoumis 64%.<\/p>\n<p class=\" wall-content\">Personnalisez votre actualit\u00e9 en ajoutant vos villes et m\u00e9dias en favori avec <a href=\"https:\/\/moncompte.actu.fr\" title=\"D\u00e9couvez Mon Actu\" rel=\"nofollow noopener\" data-trk=\"{&quot;cta&quot;:{&quot;action&quot;:&quot;https:\\\/\\\/moncompte.actu.fr&quot;,&quot;category&quot;:&quot;mon compte&quot;,&quot;from&quot;:&quot;article footer&quot;,&quot;name&quot;:&quot;Mon actu&quot;,&quot;type&quot;:&quot;cta&quot;}}\" target=\"_blank\">Mon Actu<\/a>.<\/p>\n","protected":false},"excerpt":{"rendered":"Par Nicolas Zaugra Publi\u00e9 le 7 janv. 2026 \u00e0 16h47 ; mis \u00e0 jour le 7 janv. 2026&hellip;\n","protected":false},"author":2,"featured_media":647518,"comment_status":"","ping_status":"","sticky":false,"template":"","format":"standard","meta":{"footnotes":""},"categories":[1889],"tags":[1111,11,2430,4188,1777,674,1011,27,1061,5227,2428,3434,12,316,25],"class_list":{"0":"post-647517","1":"post","2":"type-post","3":"status-publish","4":"format-standard","5":"has-post-thumbnail","7":"category-lyon","8":"tag-actu","9":"tag-actualites","10":"tag-auvergne-rhone-alpes","11":"tag-elections-municipales","12":"tag-eu","13":"tag-europe","14":"tag-fr","15":"tag-france","16":"tag-immigration","17":"tag-jean-michel-aulas","18":"tag-lyon","19":"tag-municipales-2026","20":"tag-news","21":"tag-politique","22":"tag-republique-francaise"},"share_on_mastodon":{"url":"https:\/\/pubeurope.com\/@fr\/115854929024455672","error":""},"_links":{"self":[{"href":"https:\/\/www.europesays.com\/fr\/wp-json\/wp\/v2\/posts\/647517","targetHints":{"allow":["GET"]}}],"collection":[{"href":"https:\/\/www.europesays.com\/fr\/wp-json\/wp\/v2\/posts"}],"about":[{"href":"https:\/\/www.europesays.com\/fr\/wp-json\/wp\/v2\/types\/post"}],"author":[{"embeddable":true,"href":"https:\/\/www.europesays.com\/fr\/wp-json\/wp\/v2\/users\/2"}],"replies":[{"embeddable":true,"href":"https:\/\/www.europesays.com\/fr\/wp-json\/wp\/v2\/comments?post=647517"}],"version-history":[{"count":0,"href":"https:\/\/www.europesays.com\/fr\/wp-json\/wp\/v2\/posts\/647517\/revisions"}],"wp:featuredmedia":[{"embeddable":true,"href":"https:\/\/www.europesays.com\/fr\/wp-json\/wp\/v2\/media\/647518"}],"wp:attachment":[{"href":"https:\/\/www.europesays.com\/fr\/wp-json\/wp\/v2\/media?parent=647517"}],"wp:term":[{"taxonomy":"category","embeddable":true,"href":"https:\/\/www.europesays.com\/fr\/wp-json\/wp\/v2\/categories?post=647517"},{"taxonomy":"post_tag","embeddable":true,"href":"https:\/\/www.europesays.com\/fr\/wp-json\/wp\/v2\/tags?post=647517"}],"curies":[{"name":"wp","href":"https:\/\/api.w.org\/{rel}","templated":true}]}}