{"id":647519,"date":"2026-01-07T17:12:10","date_gmt":"2026-01-07T17:12:10","guid":{"rendered":"https:\/\/www.europesays.com\/fr\/647519\/"},"modified":"2026-01-07T17:12:10","modified_gmt":"2026-01-07T17:12:10","slug":"meteo-la-tempete-goretti-sapprete-a-frapper-paris-et-lile-de-france-a-quoi-sattendre","status":"publish","type":"post","link":"https:\/\/www.europesays.com\/fr\/647519\/","title":{"rendered":"M\u00e9t\u00e9o. La temp\u00eate Goretti s&rsquo;appr\u00eate \u00e0 frapper Paris et l&rsquo;\u00cele-de-France : \u00e0 quoi s&rsquo;attendre\u00a0?"},"content":{"rendered":"<p>                    Par<br \/>\n        <strong><br \/>\n            <a href=\"https:\/\/actu.fr\/auteur\/redaction-paris\" title=\"Consulter tous les articles de R\u00e9daction Paris\" target=\"_blank\" rel=\"noopener\">R\u00e9daction Paris<\/a><br \/>\n                    <\/strong><\/p>\n<p>        Publi\u00e9 le<\/p>\n<p>            7 janv. 2026 \u00e0 16h24        <\/p>\n<p>La vigilance orange a \u00e0 peine \u00e9t\u00e9 lev\u00e9e que <a href=\"https:\/\/actu.fr\/tag\/meteo-france\" target=\"_blank\" rel=\"noopener\">M\u00e9t\u00e9o-France<\/a> alerte d\u00e9j\u00e0 sur le prochain ph\u00e9nom\u00e8ne m\u00e9t\u00e9orologique\u2009: la <strong>temp\u00eate Goretti<\/strong>. Venue de l\u2019oc\u00e9an Atlantique, elle touchera la Bretagne demain, jeudi 8\u00a0janvier 2026, dans l\u2019apr\u00e8s-midi, avant de souffler sur Paris et l\u2019\u00cele-de-France dans la soir\u00e9e.<\/p>\n<p>Du vent et de la pluie<\/p>\n<p class=\" wall-content\">Selon les pr\u00e9dictions de M\u00e9t\u00e9o-France, le vent se l\u00e8vera dans la soir\u00e9e de jeudi 8\u00a0janvier 2026. La journ\u00e9e sera humide\u2009: les temp\u00e9ratures seront \u00e0 nouveau positives et la neige de ces derniers jours se transformera en pluie. Il fera entre <strong>6\u00a0\u00b0C<\/strong> et <strong>10\u00a0\u00b0C<\/strong>.<\/p>\n<p class=\" wall-content\">Le lendemain, vendredi 9\u00a0janvier 2026, les rafales atteindront \u00ab\u200985\u00a0km\/h, en premi\u00e8re partie de journ\u00e9e\u2009\u00bb et 75\u00a0km\/h dans l\u2019apr\u00e8s-midi. Le ciel sera nuageux et les temp\u00e9ratures oscilleront entre <strong>6\u00b0C<\/strong> et <strong>7\u00b0C<\/strong>.<\/p>\n<p class=\" wall-content\">Une m\u00e9t\u00e9o qui devrait permettre aux flocons tomb\u00e9s ce mercredi 7\u00a0janvier 2026 de fondre peu \u00e0 peu. Cette semaine a \u00e9t\u00e9 marqu\u00e9e par <strong>deux \u00e9pisodes de neige<\/strong> qui ont <a href=\"https:\/\/actu.fr\/meteo\/carte-alerte-neige-a-paris-et-en-ile-de-france-des-accidents-et-plus-de-500-km-de-bouchons-sur-les-routes_63661747.html\" target=\"_blank\" rel=\"noopener\">perturb\u00e9 la circulation<\/a> dans les transports et sur les routes.<\/p>\n<p class=\" wall-content\">Personnalisez votre actualit\u00e9 en ajoutant vos villes et m\u00e9dias en favori avec <a href=\"https:\/\/moncompte.actu.fr\" title=\"D\u00e9couvez Mon Actu\" rel=\"nofollow noopener\" data-trk=\"{&quot;cta&quot;:{&quot;action&quot;:&quot;https:\\\/\\\/moncompte.actu.fr&quot;,&quot;category&quot;:&quot;mon compte&quot;,&quot;from&quot;:&quot;article footer&quot;,&quot;name&quot;:&quot;Mon actu&quot;,&quot;type&quot;:&quot;cta&quot;}}\" target=\"_blank\">Mon Actu<\/a>.<\/p>\n","protected":false},"excerpt":{"rendered":"Par R\u00e9daction Paris Publi\u00e9 le 7 janv. 2026 \u00e0 16h24 La vigilance orange a \u00e0 peine \u00e9t\u00e9 lev\u00e9e&hellip;\n","protected":false},"author":2,"featured_media":647520,"comment_status":"","ping_status":"","sticky":false,"template":"","format":"standard","meta":{"footnotes":""},"categories":[1592],"tags":[1111,11,1777,674,1011,27,662,2487,2357,12,626,25,75296],"class_list":{"0":"post-647519","1":"post","2":"type-post","3":"status-publish","4":"format-standard","5":"has-post-thumbnail","7":"category-ile-de-france","8":"tag-actu","9":"tag-actualites","10":"tag-eu","11":"tag-europe","12":"tag-fr","13":"tag-france","14":"tag-ile-de-france","15":"tag-meteo","16":"tag-meteo-france","17":"tag-news","18":"tag-paris","19":"tag-republique-francaise","20":"tag-tempete-goretti"},"share_on_mastodon":{"url":"https:\/\/pubeurope.com\/@fr\/115854936877531838","error":""},"_links":{"self":[{"href":"https:\/\/www.europesays.com\/fr\/wp-json\/wp\/v2\/posts\/647519","targetHints":{"allow":["GET"]}}],"collection":[{"href":"https:\/\/www.europesays.com\/fr\/wp-json\/wp\/v2\/posts"}],"about":[{"href":"https:\/\/www.europesays.com\/fr\/wp-json\/wp\/v2\/types\/post"}],"author":[{"embeddable":true,"href":"https:\/\/www.europesays.com\/fr\/wp-json\/wp\/v2\/users\/2"}],"replies":[{"embeddable":true,"href":"https:\/\/www.europesays.com\/fr\/wp-json\/wp\/v2\/comments?post=647519"}],"version-history":[{"count":0,"href":"https:\/\/www.europesays.com\/fr\/wp-json\/wp\/v2\/posts\/647519\/revisions"}],"wp:featuredmedia":[{"embeddable":true,"href":"https:\/\/www.europesays.com\/fr\/wp-json\/wp\/v2\/media\/647520"}],"wp:attachment":[{"href":"https:\/\/www.europesays.com\/fr\/wp-json\/wp\/v2\/media?parent=647519"}],"wp:term":[{"taxonomy":"category","embeddable":true,"href":"https:\/\/www.europesays.com\/fr\/wp-json\/wp\/v2\/categories?post=647519"},{"taxonomy":"post_tag","embeddable":true,"href":"https:\/\/www.europesays.com\/fr\/wp-json\/wp\/v2\/tags?post=647519"}],"curies":[{"name":"wp","href":"https:\/\/api.w.org\/{rel}","templated":true}]}}