{"id":647523,"date":"2026-01-07T17:14:12","date_gmt":"2026-01-07T17:14:12","guid":{"rendered":"https:\/\/www.europesays.com\/fr\/647523\/"},"modified":"2026-01-07T17:14:12","modified_gmt":"2026-01-07T17:14:12","slug":"%f0%9f%97%9e%ef%b8%8fnews-anciens-timothy-weah-je-croise-plus-de-supporters-de-lom-que-du-psg-a-paris-dauphine-libere","status":"publish","type":"post","link":"https:\/\/www.europesays.com\/fr\/647523\/","title":{"rendered":"\ud83d\uddde\ufe0f[News-Anciens] Timothy Weah : \u00ab\u00a0Je croise plus de supporters de l&rsquo;OM que du PSG \u00e0 Paris\u00a0\u00bb (Dauphin\u00e9 Lib\u00e9r\u00e9)"},"content":{"rendered":"<p class=\"date\">\n\t\t\t\t\t\t\t\tPubli\u00e9 le 7 janvier 2026\t\t\t\t\t\t\t\t<\/p>\n<p>\t\t\t\t\t\t\t\t\t\t\t\t\t\t\t\t\t<img decoding=\"async\" class=\"img-responsive img-thumbnail\" src=\"https:\/\/www.europesays.com\/fr\/wp-content\/uploads\/2026\/01\/Breaking-News-55-1024x576.jpg\" alt=\"\"\/><\/p>\n<p>Dans une interview accord\u00e9e au Dauphin\u00e9 Lib\u00e9r\u00e9, <strong>Timothy Weah<\/strong> a fait une r\u00e9v\u00e9lation choquante.<\/p>\n<p>L\u2019attaquant am\u00e9ricain qui \u00e9volue sous les couleurs de l\u2019Olympique de Marseille affirme qu\u2019il rencontre plus de supporters de la formation phoc\u00e9enne que du club du Parc des Princes \u00e0 Paris.<\/p>\n<p>Il r\u00e9v\u00e8le que les supporters de l\u2019\u00e9quipe entra\u00een\u00e9e par Roberto De Zerbi sont incroyablement partout :<\/p>\n<p>\u00ab C\u2019est marrant, je croise plus de supporters de l\u2019OM que du PSG \u00e0 Paris \u00bb, a d\u00e9clar\u00e9 Timothy Weah avant de poursuivre :<\/p>\n<p>\u00ab \u00c0 chaque fois que j\u2019y remonte pour voir des amis, je rencontre des fans de l\u2019OM. C\u2019est aussi ce qui m\u2019a choqu\u00e9 \u00bb.<\/p>\n<p>\u00ab C\u2019est incroyable. On est partout \u00bb.<\/p>\n<p class=\"content-etiquette\">\n\t\t\t\t\t\t\t\t\t<a href=\"https:\/\/www.lestitisdupsg.fr\/tag\/om\/\" rel=\"tag noopener\" target=\"_blank\">OM<\/a><a href=\"https:\/\/www.lestitisdupsg.fr\/tag\/timothy-weah\/\" rel=\"tag noopener\" target=\"_blank\">Timothy Weah<\/a>\t\t\t\t\t\t\t\t<\/p>\n","protected":false},"excerpt":{"rendered":"Publi\u00e9 le 7 janvier 2026 Dans une interview accord\u00e9e au Dauphin\u00e9 Lib\u00e9r\u00e9, Timothy Weah a fait une r\u00e9v\u00e9lation&hellip;\n","protected":false},"author":2,"featured_media":647524,"comment_status":"","ping_status":"","sticky":false,"template":"","format":"standard","meta":{"footnotes":""},"categories":[1888],"tags":[1111,1928,11,1927,1777,674,1011,27,12,1926,626,1925,25],"class_list":{"0":"post-647523","1":"post","2":"type-post","3":"status-publish","4":"format-standard","5":"has-post-thumbnail","7":"category-paris","8":"tag-actu","9":"tag-actu-paris","10":"tag-actualites","11":"tag-actualites-paris","12":"tag-eu","13":"tag-europe","14":"tag-fr","15":"tag-france","16":"tag-news","17":"tag-news-paris","18":"tag-paris","19":"tag-paris-news","20":"tag-republique-francaise"},"share_on_mastodon":{"url":"https:\/\/pubeurope.com\/@fr\/115854944894305776","error":""},"_links":{"self":[{"href":"https:\/\/www.europesays.com\/fr\/wp-json\/wp\/v2\/posts\/647523","targetHints":{"allow":["GET"]}}],"collection":[{"href":"https:\/\/www.europesays.com\/fr\/wp-json\/wp\/v2\/posts"}],"about":[{"href":"https:\/\/www.europesays.com\/fr\/wp-json\/wp\/v2\/types\/post"}],"author":[{"embeddable":true,"href":"https:\/\/www.europesays.com\/fr\/wp-json\/wp\/v2\/users\/2"}],"replies":[{"embeddable":true,"href":"https:\/\/www.europesays.com\/fr\/wp-json\/wp\/v2\/comments?post=647523"}],"version-history":[{"count":0,"href":"https:\/\/www.europesays.com\/fr\/wp-json\/wp\/v2\/posts\/647523\/revisions"}],"wp:featuredmedia":[{"embeddable":true,"href":"https:\/\/www.europesays.com\/fr\/wp-json\/wp\/v2\/media\/647524"}],"wp:attachment":[{"href":"https:\/\/www.europesays.com\/fr\/wp-json\/wp\/v2\/media?parent=647523"}],"wp:term":[{"taxonomy":"category","embeddable":true,"href":"https:\/\/www.europesays.com\/fr\/wp-json\/wp\/v2\/categories?post=647523"},{"taxonomy":"post_tag","embeddable":true,"href":"https:\/\/www.europesays.com\/fr\/wp-json\/wp\/v2\/tags?post=647523"}],"curies":[{"name":"wp","href":"https:\/\/api.w.org\/{rel}","templated":true}]}}