{"id":647525,"date":"2026-01-07T17:15:19","date_gmt":"2026-01-07T17:15:19","guid":{"rendered":"https:\/\/www.europesays.com\/fr\/647525\/"},"modified":"2026-01-07T17:15:19","modified_gmt":"2026-01-07T17:15:19","slug":"meudon-un-journaliste-russe-independant-retrouve-mort-en-bas-de-chez-lui-apres-une-defenestration","status":"publish","type":"post","link":"https:\/\/www.europesays.com\/fr\/647525\/","title":{"rendered":"Meudon\u00a0: un journaliste russe ind\u00e9pendant retrouv\u00e9 mort en bas de chez lui apr\u00e8s une d\u00e9fenestration"},"content":{"rendered":"<p class=\"paragraph text_align_left lp-f-body-02\">Sa chute du septi\u00e8me \u00e9tage l\u2019a tu\u00e9 et sa mort pose question. Mardi matin, un homme de 38 ans est pass\u00e9 par la fen\u00eatre d\u2019un appartement de la rue de la Roseraie, \u00e0 <a href=\"https:\/\/www.leparisien.fr\/hauts-de-seine-92\/meudon-92190\/\" target=\"_self\" rel=\"noopener\">Meudon<\/a>. \u00c0 ce stade, la piste du suicide est privil\u00e9gi\u00e9e mais la personnalit\u00e9 de la victime interroge. Car ce trentenaire est un journaliste russe ind\u00e9pendant.<\/p>\n<p class=\"\">Et selon les \u00e9l\u00e9ments recueillis par la police, il aurait pu faire l\u2019objet de \u00ab menaces de mort \u00bb, indique une source proche de l\u2019affaire. Le parquet de Nanterre a ouvert une enqu\u00eate \u00ab pour d\u00e9terminer les causes de la mort \u00bb et faire la lumi\u00e8re sur \u00ab la personnalit\u00e9 de la victime \u00bb.<\/p>\n<p>Des lettres et des m\u00e9dicaments<\/p>\n<p class=\"\">Quand les secours sont intervenus, l\u2019homme gisait au pied de l\u2019immeuble. Il a \u00e9t\u00e9 transport\u00e9 \u00e0 l\u2019h\u00f4pital mais n\u2019a pas surv\u00e9cu. \u00c0 l\u2019int\u00e9rieur de son logement, qu\u2019il occupait avec un colocataire, les policiers ont trouv\u00e9 une chaise plac\u00e9e devant la fen\u00eatre et des lettres r\u00e9dig\u00e9es en russe. Ils auraient \u00e9galement d\u00e9couvert des m\u00e9dicaments dans une poubelle de l\u2019appartement.<\/p>\n<p class=\"\">Le colocataire pr\u00e9sent sur les lieux \u00e9tait en \u00e9tat de choc et la barri\u00e8re de la langue n\u2019a pas permis de l\u2019interroger dans l\u2019imm\u00e9diat. Les policiers n\u2019ont pu \u00e9tablir si cet homme avait \u00e9t\u00e9 t\u00e9moin de la sc\u00e8ne de d\u00e9fenestration ou pas. Les enqu\u00eateurs du commissariat de Meudon sont charg\u00e9s de mener les investigations.<\/p>\n","protected":false},"excerpt":{"rendered":"Sa chute du septi\u00e8me \u00e9tage l\u2019a tu\u00e9 et sa mort pose question. Mardi matin, un homme de 38&hellip;\n","protected":false},"author":2,"featured_media":503635,"comment_status":"","ping_status":"","sticky":false,"template":"","format":"standard","meta":{"footnotes":""},"categories":[1888],"tags":[11,1777,674,1011,27,3314,1944,12,626,25],"class_list":{"0":"post-647525","1":"post","2":"type-post","3":"status-publish","4":"format-standard","5":"has-post-thumbnail","7":"category-paris","8":"tag-actualites","9":"tag-eu","10":"tag-europe","11":"tag-fr","12":"tag-france","13":"tag-hauts-de-seine","14":"tag-ma-ville","15":"tag-news","16":"tag-paris","17":"tag-republique-francaise"},"share_on_mastodon":{"url":"https:\/\/pubeurope.com\/@fr\/115854948690579774","error":""},"_links":{"self":[{"href":"https:\/\/www.europesays.com\/fr\/wp-json\/wp\/v2\/posts\/647525","targetHints":{"allow":["GET"]}}],"collection":[{"href":"https:\/\/www.europesays.com\/fr\/wp-json\/wp\/v2\/posts"}],"about":[{"href":"https:\/\/www.europesays.com\/fr\/wp-json\/wp\/v2\/types\/post"}],"author":[{"embeddable":true,"href":"https:\/\/www.europesays.com\/fr\/wp-json\/wp\/v2\/users\/2"}],"replies":[{"embeddable":true,"href":"https:\/\/www.europesays.com\/fr\/wp-json\/wp\/v2\/comments?post=647525"}],"version-history":[{"count":0,"href":"https:\/\/www.europesays.com\/fr\/wp-json\/wp\/v2\/posts\/647525\/revisions"}],"wp:featuredmedia":[{"embeddable":true,"href":"https:\/\/www.europesays.com\/fr\/wp-json\/wp\/v2\/media\/503635"}],"wp:attachment":[{"href":"https:\/\/www.europesays.com\/fr\/wp-json\/wp\/v2\/media?parent=647525"}],"wp:term":[{"taxonomy":"category","embeddable":true,"href":"https:\/\/www.europesays.com\/fr\/wp-json\/wp\/v2\/categories?post=647525"},{"taxonomy":"post_tag","embeddable":true,"href":"https:\/\/www.europesays.com\/fr\/wp-json\/wp\/v2\/tags?post=647525"}],"curies":[{"name":"wp","href":"https:\/\/api.w.org\/{rel}","templated":true}]}}