{"id":647530,"date":"2026-01-07T17:18:18","date_gmt":"2026-01-07T17:18:18","guid":{"rendered":"https:\/\/www.europesays.com\/fr\/647530\/"},"modified":"2026-01-07T17:18:18","modified_gmt":"2026-01-07T17:18:18","slug":"guerre-en-ukraine-ce-quil-faut-savoir-sur-le-missile-mica-a-600-000-euros","status":"publish","type":"post","link":"https:\/\/www.europesays.com\/fr\/647530\/","title":{"rendered":"Guerre en Ukraine : ce qu&rsquo;il faut savoir sur le missile MICA \u00e0 600 000 euros"},"content":{"rendered":"<p>Une nouvelle arme redoutable. Une image publi\u00e9e sur les r\u00e9seaux sociaux ce lundi 5 janvier montrait un avion de combat Mirage 2000-5F fran\u00e7ais sur un a\u00e9rodrome ukrainien. Si l\u2019on peut apercevoir un missile Magic II sous l\u2019aile tribord de l\u2019appareil, <strong>un missile air-air MICA <\/strong>est \u00e9galement visible pour la toute premi\u00e8re fois sous le ventre de l\u2019avion. Il est le missile principal pour les actuels avions de combat Mirage 2000-5F fran\u00e7ais, rapporte <a href=\"https:\/\/air-cosmos.com\/article\/les-mirage-2000-5f-ukrainiens-desormais-equipes-de-missiles-mica-70855\" target=\"_blank\" rel=\"noopener\">Air Cosmos<\/a>. Long d\u2019un peu plus de<strong> trois m\u00e8tres pour 112 kg<\/strong>, le MICA est installable sur des Mirage-2000 et <a href=\"https:\/\/www.capital.fr\/entreprises-marches\/rafale-dassault-ouvre-une-nouvelle-usine-pour-accelerer-la-production-du-fleuron-francais-1522334\" target=\"_blank\" rel=\"noopener\">des Rafale<\/a>.<\/p>\n<p>Ainsi, l\u2019arriv\u00e9e du MICA permet d\u2019\u00e9toffer les solutions de destruction air-air. Jusqu\u2019\u00e0 pr\u00e9sent, les pilotes de <a href=\"https:\/\/www.capital.fr\/economie-politique\/la-france-va-livrer-des-missiles-aster-et-des-avions-mirage-supplementaires-a-lukraine-annonce-emmanuel-macron-1520036\" target=\"_blank\" rel=\"noopener\">Mirage<\/a> ukrainiens n\u2019offraient que deux options, \u00e0 savoir le tir canon \u00e0 tr\u00e8s courte port\u00e9e ou le tir d&rsquo;un missile air-air courte port\u00e9e \u00e0 guidage infrarouge Magic II. D\u00e9sormais, ils auront une possibilit\u00e9 de tir en air-air \u00e0 bien plus longue distance, <strong>entre 60 et 80 kilom\u00e8tres de port\u00e9e<\/strong>. Ces MICA devraient \u00eatre utilis\u00e9s contre des missiles de croisi\u00e8re russes ou des drones suicides tactiques longue port\u00e9e.<\/p>\n<p>Une port\u00e9e inf\u00e9rieure \u00e0 bon nombre de ses concurrents<\/p>\n<p>Comme le rappelle Le Parisien, le MICA se d\u00e9cline en deux versions : IR \u00e0 guidage infrarouge et le MICA EM \u00e0 guidage radar actif, pour un co\u00fbt estim\u00e9 \u00e0 un peu plus de <strong>600 000 euros<\/strong>, selon le projet de loi de finances 2004. Ces derniers ont \u00e9t\u00e9 command\u00e9s \u00e0 pr\u00e8s de <strong>5 000 exemplaires par 22 forces arm\u00e9es <\/strong>dans le monde entier, dont la France en majorit\u00e9.<\/p>\n<p>Toutefois, avec cette port\u00e9e d&rsquo;environ 80 kilom\u00e8tres, elle est inf\u00e9rieure \u00e0 bon nombre de ses concurrents, que ce soit l\u2019AIM-120 am\u00e9ricain, le Meteor europ\u00e9en ou encore le R-77 russe \u00e9galement pr\u00e9sent sur le front ukrainien, selon nos confr\u00e8res. Cons\u00e9quence : en 2018, la direction g\u00e9n\u00e9rale pour l\u2019armement a sign\u00e9 un contrat de commande de <strong>200 nouveaux missiles<\/strong> d\u2019interception a\u00e9rienne, de combat et d\u2019autod\u00e9fense de nouvelle g\u00e9n\u00e9ration qui doit remplacer le MICA d\u2019ici 2030.<\/p>\n","protected":false},"excerpt":{"rendered":"Une nouvelle arme redoutable. Une image publi\u00e9e sur les r\u00e9seaux sociaux ce lundi 5 janvier montrait un avion&hellip;\n","protected":false},"author":2,"featured_media":647531,"comment_status":"","ping_status":"","sticky":false,"template":"","format":"standard","meta":{"footnotes":""},"categories":[1590],"tags":[11,9930,9929,1777,674,131,3343,12,220],"class_list":{"0":"post-647530","1":"post","2":"type-post","3":"status-publish","4":"format-standard","5":"has-post-thumbnail","7":"category-ukraine","8":"tag-actualites","9":"tag-armu00e9e","10":"tag-du00e9fense","11":"tag-eu","12":"tag-europe","13":"tag-guerre-en-ukraine","14":"tag-missile","15":"tag-news","16":"tag-ukraine"},"share_on_mastodon":{"url":"https:\/\/pubeurope.com\/@fr\/115854960600654369","error":""},"_links":{"self":[{"href":"https:\/\/www.europesays.com\/fr\/wp-json\/wp\/v2\/posts\/647530","targetHints":{"allow":["GET"]}}],"collection":[{"href":"https:\/\/www.europesays.com\/fr\/wp-json\/wp\/v2\/posts"}],"about":[{"href":"https:\/\/www.europesays.com\/fr\/wp-json\/wp\/v2\/types\/post"}],"author":[{"embeddable":true,"href":"https:\/\/www.europesays.com\/fr\/wp-json\/wp\/v2\/users\/2"}],"replies":[{"embeddable":true,"href":"https:\/\/www.europesays.com\/fr\/wp-json\/wp\/v2\/comments?post=647530"}],"version-history":[{"count":0,"href":"https:\/\/www.europesays.com\/fr\/wp-json\/wp\/v2\/posts\/647530\/revisions"}],"wp:featuredmedia":[{"embeddable":true,"href":"https:\/\/www.europesays.com\/fr\/wp-json\/wp\/v2\/media\/647531"}],"wp:attachment":[{"href":"https:\/\/www.europesays.com\/fr\/wp-json\/wp\/v2\/media?parent=647530"}],"wp:term":[{"taxonomy":"category","embeddable":true,"href":"https:\/\/www.europesays.com\/fr\/wp-json\/wp\/v2\/categories?post=647530"},{"taxonomy":"post_tag","embeddable":true,"href":"https:\/\/www.europesays.com\/fr\/wp-json\/wp\/v2\/tags?post=647530"}],"curies":[{"name":"wp","href":"https:\/\/api.w.org\/{rel}","templated":true}]}}