{"id":647534,"date":"2026-01-07T17:20:12","date_gmt":"2026-01-07T17:20:12","guid":{"rendered":"https:\/\/www.europesays.com\/fr\/647534\/"},"modified":"2026-01-07T17:20:12","modified_gmt":"2026-01-07T17:20:12","slug":"pourquoi-il-est-peu-probable-quil-rencontre-charles-iii","status":"publish","type":"post","link":"https:\/\/www.europesays.com\/fr\/647534\/","title":{"rendered":"pourquoi il est peu probable qu\u2019il rencontre Charles III"},"content":{"rendered":"<p>                                    <img decoding=\"async\" src=\"https:\/\/www.europesays.com\/fr\/wp-content\/uploads\/2026\/01\/dd730ee6e7cd1def7c9575a9c54091719b459c8c2a0b12d909c30b0df31bca6c.jpg\" alt=\"Prince Harry: vie priv\u00e9e, famille, pouvoir\u2026 Ce qu\u2019il faut conna\u00eetre\" class=\"a11y-hidden\" fetchpriority=\"high\"\/><\/p>\n<p class=\"fig-standfirst\">\n    De retour au Royaume-Uni \u00e0 la fin du mois, le prince Harry pourrait-il profiter de cette occasion pour rendre visite \u00e0 son p\u00e8re, Charles III\u00a0? Une question \u00e0 laquelle nos confr\u00e8res d\u2019outre-Manche ont peut-\u00eatre une r\u00e9ponse, qui ne semble pas aller dans le sens de leur r\u00e9conciliation.<\/p>\n<p class=\"fig-paragraph\">\u00c9loign\u00e9s depuis plusieurs ann\u00e9es, notamment en raison des propos tenus par le prince Harry dans ses m\u00e9moires, Charles III et son fils cadet semblaient pourtant prendre\u00a0<a href=\"http:\/\/www.gala.fr\/royautes\/le-prince-harry-pret-a-faire-la-paix-avec-charles-iii-ils-pourraient-profiter-d-une-occasion-speciale-pour-se-retrouver-20260105\" data-fig-type=\"Article\" data-gtm-custom-categorie=\"navigation\" data-gtm-custom-action=\"crossclick\" data-gtm-custom-label=\"Contextuel\" data-gtm-event=\"customEventSPE\" data-fig-domain=\"GALA\" target=\"_blank\" rel=\"noopener\">le chemin de la r\u00e9conciliation<\/a>\u00a0: d\u2019un c\u00f4t\u00e9, le petit fr\u00e8re du prince William avait exprim\u00e9\u00a0<a href=\"http:\/\/www.gala.fr\/royautes\/le-prince-harry-reconcilie-avec-sa-famille-pour-les-fetes-de-noel-c-etait-sans-compter-sur-meghan-markle-20251202\" data-fig-type=\"Article\" data-gtm-custom-categorie=\"navigation\" data-gtm-custom-action=\"crossclick\" data-gtm-custom-label=\"Contextuel\" data-gtm-event=\"customEventSPE\" data-fig-domain=\"GALA\" target=\"_blank\" rel=\"noopener\">son envie de retrouver sa famille<\/a>, tandis que son p\u00e8re avait accept\u00e9 de le recevoir chez lui en septembre dernier pour un total de 55 minutes. Une rencontre porteuse d\u2019espoir qui laissait entendre que des retrouvailles \u00e9taient possibles entre\u00a0<a href=\"http:\/\/www.gala.fr\/royautes\/meghan-markle-et-harry-perdent-encore-un-de-leurs-employes-cette-polemique-qui-a-enclenche-ce-nouveau-depart-20251229\" data-fig-type=\"Article\" data-gtm-custom-categorie=\"navigation\" data-gtm-custom-action=\"crossclick\" data-gtm-custom-label=\"Contextuel\" data-gtm-event=\"customEventSPE\" data-fig-domain=\"GALA\" target=\"_blank\" rel=\"noopener\">le mari de Meghan Markle<\/a>\u00a0et le reste de la famille royale. Dans ce contexte, beaucoup supposaient que le prince Harry, de retour en Angleterre \u00e0 la fin du mois, pourrait profiter de son s\u00e9jour pour revoir son p\u00e8re. Malheureusement, d\u2019apr\u00e8s plusieurs de nos confr\u00e8res, il semble qu\u2019<a href=\"http:\/\/www.gala.fr\/royautes\/entre-harry-et-charles-iii-un-vrai-rapprochement-est-possible-a-une-seule-condition-20260105\" data-fig-type=\"Article\" data-gtm-custom-categorie=\"navigation\" data-gtm-custom-action=\"crossclick\" data-gtm-custom-label=\"Contextuel\" data-gtm-event=\"customEventSPE\" data-fig-domain=\"GALA\" target=\"_blank\" rel=\"noopener\">aucun voyant ne soit au vert<\/a>\u00a0pour une telle r\u00e9union de famille.<\/p>\n<p class=\"fig-paragraph\">En effet,\u00a0<a href=\"https:\/\/people.com\/prince-harry-unlikely-to-see-king-charles-when-he-returns-to-uk-11880555\" target=\"_blank\" rel=\"nofollow noopener\" data-gtm-custom-categorie=\"navigation\" data-gtm-custom-action=\"crossclick\" data-gtm-custom-label=\"Contextuel\" data-gtm-event=\"customEventSPE\">People<\/a> \u00a0rappelait que c\u2019est pour un proc\u00e8s concernant sa plainte contre Associated Newspapers Limited (ANL), l\u2019\u00e9diteur du Daily Mail et du Mail on Sunday, que le prince d\u00e9chu posera ses valises au Royaume-Uni. Or, le roi a tendance \u00e0 se tenir loin des affaires judiciaires en cours. En outre, d\u2019apr\u00e8s\u00a0<a href=\"https:\/\/www.telegraph.co.uk\/royal-family\/2026\/01\/07\/prince-harry-no-plans-see-king-charles-uk-trip-royal-duke\/\" target=\"_blank\" rel=\"nofollow noopener\" data-gtm-custom-categorie=\"navigation\" data-gtm-custom-action=\"crossclick\" data-gtm-custom-label=\"Contextuel\" data-gtm-event=\"customEventSPE\">The Telegraph<\/a>, Charles III devrait au m\u00eame moment \u00eatre en \u00c9cosse. Dans de telles conditions, il semble difficile pour le p\u00e8re et le fils de se voir. Reste \u00e0 savoir s\u2019ils r\u00e9ussiront tout de m\u00eame \u00e0\u00a0<a href=\"https:\/\/www.gala.fr\/royautes\/quand-harry-rencontre-charles-iii-en-coulisses-les-langues-se-delient-20250929\" target=\"_blank\" data-fig-type=\"Article\" rel=\"nofollow noopener\" data-gtm-custom-categorie=\"navigation\" data-gtm-custom-action=\"crossclick\" data-gtm-custom-label=\"Contextuel\" data-gtm-event=\"customEventSPE\" data-fig-domain=\"GALA\">se rejoindre pour discuter<\/a>, comme cela avait \u00e9t\u00e9 le cas le 10 septembre 2025 \u00e0 Clarence House, o\u00f9 Charles III et le prince Harry\u00a0<a href=\"https:\/\/www.gala.fr\/royautes\/entre-harry-et-charles-iii-la-rencontre-a-ete-chaleureuse-ces-indices-qui-le-prouvent-20250911\" target=\"_blank\" data-fig-type=\"Article\" rel=\"nofollow noopener\" data-gtm-custom-categorie=\"navigation\" data-gtm-custom-action=\"crossclick\" data-gtm-custom-label=\"Contextuel\" data-gtm-event=\"customEventSPE\" data-fig-domain=\"GALA\">avaient pris le th\u00e9 ensemble<\/a>\u00a0sans que l\u2019on sache sur quoi portaient leurs discussions.<\/p>\n<p>                                                                <a href=\"#slideshow-header\"><\/p>\n<p class=\"fig-slideshow__title\">\n                    PHOTOS &#8211; Harry complice avec le reste de la famille royale, ces clich\u00e9s presque oubli\u00e9s\n                <\/p>\n<p>    <\/a><br \/>\n                                                                <a class=\"fig-a11y-skip\" href=\"#fig-a11y-skip-main-inarticle\" data-module=\"a11y-skip\" data-context=\"was @visible\"><br \/>\n    Passer la publicit\u00e9<br \/>\n<\/a>            <\/p>\n<p>                                                                Le prince Harry devant la justice\u00a0: ces autres stars elles aussi impliqu\u00e9es dans l\u2019affaire<\/p>\n<p class=\"fig-paragraph\">Alors qu\u2019il a r\u00e9cemment\u00a0<a href=\"https:\/\/www.gala.fr\/royautes\/le-prince-harry-inquiet-pour-sa-securite-apres-6-ans-il-remporte-une-importante-bataille-20260105\" target=\"_blank\" data-fig-type=\"Article\" rel=\"nofollow noopener\" data-gtm-custom-categorie=\"navigation\" data-gtm-custom-action=\"crossclick\" data-gtm-custom-label=\"Contextuel\" data-gtm-event=\"customEventSPE\" data-fig-domain=\"GALA\">remport\u00e9 une premi\u00e8re bataille judiciaire<\/a>\u00a0en montrant qu\u2019il remplissait les crit\u00e8res pour b\u00e9n\u00e9ficier d\u2019une protection financ\u00e9e par les contribuables pour\u00a0<a href=\"https:\/\/www.gala.fr\/royautes\/bonne-nouvelle-pour-charles-iii-ses-petits-enfants-archie-et-lilibet-vont-enfin-pouvoir-lui-rendre-visite-20260106\" target=\"_blank\" data-fig-type=\"Article\" rel=\"nofollow noopener\" data-gtm-custom-categorie=\"navigation\" data-gtm-custom-action=\"crossclick\" data-gtm-custom-label=\"Contextuel\" data-gtm-event=\"customEventSPE\" data-fig-domain=\"GALA\">ses prochains s\u00e9jours au Royaume-Uni<\/a>, le prince Harry pourrait tr\u00e8s bient\u00f4t ajouter une nouvelle victoire \u00e0 son palmar\u00e8s alors qu\u2019il sera le 19 janvier prochain face \u00e0 la justice britannique dans une affaire l\u2019opposant \u00e0 l\u2019ANL. En jeu\u00a0: 38 millions d\u2019euros, en plus d\u2019une reconnaissance de la violation de sa vie priv\u00e9e pour le duc de Sussex. Ce dernier sera re\u00e7u comme premier t\u00e9moin, mais il ne sera cependant pas la seule star \u00e0 faire face aux jur\u00e9s dans les semaines \u00e0 venir, car d\u2019autres grands noms britanniques sont impliqu\u00e9s dans ce dossier. En effet, le chanteur Elton John, l\u2019actrice Elizabeth Hurley et l\u2019ex-femme de Jude Law, Sadie Frost, poursuivent eux aussi Associated Newspapers (ANL) pour collecte ill\u00e9gale d\u2019informations. Le proc\u00e8s devrait durer neuf semaines, affaire \u00e0 suivre donc.<\/p>\n<p class=\"fig-paragraph\">Article \u00e9crit en collaboration avec 6M\u00e9dias.<\/p>\n","protected":false},"excerpt":{"rendered":"De retour au Royaume-Uni \u00e0 la fin du mois, le prince Harry pourrait-il profiter de cette occasion pour&hellip;\n","protected":false},"author":2,"featured_media":647535,"comment_status":"","ping_status":"","sticky":false,"template":"","format":"standard","meta":{"footnotes":""},"categories":[1588],"tags":[11,46337,581,1777,674,545,5861,9047,12,267,473,1853,971,1851,1850,1852],"class_list":{"0":"post-647534","1":"post","2":"type-post","3":"status-publish","4":"format-standard","5":"has-post-thumbnail","7":"category-royaume-uni","8":"tag-actualites","9":"tag-charles-dangleterre","10":"tag-charles-iii","11":"tag-eu","12":"tag-europe","13":"tag-famille-royale-britannique","14":"tag-gotha","15":"tag-harry-dangleterre","16":"tag-news","17":"tag-prince-harry","18":"tag-royaume-uni","19":"tag-royaume-uni-de-grande-bretagne-et-dirlande-du-nord","20":"tag-royaute","21":"tag-uk","22":"tag-united-kingdom","23":"tag-united-kingdom-of-great-britain-and-northern-ireland"},"share_on_mastodon":{"url":"https:\/\/pubeurope.com\/@fr\/115854968442832940","error":""},"_links":{"self":[{"href":"https:\/\/www.europesays.com\/fr\/wp-json\/wp\/v2\/posts\/647534","targetHints":{"allow":["GET"]}}],"collection":[{"href":"https:\/\/www.europesays.com\/fr\/wp-json\/wp\/v2\/posts"}],"about":[{"href":"https:\/\/www.europesays.com\/fr\/wp-json\/wp\/v2\/types\/post"}],"author":[{"embeddable":true,"href":"https:\/\/www.europesays.com\/fr\/wp-json\/wp\/v2\/users\/2"}],"replies":[{"embeddable":true,"href":"https:\/\/www.europesays.com\/fr\/wp-json\/wp\/v2\/comments?post=647534"}],"version-history":[{"count":0,"href":"https:\/\/www.europesays.com\/fr\/wp-json\/wp\/v2\/posts\/647534\/revisions"}],"wp:featuredmedia":[{"embeddable":true,"href":"https:\/\/www.europesays.com\/fr\/wp-json\/wp\/v2\/media\/647535"}],"wp:attachment":[{"href":"https:\/\/www.europesays.com\/fr\/wp-json\/wp\/v2\/media?parent=647534"}],"wp:term":[{"taxonomy":"category","embeddable":true,"href":"https:\/\/www.europesays.com\/fr\/wp-json\/wp\/v2\/categories?post=647534"},{"taxonomy":"post_tag","embeddable":true,"href":"https:\/\/www.europesays.com\/fr\/wp-json\/wp\/v2\/tags?post=647534"}],"curies":[{"name":"wp","href":"https:\/\/api.w.org\/{rel}","templated":true}]}}