{"id":647536,"date":"2026-01-07T17:21:19","date_gmt":"2026-01-07T17:21:19","guid":{"rendered":"https:\/\/www.europesays.com\/fr\/647536\/"},"modified":"2026-01-07T17:21:19","modified_gmt":"2026-01-07T17:21:19","slug":"vente-des-droits-demission-rapporte-a-lallemagne-214-milliards","status":"publish","type":"post","link":"https:\/\/www.europesays.com\/fr\/647536\/","title":{"rendered":"Vente des droits d&rsquo;\u00e9mission rapporte \u00e0 l&rsquo;Allemagne 21,4 milliards"},"content":{"rendered":"<p>Principaux renseignements<\/p>\n<ul class=\"wp-block-list\">\n<li><strong>La vente de permis de polluer en Allemagne a g\u00e9n\u00e9r\u00e9 des recettes record en 2025, d\u00e9passant les 21,4 milliards d\u2019euros.<\/strong><\/li>\n<li><strong>Toutes les recettes financent le Fonds pour le climat et la transformation.<\/strong><\/li>\n<li><strong>La hausse des prix des permis de CO\u2082 favorise le changement, mais les r\u00e9ductions d\u2019\u00e9missions restent lentes.<\/strong><\/li>\n<\/ul>\n<p>L\u2019Allemagne a enregistr\u00e9 des recettes record provenant de la vente de permis de polluer en 2025. Les recettes combin\u00e9es des syst\u00e8mes europ\u00e9en et national d\u2019\u00e9change de quotas d\u2019\u00e9mission ont d\u00e9pass\u00e9 21,4 milliards d\u2019euros, marquant une augmentation significative par rapport aux 18,5 milliards d\u2019euros g\u00e9n\u00e9r\u00e9s en 2024.<\/p>\n<p>Financement de l\u2019action climatique<\/p>\n<p>Ces recettes sont enti\u00e8rement achemin\u00e9es vers le Fonds pour le climat et la transformation, qui finance des mesures visant \u00e0 soutenir la transition \u00e9nerg\u00e9tique et la protection du climat. Il s\u2019agit par exemple de promouvoir la r\u00e9novation \u00e9nerg\u00e9tique des b\u00e2timents, de transformer les industries vers la neutralit\u00e9 climatique, de d\u00e9velopper les technologies de l\u2019hydrog\u00e8ne et d\u2019\u00e9tendre les infrastructures de recharge pour les v\u00e9hicules \u00e9lectriques.<\/p>\n<p>Depuis sa cr\u00e9ation en 2008, la vente de quotas d\u2019\u00e9mission a g\u00e9n\u00e9r\u00e9 plus de 100 milliards d\u2019euros. Selon Dirk Messner, pr\u00e9sident de l\u2019Agence f\u00e9d\u00e9rale de l\u2019environnement (UBA), le syst\u00e8me d\u2019\u00e9change de quotas d\u2019\u00e9mission est devenu un instrument intersectoriel crucial pour la protection du climat.<\/p>\n<p>Transition vers un syst\u00e8me europ\u00e9en<\/p>\n<p>Le syst\u00e8me national d\u2019\u00e9change de quotas d\u2019\u00e9mission devrait \u00eatre largement remplac\u00e9 par un syst\u00e8me europ\u00e9en d\u2019\u00e9change de quotas d\u2019\u00e9mission pour les carburants \u00e0 partir de 2028. La date de mise en \u0153uvre initiale de 2027 a \u00e9t\u00e9 report\u00e9e afin d\u2019att\u00e9nuer les chocs de prix potentiels pour les consommateurs \u00e0 la pompe et dans leurs factures de chauffage.<\/p>\n<p>Malgr\u00e9 les efforts d\u00e9ploy\u00e9s pour r\u00e9duire les \u00e9missions de CO\u2082 gr\u00e2ce \u00e0 l\u2019\u00e9change de certificats, les \u00e9missions n\u2019ont diminu\u00e9 que de 1,5 pour cent l\u2019ann\u00e9e derni\u00e8re, selon une \u00e9tude. Cette lenteur expose l\u2019Allemagne \u00e0 des <a href=\"https:\/\/fr.businessam.be\/lallemagne-renforce-ses-stocks-de-munitions-avec-une-importante-commande-aupres-de-rheinmetall\/\" target=\"_blank\" rel=\"noopener\">p\u00e9nalit\u00e9s climatiques potentiellement importantes<\/a>. (jv)<\/p>\n<p><a href=\"https:\/\/news.google.com\/publications\/CAowtseUCw?hl=fr&amp;gl=BE&amp;ceid=BE%3Afr\" target=\"_blank\" rel=\"noopener\">Suivez \u00e9galement Business AM sur Google Actualit\u00e9s<\/a><\/p>\n<p><a href=\"https:\/\/portalfr.businessam.be\/plans\/business-am-fr-offre-dete\/\" target=\"_blank\" rel=\"noopener\">Si vous souhaitez acc\u00e9der \u00e0 tous les articles, abonnez-vous ici!<\/a><\/p>\n","protected":false},"excerpt":{"rendered":"Principaux renseignements La vente de permis de polluer en Allemagne a g\u00e9n\u00e9r\u00e9 des recettes record en 2025, d\u00e9passant&hellip;\n","protected":false},"author":2,"featured_media":647537,"comment_status":"","ping_status":"","sticky":false,"template":"","format":"standard","meta":{"footnotes":""},"categories":[1587],"tags":[11,672,1804,1805,1803,33,18087,1777,674,1801,12,1802],"class_list":{"0":"post-647536","1":"post","2":"type-post","3":"status-publish","4":"format-standard","5":"has-post-thumbnail","7":"category-allemagne","8":"tag-actualites","9":"tag-allemagne","10":"tag-bundesrepublik-deutschland","11":"tag-de","12":"tag-deutschland","13":"tag-economie","14":"tag-etranger","15":"tag-eu","16":"tag-europe","17":"tag-germany","18":"tag-news","19":"tag-republique-federale-dallemagne"},"share_on_mastodon":{"url":"https:\/\/pubeurope.com\/@fr\/115854972272198148","error":""},"_links":{"self":[{"href":"https:\/\/www.europesays.com\/fr\/wp-json\/wp\/v2\/posts\/647536","targetHints":{"allow":["GET"]}}],"collection":[{"href":"https:\/\/www.europesays.com\/fr\/wp-json\/wp\/v2\/posts"}],"about":[{"href":"https:\/\/www.europesays.com\/fr\/wp-json\/wp\/v2\/types\/post"}],"author":[{"embeddable":true,"href":"https:\/\/www.europesays.com\/fr\/wp-json\/wp\/v2\/users\/2"}],"replies":[{"embeddable":true,"href":"https:\/\/www.europesays.com\/fr\/wp-json\/wp\/v2\/comments?post=647536"}],"version-history":[{"count":0,"href":"https:\/\/www.europesays.com\/fr\/wp-json\/wp\/v2\/posts\/647536\/revisions"}],"wp:featuredmedia":[{"embeddable":true,"href":"https:\/\/www.europesays.com\/fr\/wp-json\/wp\/v2\/media\/647537"}],"wp:attachment":[{"href":"https:\/\/www.europesays.com\/fr\/wp-json\/wp\/v2\/media?parent=647536"}],"wp:term":[{"taxonomy":"category","embeddable":true,"href":"https:\/\/www.europesays.com\/fr\/wp-json\/wp\/v2\/categories?post=647536"},{"taxonomy":"post_tag","embeddable":true,"href":"https:\/\/www.europesays.com\/fr\/wp-json\/wp\/v2\/tags?post=647536"}],"curies":[{"name":"wp","href":"https:\/\/api.w.org\/{rel}","templated":true}]}}