{"id":647538,"date":"2026-01-07T17:22:12","date_gmt":"2026-01-07T17:22:12","guid":{"rendered":"https:\/\/www.europesays.com\/fr\/647538\/"},"modified":"2026-01-07T17:22:12","modified_gmt":"2026-01-07T17:22:12","slug":"pas-de-puissance-sans-controle-de-lacces-a-lenergie-ce-secret-de-polichinelle-leurope-doit-sy-confronter-a-nouveau","status":"publish","type":"post","link":"https:\/\/www.europesays.com\/fr\/647538\/","title":{"rendered":"\u00ab\u00a0Pas de puissance sans contr\u00f4le de l\u2019acc\u00e8s \u00e0 l\u2019\u00e9nergie. Ce secret de Polichinelle, l\u2019Europe doit s\u2019y confronter \u00e0 nouveau\u00a0\u00bb"},"content":{"rendered":"\n<p class=\"article__paragraph  \">\u00ab\u00a0L\u2019excr\u00e9ment du diable\u00a0\u00bb\u00a0: voil\u00e0 comment le V\u00e9n\u00e9zu\u00e9lien Juan Pablo Perez Alfonzo, cofondateur de l\u2019OPEP [l\u2019Organisation des pays exportateurs de p\u00e9trole, en\u00a01960], surnommait le p\u00e9trole. En offrant \u00e0 l\u2019industrie p\u00e9troli\u00e8re am\u00e9ricaine sa revanche sur le r\u00e9gime d\u2019Hugo Chavez et ses nationalisations des ann\u00e9es 2000, Donald Trump revendique haut et fort le sale petit secret au c\u0153ur de la g\u00e9ostrat\u00e9gie am\u00e9ricaine depuis un demi-si\u00e8cle\u00a0: il n\u2019y a pas de puissance sans contr\u00f4le de l\u2019acc\u00e8s \u00e0 l\u2019\u00e9nergie.<\/p>\n<p class=\"article__paragraph  \">Ce secret de Polichinelle, l\u2019Europe doit le regarder \u00e0 nouveau bien en face. En r\u00e9cession depuis la crise \u00e9nerg\u00e9tique provoqu\u00e9e par l\u2019invasion de l\u2019Ukraine, <a href=\"https:\/\/www.lemonde.fr\/economie\/article\/2022\/05\/20\/gaz-russe-les-energeticiens-europeens-se-resignent-a-respecter-le-decret-du-kremlin_6126931_3234.html\" target=\"_blank\" rel=\"noopener\">l\u2019industrie du Vieux Continent meurt du pacte faustien qu\u2019elle a pass\u00e9 avec Gazprom et Vladimir Poutine<\/a>, lorsque les sources d\u2019hydrocarbures de la mer du Nord ont commenc\u00e9 \u00e0 se tarir il y a un quart de si\u00e8cle. D\u00e9sormais tributaire des exportations am\u00e9ricaines de gaz de schiste, l\u2019Union europ\u00e9enne (UE) survivrait-elle \u00e0 une pression du pr\u00e9sident Trump sur cette carotide, si elle cherchait, par exemple, demain \u00e0 lui tenir t\u00eate au Groenland\u00a0?<\/p>\n<p class=\"article__paragraph  \">Pour \u00e9chapper \u00e0 la tenaille des deux \u00ab\u00a0superpuissances\u00a0\u00bb \u00e9nerg\u00e9tiques que sont la Russie et les Etats-Unis, l\u2019UE doit miser avec lucidit\u00e9 sur ses faibles sources domestiques d\u2019\u00e9nergie, renouvelables et nucl\u00e9aire, qui sont largement d\u00e9carbon\u00e9es, mais qui resteront contraintes par les lois de la physique.<\/p>\n<p class=\"article__paragraph  \">Le chemin le plus probable est celui de la vassalisation. Mais l\u2019Europe peut aussi montrer la voie de la sauvegarde du climat, tout en conqu\u00e9rant son autonomie strat\u00e9gique face \u00e0 un alli\u00e9 am\u00e9ricain pr\u00eat \u00e0 tout pour imposer sa \u00ab\u00a0domination \u00e9nerg\u00e9tique \u00bb, nom officiel de la doctrine Trump en la mati\u00e8re. Ce combat existentiel demande audace et coh\u00e9sion, \u00e0 la mesure de celles des pionniers qui fond\u00e8rent l\u2019Europe sur l\u2019\u00e9nergie \u2013 charbon et acier, atome, abondance agricole \u2013 \u00e0 l\u2019issue de la seconde guerre mondiale.<\/p>\n<p>           D\u00e9clin du brut conventionnel        <\/p>\n<p class=\"reading-mode-only \"><strong>Il vous reste 70.14% de cet article \u00e0 lire. La suite est r\u00e9serv\u00e9e aux abonn\u00e9s.<\/strong><\/p>\n","protected":false},"excerpt":{"rendered":"\u00ab\u00a0L\u2019excr\u00e9ment du diable\u00a0\u00bb\u00a0: voil\u00e0 comment le V\u00e9n\u00e9zu\u00e9lien Juan Pablo Perez Alfonzo, cofondateur de l\u2019OPEP [l\u2019Organisation des pays exportateurs&hellip;\n","protected":false},"author":2,"featured_media":647539,"comment_status":"","ping_status":"","sticky":false,"template":"","format":"standard","meta":{"footnotes":""},"categories":[1586],"tags":[11,1777,674,1011,27,12,25],"class_list":{"0":"post-647538","1":"post","2":"type-post","3":"status-publish","4":"format-standard","5":"has-post-thumbnail","7":"category-europe","8":"tag-actualites","9":"tag-eu","10":"tag-europe","11":"tag-fr","12":"tag-france","13":"tag-news","14":"tag-republique-francaise"},"share_on_mastodon":{"url":"https:\/\/pubeurope.com\/@fr\/115854976236215696","error":""},"_links":{"self":[{"href":"https:\/\/www.europesays.com\/fr\/wp-json\/wp\/v2\/posts\/647538","targetHints":{"allow":["GET"]}}],"collection":[{"href":"https:\/\/www.europesays.com\/fr\/wp-json\/wp\/v2\/posts"}],"about":[{"href":"https:\/\/www.europesays.com\/fr\/wp-json\/wp\/v2\/types\/post"}],"author":[{"embeddable":true,"href":"https:\/\/www.europesays.com\/fr\/wp-json\/wp\/v2\/users\/2"}],"replies":[{"embeddable":true,"href":"https:\/\/www.europesays.com\/fr\/wp-json\/wp\/v2\/comments?post=647538"}],"version-history":[{"count":0,"href":"https:\/\/www.europesays.com\/fr\/wp-json\/wp\/v2\/posts\/647538\/revisions"}],"wp:featuredmedia":[{"embeddable":true,"href":"https:\/\/www.europesays.com\/fr\/wp-json\/wp\/v2\/media\/647539"}],"wp:attachment":[{"href":"https:\/\/www.europesays.com\/fr\/wp-json\/wp\/v2\/media?parent=647538"}],"wp:term":[{"taxonomy":"category","embeddable":true,"href":"https:\/\/www.europesays.com\/fr\/wp-json\/wp\/v2\/categories?post=647538"},{"taxonomy":"post_tag","embeddable":true,"href":"https:\/\/www.europesays.com\/fr\/wp-json\/wp\/v2\/tags?post=647538"}],"curies":[{"name":"wp","href":"https:\/\/api.w.org\/{rel}","templated":true}]}}