{"id":647548,"date":"2026-01-07T17:27:11","date_gmt":"2026-01-07T17:27:11","guid":{"rendered":"https:\/\/www.europesays.com\/fr\/647548\/"},"modified":"2026-01-07T17:27:11","modified_gmt":"2026-01-07T17:27:11","slug":"ils-seront-a-augusta-au-mois-davril","status":"publish","type":"post","link":"https:\/\/www.europesays.com\/fr\/647548\/","title":{"rendered":"Ils seront \u00e0 Augusta au mois d\u2019avril"},"content":{"rendered":"<p>\t\t\t\t\t\t<img width=\"770\" height=\"556\" src=\"data:image\/svg+xml,%3Csvg%20xmlns=\" http:=\"\" class=\"img-responsive wp-post-image\" alt=\"\" decoding=\"async\" fetchpriority=\"high\" data-lazy- data-lazy- data-lazy-src=\"https:\/\/www.europesays.com\/fr\/wp-content\/uploads\/2025\/09\/norenwentworth-770x556.jpeg\"\/>\t\t\t\t\t<\/p>\n<p>\t\t\t\t\t\t Partager cet article <\/p>\n<p class=\"screen-reader-text juiz_sps_maybe_hidden_text\">Partager la publication \u00ab\u00a0Ils seront \u00e0 Augusta au mois d\u2019avril\u00a0\u00bb<\/p>\n<p><strong>Le top 50 mondial au 31 d\u00e9cembre 2025 a valid\u00e9 les qualifications de certains joueurs non encore exempt\u00e9s pour le Masters 2026. On peut ainsi citer parmi les heureux \u00e9lus Michael Brennan, Ryan Gerard, Alex Noren (photo), Aaron Rai ou encore Michael Kim. Revue d\u2019effectif !<\/strong><\/p>\n<p><strong>L.V.<\/strong><\/p>\n<p><strong>Michael Kim<\/strong>, le dernier <a href=\"https:\/\/www.golfplanete.com\/actualites\/michael-kim-prive-jeong-weon-ko-de-la-victoire-a-st-nom-la-breteche\/\" target=\"_blank\" rel=\"noopener\">vainqueur du FedEx Open de France<\/a> au mois de septembre \u00e0 <strong>St-Nom-la-Bret\u00e8che<\/strong>, sait d\u00e9j\u00e0 ce qu\u2019il fera du 6 au 12 avril 2026. L\u2019Am\u00e9ricain disputera la 90e \u00e9dition du <strong>Masters<\/strong>. Tr\u00e8s pr\u00e9sent sur les r\u00e9seaux sociaux, il a confirm\u00e9 preuve \u00e0 l\u2019appui sa pr\u00e9sence \u00e0 Augusta (ci-dessous).<\/p>\n<blockquote data-service=\"twitter\" data-category=\"marketing\" data-placeholder-image=\"https:\/\/www.golfplanete.com\/wp-content\/plugins\/complianz-gdpr-premium\/assets\/images\/placeholders\/twitter-minimal.jpg\" class=\"cmplz-placeholder-element twitter-tweet\"><p>&#13;<\/p>\n<p dir=\"ltr\" lang=\"en\">Has there ever been a two package combo waiting at home better than this? <a href=\"https:\/\/t.co\/OTKZvQRVzu\">pic.twitter.com\/OTKZvQRVzu<\/a><\/p>\n<p>&#13;<br \/>\n&#13;<br \/>\n\u2014 Michael S. Kim (@Mike_kim714) <a href=\"https:\/\/twitter.com\/Mike_kim714\/status\/2008686824701513942?ref_src=twsrc%5Etfw\" target=\"_blank\" rel=\"noopener\">January 6, 2026<\/a><\/p><\/blockquote>\n<p>&#13;<br \/>\nIl fait partie des 87 joueurs d\u2019ores et d\u00e9j\u00e0 assur\u00e9s de prendre le d\u00e9part du premier des quatre Majeurs de la saison 2026. Mais ce chiffre devrait gonfler dans les prochaines semaines. Tous les vainqueurs sur le <strong>PGA Tour<\/strong> jusqu\u2019au Masters et qui ne sont pas encore \u00ab exempt\u00e9s \u00bb seront en effet qualifi\u00e9s tout comme le laur\u00e9at du <strong>South African Open<\/strong>, tournoi co-sanctionn\u00e9 par le <strong>DP World Tour<\/strong> et le <strong>Sunshine Tour<\/strong>, programm\u00e9 du 26 f\u00e9vrier au 1er mars \u00e0 <strong>Stellenbosch<\/strong> (Afrique du Sud).<\/p>\n<p>Trois mois pour Adrien Saddier\u00a0<\/p>\n<p>Il faut \u00e9galement pr\u00e9ciser que tout joueur entrant dans le top 50 mondial la semaine pr\u00e9c\u00e9dent ce m\u00eame Masters obtiendra lui aussi l\u2019autorisation de remonter la mythique <strong>Magnolia Lane<\/strong>. <a href=\"https:\/\/www.owgr.com\/current-world-ranking\" target=\"_blank\" rel=\"noopener\">Actuellement 74e au classement mondial<\/a>, <strong>Adrien Saddier<\/strong>, gr\u00e2ce \u00e0 un \u00e9ventuel solide d\u00e9but de saison sur le PGA Tour (il va jouer les quatre premiers tournois de la saison 2026, <a href=\"https:\/\/www.golfplanete.com\/actualites\/le-debut-de-saison-copieux-de-matthieu-pavon\/\" target=\"_blank\" rel=\"noopener\">comme Matthieu Pavon<\/a>), pourrait effectuer le prestigieux voyage vers la Georgie. Il en a fait un objectif principal !\u00a0<\/p>\n<p>Les organisateurs se r\u00e9servent enfin le droit de proc\u00e9der \u00e0 plusieurs invitations. Le Danois <strong>Nicolai H\u00f8jgaard<\/strong> et le Chilien du<strong> LIV Golf<\/strong>, <strong>Joaquin Niemann<\/strong>, avaient ainsi \u00e9t\u00e9 convi\u00e9s \u00e0 la f\u00eate en 2025 !<\/p>\n<p><strong>Tous les qualifi\u00e9s au 7 janvier 2026<\/strong> : Ludvig \u00c5berg, Akshay Bhatia, Keegan Bradley, Michael Brennan, Jacob Bridgeman, Sam Burns, <strong>Angel Cabrera<\/strong>, Brian Campbell, Patrick Cantlay, Wyndham Clark, Corey Conners, <strong>Fred Couples<\/strong>, Jason Day, Bryson DeChambeau, Harris English, Ethan Fang (a), Matthew Fitzpatrick, Tommy Fleetwood, Ryan Fox, <strong>Sergio Garcia<\/strong>, Ryan Gerard, Chris Gotterup, Max Greyserman, Ben Griffin, Harry Hall, Brian Harman, Tyrrell Hatton, Russell Henley, Jackson Herrington (a), Rasmus H\u00f8jgaard, Max Homa, Brandon Holtz (a), Viktor Hovland, Mason Howell (a), Sungjae Im, <strong>Zach Johnson<\/strong>, <strong>Dustin Johnson<\/strong>, Naoyuki Kataoka, Johnny Keefer, Michael Kim, Si Woo Kim, Kurt Kitayama, Brooks Koepka, Michael La Sasso (a), Fifa Laopakdee (a), Min Woo Lee, Haotong Li, Shane Lowry, Robert MacIntyre, <strong>Hideki Matsuyama<\/strong>, <strong>Rory McIlroy<\/strong>, Tom McKibbin, Maverick McNealy, <strong>Phil Mickelson<\/strong>, Collin Morikawa, Rasmus Neergaard-Petersen, Alex Noren, Andrew Novak, <strong>Jose Maria Olazabal<\/strong>, Carlos Ortiz, Marco Penge, Aldrich Potgieter, <strong>Jon Rahm<\/strong>, Aaron Rai, <strong>Patrick Reed<\/strong>, Kristoffer Reitan, Davis Riley, Justin Rose, Xander Schauffele, <strong>Scottie Scheffler<\/strong>, <strong>Charl Schwartzel<\/strong>, <strong>Adam<\/strong> <strong>Scott<\/strong>, <strong>Vijay Singh<\/strong>, Cameron Smith, J.J. Spaun, <strong>Jordan Spieth<\/strong>, Sam Stevens, Sepp Straka, Nick Taylor, Justin Thomas, Sami Valimaki, <strong>Bubba Watson<\/strong>, <strong>Mike Weir<\/strong>, <strong>Danny Willett<\/strong>, <strong>Tiger Woods<\/strong>, Cameron Young.<\/p>\n<p>En gras\u00a0: les anciens vainqueurs, qualifi\u00e9s \u00e0 vie<\/p>\n<p>En soulign\u00e9 : les joueurs du LIV Golf<\/p>\n<p>Photo : Getty Images<\/p>\n<p>\t\t\t<script async src=\"https:\/\/platform.twitter.com\/widgets.js\" charset=\"utf-8\"><\/script><\/p>\n","protected":false},"excerpt":{"rendered":"Partager cet article Partager la publication \u00ab\u00a0Ils seront \u00e0 Augusta au mois d\u2019avril\u00a0\u00bb Le top 50 mondial au&hellip;\n","protected":false},"author":2,"featured_media":390948,"comment_status":"","ping_status":"","sticky":false,"template":"","format":"standard","meta":{"footnotes":""},"categories":[1418],"tags":[1011,27,1472,60],"class_list":{"0":"post-647548","1":"post","2":"type-post","3":"status-publish","4":"format-standard","5":"has-post-thumbnail","7":"category-golf","8":"tag-fr","9":"tag-france","10":"tag-golf","11":"tag-sports"},"share_on_mastodon":{"url":"https:\/\/pubeurope.com\/@fr\/115854995772538486","error":""},"_links":{"self":[{"href":"https:\/\/www.europesays.com\/fr\/wp-json\/wp\/v2\/posts\/647548","targetHints":{"allow":["GET"]}}],"collection":[{"href":"https:\/\/www.europesays.com\/fr\/wp-json\/wp\/v2\/posts"}],"about":[{"href":"https:\/\/www.europesays.com\/fr\/wp-json\/wp\/v2\/types\/post"}],"author":[{"embeddable":true,"href":"https:\/\/www.europesays.com\/fr\/wp-json\/wp\/v2\/users\/2"}],"replies":[{"embeddable":true,"href":"https:\/\/www.europesays.com\/fr\/wp-json\/wp\/v2\/comments?post=647548"}],"version-history":[{"count":0,"href":"https:\/\/www.europesays.com\/fr\/wp-json\/wp\/v2\/posts\/647548\/revisions"}],"wp:featuredmedia":[{"embeddable":true,"href":"https:\/\/www.europesays.com\/fr\/wp-json\/wp\/v2\/media\/390948"}],"wp:attachment":[{"href":"https:\/\/www.europesays.com\/fr\/wp-json\/wp\/v2\/media?parent=647548"}],"wp:term":[{"taxonomy":"category","embeddable":true,"href":"https:\/\/www.europesays.com\/fr\/wp-json\/wp\/v2\/categories?post=647548"},{"taxonomy":"post_tag","embeddable":true,"href":"https:\/\/www.europesays.com\/fr\/wp-json\/wp\/v2\/tags?post=647548"}],"curies":[{"name":"wp","href":"https:\/\/api.w.org\/{rel}","templated":true}]}}