{"id":647554,"date":"2026-01-07T17:35:08","date_gmt":"2026-01-07T17:35:08","guid":{"rendered":"https:\/\/www.europesays.com\/fr\/647554\/"},"modified":"2026-01-07T17:35:08","modified_gmt":"2026-01-07T17:35:08","slug":"strasbourg-je-suis-impatient-de-demarrer-les-premiers-mots-de-gary-oneil-comme-entraineur-au-club-rmc-sport","status":"publish","type":"post","link":"https:\/\/www.europesays.com\/fr\/647554\/","title":{"rendered":"Strasbourg : &quot;Je suis impatient de d\u00e9marrer&quot;, les premiers mots de Gary O&#039;Neil comme entra\u00eeneur au club &#8211; RMC Sport"},"content":{"rendered":"<ol>\n<li><a href=\"https:\/\/news.google.com\/rss\/articles\/CBMi_gFBVV95cUxOWjJLWnVhSGREM1c5ZkFOSGViMGpJR1ZmNHY2VUUxUmZpNllqTnFmdzJkMGFnU2ZPaDBidlpHRFlRX1JzZ1lBWDJvZ1JCYkpZMjNCOXdKQlNKTUtOanRmRXBpZlU1bVVjeGEwbW4yZXdTVG5JRy10bTJfRkFzcUZoSnBTcTVsRng2UGpWblEyRzdEc0RCUV9DamM4RWZmS1daMGJ3Z08wb0gyQmRqQ3RlTm5qQkFkX0YxOGR2MldUaHBhNTlYT2dCQ1o2UGdOcmdyc2ZYZUR1SGozNkxRWWxvb3NhWWtBdjVKMVJMRFJMNlNVTGpEYVA3ajcybm1Vdw?oc=5\" target=\"_blank\" rel=\"noopener\">Strasbourg : \u00ab\u00a0Je suis impatient de d\u00e9marrer\u00a0\u00bb, les premiers mots de Gary O&rsquo;Neil comme entra\u00eeneur au club<\/a>&nbsp;&nbsp;RMC Sport<\/li>\n<li><a href=\"https:\/\/news.google.com\/rss\/articles\/CBMi0gFBVV95cUxObExEZFBrcHowRU9TNE9ySXUxRzlVcW55Yk9XTnR4THJOd1VQMXA2RzhvSGMtRXJkUE55eFhxaFRrczdtV3lBSUxTa2o3Uk1sYzBtOC1wQzFvei04bi1mdkd2YVZnbll5N3Z3ellnV2luSWZJQ01aX0d2QlppOTQ0ckhJbmMzc00yOVotdGVXRVZJSlhIRHBhdzdGNUxveEM0al9lVnR1Nkp3S0U1ZFBTOHprVU15dlNpRllpbVZMUDlqcG1RNDN4Z1NXdXppWVVpckE?oc=5\" target=\"_blank\" rel=\"noopener\">Strasbourg : d\u00e9parts de Rosenior et Barco, appel \u00e0 d\u00e9mission\u2026 Marc Keller l\u00e2che ses v\u00e9rit\u00e9s<\/a>&nbsp;&nbsp;Foot Mercato<\/li>\n<li><a href=\"https:\/\/news.google.com\/rss\/articles\/CBMi-wFBVV95cUxOVXE2QTBpcE1MX1I3MjlkUGMzNVdORlRTdW5CWmktTDdXTWhQSmFaTXYwcnlXcWR2N1NZbllsSm1ReVNVWUVBVWlTVThtQW5KaU04VTk2TUhCZHZuNWx1emEtQlJGajB2WlBqVm9BOFNqd3BzdlU4VHpHM1BudDE4ZnluZlhfcUVJeHY5NHY1VHR1MlR5ck80MHdwVXdEV1R6YlNSZzFtNFdOd21LbDJ4YzRnTlA2STRUVWt6bjVvenVuUS1KbDUzaXZJT2c3SHhHWXcxR21HcURkQVlTOWVjYVRRN0MtMDdudGNHdGs1QU5aa2Ryb2trdzhYdw?oc=5\" target=\"_blank\" rel=\"noopener\">Transferts &#8211; Marc Keller : \u00ab\u00a0Le d\u00e9part de Liam Rosenior n&rsquo;\u00e9tait pas pr\u00e9vu et souhait\u00e9 par personne\u00a0\u00bb<\/a>&nbsp;&nbsp;Eurosport<\/li>\n<li><a href=\"https:\/\/news.google.com\/rss\/articles\/CBMi1gFBVV95cUxOWEZlU3R1dUtVUEp1SFp3cEFJTXg0ZVRTTHloV1pnNGlYaWlLNHZ5MV9fNGVzMHZZSFg2aHI4a3BqYkhtUy1qbGh1R1Zzd25wdFBESFVMRUE5M0dIRUZEbnU1b2tPbnY0TWdhSkhFYUFmdkNOc1NmT1lUdmllV29BandRc3lGWnZzMTJad0xOel90RWRoeFlfSzQ2RkhOTmZHZjhqczkxVHZ5QWZrdFpabFh6OGU2MnBaa043TExrMzVpQzJ5VFNpMVVuQnhoSGU2NV9adkF3?oc=5\" target=\"_blank\" rel=\"noopener\">Un vaisseau, des vassaux : entre cynisme et m\u00e9pris, comment la multipropri\u00e9t\u00e9 a profit\u00e9 des faiblesses de la Ligue 1<\/a>&nbsp;&nbsp;L&rsquo;\u00c9quipe<\/li>\n<li><a href=\"https:\/\/news.google.com\/rss\/articles\/CBMinwFBVV95cUxNR2dNUjhvdXo4Tm9PRTI0WXprMENad1dQaGZWRDFrWG55UHJzQ25TN1hXcldMRGt3SW9GRFBETGpZT0JLREVxMzUwYlhuQ1h1NDN1V1lKQ2NDRmg4U1VoV1ExaTg4c3BwYUZ6V3plVnFYWHlSQjdNaVMzb3RqaG50b0xScGctaVYwODNVVjVSWHhycHJ4MnBEZ3N2NjJYemc?oc=5\" target=\"_blank\" rel=\"noopener\">Gary O\u2019Neil nomm\u00e9 entra\u00eeneur du Racing Club de Strasbourg Alsace<\/a>&nbsp;&nbsp;Racing Club de Strasbourg Alsace<\/li>\n<\/ol>\n","protected":false},"excerpt":{"rendered":"Strasbourg : \u00ab\u00a0Je suis impatient de d\u00e9marrer\u00a0\u00bb, les premiers mots de Gary O&rsquo;Neil comme entra\u00eeneur au club&nbsp;&nbsp;RMC Sport&hellip;\n","protected":false},"author":2,"featured_media":395849,"comment_status":"","ping_status":"","sticky":false,"template":"","format":"standard","meta":{"footnotes":""},"categories":[1410],"tags":[63,1011,27,60],"class_list":{"0":"post-647554","1":"post","2":"type-post","3":"status-publish","4":"format-standard","5":"has-post-thumbnail","7":"category-football","8":"tag-football","9":"tag-fr","10":"tag-france","11":"tag-sports"},"share_on_mastodon":{"url":"https:\/\/pubeurope.com\/@fr\/115855027609647371","error":""},"_links":{"self":[{"href":"https:\/\/www.europesays.com\/fr\/wp-json\/wp\/v2\/posts\/647554","targetHints":{"allow":["GET"]}}],"collection":[{"href":"https:\/\/www.europesays.com\/fr\/wp-json\/wp\/v2\/posts"}],"about":[{"href":"https:\/\/www.europesays.com\/fr\/wp-json\/wp\/v2\/types\/post"}],"author":[{"embeddable":true,"href":"https:\/\/www.europesays.com\/fr\/wp-json\/wp\/v2\/users\/2"}],"replies":[{"embeddable":true,"href":"https:\/\/www.europesays.com\/fr\/wp-json\/wp\/v2\/comments?post=647554"}],"version-history":[{"count":0,"href":"https:\/\/www.europesays.com\/fr\/wp-json\/wp\/v2\/posts\/647554\/revisions"}],"wp:featuredmedia":[{"embeddable":true,"href":"https:\/\/www.europesays.com\/fr\/wp-json\/wp\/v2\/media\/395849"}],"wp:attachment":[{"href":"https:\/\/www.europesays.com\/fr\/wp-json\/wp\/v2\/media?parent=647554"}],"wp:term":[{"taxonomy":"category","embeddable":true,"href":"https:\/\/www.europesays.com\/fr\/wp-json\/wp\/v2\/categories?post=647554"},{"taxonomy":"post_tag","embeddable":true,"href":"https:\/\/www.europesays.com\/fr\/wp-json\/wp\/v2\/tags?post=647554"}],"curies":[{"name":"wp","href":"https:\/\/api.w.org\/{rel}","templated":true}]}}