{"id":647555,"date":"2026-01-07T17:36:12","date_gmt":"2026-01-07T17:36:12","guid":{"rendered":"https:\/\/www.europesays.com\/fr\/647555\/"},"modified":"2026-01-07T17:36:12","modified_gmt":"2026-01-07T17:36:12","slug":"elle-est-immortelle-dans-nos-coeurs-a-saint-tropez-on-salue-la-memoire-du-mythe","status":"publish","type":"post","link":"https:\/\/www.europesays.com\/fr\/647555\/","title":{"rendered":"\u00ab\u00a0Elle est immortelle dans nos c\u0153urs\u00a0\u00bb\u2026 A Saint-Tropez, on salue la m\u00e9moire du \u00ab\u00a0mythe\u00a0\u00bb"},"content":{"rendered":"<p>A Saint-Tropez (Var),<\/p>\n<p>Le soleil perce \u00e0 peine sur le port de <a href=\"https:\/\/www.20minutes.fr\/dossier\/saint-tropez\" class=\"c-link c-link--is-underlined\" target=\"_blank\" rel=\"noopener\">Saint-Tropez<\/a>, dans le Var. Yachts dans le dos, Caf\u00e9 S\u00e9n\u00e9quier en face, sur le quai les badauds s\u2019installent d\u00e9j\u00e0 le long des barri\u00e8res en attendant le cort\u00e8ge fun\u00e9raire transportant le cercueil en osier de <a href=\"https:\/\/www.20minutes.fr\/dossier\/brigitte_bardot\" class=\"c-link c-link--is-underlined\" target=\"_blank\" rel=\"noopener\">Brigitte Bardot<\/a>. Devant les fa\u00e7ades ocre, un \u00e9cran g\u00e9ant affiche une photo en noir et blanc de l\u2019ex-actrice avec un b\u00e9b\u00e9 phoque. Anne-Marie, Pascal et Nathalie sont venus d\u2019Annecy pour rendre un dernier hommage \u00e0 l\u2019ic\u00f4ne. Partis \u00e0 2 heures du matin, ils ont brav\u00e9 la neige et le verglas, accompagn\u00e9s de Max et Yoa, leurs chiens. \u00ab\u00a0Quand on aime, on ne compte pas\u00a0\u00bb, assure Anne-Marie, \u00e9mue. \u00ab\u00a0J\u2019aurais aim\u00e9 lui dire tout ce que je pensais d\u2019elle, mais elle le sait\u00a0\u00bb, ajoute-t-elle en pointant le ciel.<\/p>\n<p>Brigitte, qui doit son pr\u00e9nom \u00e0 l\u2019ancienne Marianne, est \u00e9galement venue depuis Marseille avec ses chiennes. \u00ab\u00a0Brigitte Bardot repr\u00e9sente la France, c\u2019est un embl\u00e8me et elle a fait tellement de bien pour les animaux\u00a0\u00bb, salue-t-elle. La <a href=\"https:\/\/www.20minutes.fr\/dossier\/protection_des_animaux\" class=\"c-link c-link--is-underlined\" target=\"_blank\" rel=\"noopener\">cause animale<\/a>, c\u2019est aussi ce qui a motiv\u00e9 Lily, arriv\u00e9e au petit matin par le bus depuis le Lavandou. Son amie Jeanine l\u2019accompagne, int\u00e9ress\u00e9e par l\u2019aspect \u00ab\u00a0people\u00a0\u00bb. \u00ab\u00a0J\u2019ai toujours aim\u00e9 BB, c\u2019\u00e9tait une belle \u00e2me\u00a0\u00bb, assure-t-elle, en \u00e9num\u00e9rant des anecdotes sur la star. A ses c\u00f4t\u00e9s, une femme a apport\u00e9 un bouquet de mimosas.<\/p>\n<p>Drapeaux fran\u00e7ais et aboiements<\/p>\n<p>Quelques m\u00e8tres plus loin, Nadia dit adieu \u00e0 \u00ab\u00a0toute sa jeunesse\u00a0\u00bb. Elle a perdu ses deux idoles, <a href=\"https:\/\/www.20minutes.fr\/dossier\/alain_delon\" class=\"c-link c-link--is-underlined\" target=\"_blank\" rel=\"noopener\">Alain Delon<\/a> et Brigitte Bardot, en l\u2019espace de deux ans. \u00ab\u00a0L\u2019homme le plus beau du monde et la femme la plus belle\u00a0\u00bb, soupire-t-elle. \u00ab\u00a0Brigitte a repr\u00e9sent\u00e9, pour nous les femmes, une \u00e9mancipation. Les seins nus, les bikinis, les minijupes\u2026 C\u2019\u00e9tait une femme de c\u0153ur, franche\u00a0\u00bb, poursuit cette femme blonde d\u2019une soixantaine d\u2019ann\u00e9es, venue de <a href=\"https:\/\/www.20minutes.fr\/dossier\/cannes\" class=\"c-link c-link--is-underlined\" target=\"_blank\" rel=\"noopener\">Cannes<\/a>. Contre la barri\u00e8re, Patrice n\u2019a que 21 ans, mais lui aussi s\u2019est d\u00e9plac\u00e9 pour remercier l\u2019engagement de la star pour les animaux. \u00ab\u00a0C\u2019est un mythe pour toutes les g\u00e9n\u00e9rations\u00a0\u00bb, explique le jeune homme.<\/p>\n<p><img decoding=\"async\" alt=\"Sur le port de Saint-Tropez, un \u00e9cran g\u00e9ant affiche une photo en noir et blanc de Brigitte Bardot avec un b\u00e9b\u00e9 phoque, le mercredi 7 janvier 2026.\" class=\"c-img\" loading=\"lazy\" fetchpriority=\"auto\" width=\"718\"  src=\"https:\/\/img.20mn.fr\/uAKGbmmMQoSNc20UXUYmbik\/718x0\" \/>Sur le port de Saint-Tropez, un \u00e9cran g\u00e9ant affiche une photo en noir et blanc de Brigitte Bardot avec un b\u00e9b\u00e9 phoque, le mercredi 7 janvier 2026.\u2002-\u00a0M. Durand\/20 Minutes<\/p>\n<p>Le corbillard chemine doucement dans les rues, salu\u00e9 par quelques applaudissements. Dans la ville, trois \u00e9crans ont \u00e9t\u00e9 install\u00e9s pour permettre de suivre en direct la c\u00e9r\u00e9monie. Sur la place des Lices, quadrill\u00e9e par les platanes et r\u00e9chauff\u00e9e par le soleil, plus d\u2019une centaine de personnes sont pr\u00e9sentes. Au premier rang, certains arborent des drapeaux fran\u00e7ais, d\u2019autres des roses. Maria Callas, bande-son du M\u00e9pris, Mireille Mathieu, Vincent Niclo\u2026 Les musiques de l\u2019office et les pri\u00e8res sont parfois entrecoup\u00e9es par les aboiements des nombreux chiens pr\u00e9sents.<\/p>\n<p>Ses controverses ne sont pas \u00e9voqu\u00e9es<\/p>\n<p>Jean-Fran\u00e7ois et Anne, dont la famille est originaire de Saint-Tropez depuis\u00a01876, s\u2019attendaient n\u00e9anmoins \u00e0 davantage de monde. \u00ab\u00a0C\u2019est une grande figure de la ville, elle a \u00e9t\u00e9 pr\u00e9curseure sur l\u2019image de la femme\u00a0\u00bb, reconna\u00eet Anne, qui d\u00e9plore n\u00e9anmoins <a href=\"https:\/\/www.20minutes.fr\/politique\/4193393-20251228-mort-brigitte-bardot-priorite-francais-longue-proximite-extreme-droite\" class=\"c-link c-link--is-underlined\" target=\"_blank\" rel=\"noopener\">ses positions \u00ab\u00a0controvers\u00e9es\u00a0\u00bb.<\/a> \u00ab\u00a0Le probl\u00e8me c\u2019est d\u2019avoir m\u00e9lang\u00e9 la cause animale et ses opinions politiques, \u00e7a a desservi la cause et peut-\u00eatre elle aussi\u00a0\u00bb, souligne Jean-Fran\u00e7ois en montrant la place clairsem\u00e9e. D\u2019ailleurs parmi les pr\u00e9sents, ce couple est \u00e0 peu pr\u00e8s le seul \u00e0 pointer ses propos racistes, islamophobes ou homophobes.<\/p>\n<p>Au son de Toutes les b\u00eates sont \u00e0 aimer, la c\u00e9r\u00e9monie s\u2019ach\u00e8ve. \u00ab\u00a0Merci Brigitte\u00a0\u00bb, s\u2019\u00e9crient plusieurs personnes assises au premier rang. Fran\u00e7oise, Corinne et Patricia s\u00e8chent leurs larmes. Difficile pour les trois Varoises de parler de Brigitte Bardot au pass\u00e9. \u00ab\u00a0Elle est immortelle dans nos c\u0153urs\u00a0\u00bb, assure Patricia, qui regrette un hommage un peu triste par rapport \u00e0 la personnalit\u00e9 de celle \u00ab\u00a0qui a fabriqu\u00e9 Saint-Tropez\u00a0\u00bb. \u00ab\u00a0On voudrait toujours plus pour elle\u00a0\u00bb, reconna\u00eet la sexag\u00e9naire qui imaginait des chansons de Bardot diffus\u00e9es dans la ville et les rues couvertes de fleurs.<\/p>\n<p><img decoding=\"async\" alt=\"La tombe de Brigitte Bardot, au cimeti\u00e8re marin de Saint-Tropez. \" class=\"c-img\" loading=\"lazy\" fetchpriority=\"auto\" width=\"718\"  src=\"https:\/\/img.20mn.fr\/6etxcF5FQX6UMaqm6MXEbyk\/718x0-0.09999999999998899x36.75781488418579-99.9\" \/>La tombe de Brigitte Bardot, au cimeti\u00e8re marin de Saint-Tropez. \u2002-\u00a0M. Durand\/20 Minutes<\/p>\n<p>Apr\u00e8s la pause m\u00e9ridienne, un nouvel hommage, ouvert \u00e0 tous cette fois, est organis\u00e9 au Pr\u00e8s des P\u00eacheurs, une esplanade herbeuse qui surplombe la mer. Des notes de guitare, jou\u00e9es par Chico Bouchikhi, cofondateur des Gypsy Kings, surprennent les participants qui affluent vers le lieu de rassemblement. Descendant du cimeti\u00e8re marin, o\u00f9 l\u2019inhumation s\u2019est d\u00e9roul\u00e9e dans l\u2019intimit\u00e9, l\u2019activiste Paul Watson est applaudi, tandis que l\u2019animateur Jean-Luc Reichmann se pr\u00eate au jeu des photographies. \u00ab\u00a0Merci de vous \u00eatre d\u00e9plac\u00e9s pour elle\u00a0\u00bb, clame la maire de la commune, Sylvie Siri, sur l\u2019estrade, avant de lancer un film d\u2019hommage \u00e0 l\u2019actrice.<\/p>\n<p>Plusieurs Trop\u00e9ziens et Trop\u00e9ziennes se succ\u00e8dent sur sc\u00e8ne pour raconter des anecdotes sur \u00ab\u00a0leur\u00a0\u00bb Brigitte. Puis, derni\u00e8re surprise, le cimeti\u00e8re marin ouvre finalement ses portes au public pour un ultime au revoir. La tombe, face \u00e0 la mer, est couverte de fleurs. \u00ab\u00a0Brigitte Bardot et Saint-Tropez, \u00e7a ne finira jamais\u00a0\u00bb, conclut la maire.<\/p>\n","protected":false},"excerpt":{"rendered":"A Saint-Tropez (Var), Le soleil perce \u00e0 peine sur le port de Saint-Tropez, dans le Var. Yachts dans&hellip;\n","protected":false},"author":2,"featured_media":647556,"comment_status":"","ping_status":"","sticky":false,"template":"","format":"standard","meta":{"footnotes":""},"categories":[1359],"tags":[47,20224,650,251,58,15085,59,1011,27,15086,883,973,6030,882,20592,104,7506],"class_list":{"0":"post-647555","1":"post","2":"type-post","3":"status-publish","4":"format-standard","5":"has-post-thumbnail","7":"category-people","8":"tag-actualite","9":"tag-brigitte-bardot","10":"tag-cinema","11":"tag-culture","12":"tag-divertissement","13":"tag-enterrement","14":"tag-entertainment","15":"tag-fr","16":"tag-france","17":"tag-obseques","18":"tag-paca","19":"tag-people","20":"tag-protection-des-animaux","21":"tag-provence-alpes-cote-dazur","22":"tag-saint-tropez","23":"tag-societe","24":"tag-var"},"share_on_mastodon":{"url":"https:\/\/pubeurope.com\/@fr\/115855031340682893","error":""},"_links":{"self":[{"href":"https:\/\/www.europesays.com\/fr\/wp-json\/wp\/v2\/posts\/647555","targetHints":{"allow":["GET"]}}],"collection":[{"href":"https:\/\/www.europesays.com\/fr\/wp-json\/wp\/v2\/posts"}],"about":[{"href":"https:\/\/www.europesays.com\/fr\/wp-json\/wp\/v2\/types\/post"}],"author":[{"embeddable":true,"href":"https:\/\/www.europesays.com\/fr\/wp-json\/wp\/v2\/users\/2"}],"replies":[{"embeddable":true,"href":"https:\/\/www.europesays.com\/fr\/wp-json\/wp\/v2\/comments?post=647555"}],"version-history":[{"count":0,"href":"https:\/\/www.europesays.com\/fr\/wp-json\/wp\/v2\/posts\/647555\/revisions"}],"wp:featuredmedia":[{"embeddable":true,"href":"https:\/\/www.europesays.com\/fr\/wp-json\/wp\/v2\/media\/647556"}],"wp:attachment":[{"href":"https:\/\/www.europesays.com\/fr\/wp-json\/wp\/v2\/media?parent=647555"}],"wp:term":[{"taxonomy":"category","embeddable":true,"href":"https:\/\/www.europesays.com\/fr\/wp-json\/wp\/v2\/categories?post=647555"},{"taxonomy":"post_tag","embeddable":true,"href":"https:\/\/www.europesays.com\/fr\/wp-json\/wp\/v2\/tags?post=647555"}],"curies":[{"name":"wp","href":"https:\/\/api.w.org\/{rel}","templated":true}]}}