{"id":647557,"date":"2026-01-07T17:37:19","date_gmt":"2026-01-07T17:37:19","guid":{"rendered":"https:\/\/www.europesays.com\/fr\/647557\/"},"modified":"2026-01-07T17:37:19","modified_gmt":"2026-01-07T17:37:19","slug":"la-photographe-neerlandaise-justine-tjallinks-rend-la-beaute-simplement-eternelle","status":"publish","type":"post","link":"https:\/\/www.europesays.com\/fr\/647557\/","title":{"rendered":"La photographe n\u00e9erlandaise Justine Tjallinks rend la beaut\u00e9 simplement \u00e9ternelle"},"content":{"rendered":"<p>\n    <strong>NOS FIGURES DE LA RENTR\u00c9E &#8211;<\/strong> Cette jeune artiste s\u2019inspire de l\u2019\u00e2ge d\u2019or de la peinture hollandaise et exposera ses portraits contemplatifs, au Mus\u00e9e de la photographie de Nice le 14\u00a0f\u00e9vrier.<\/p>\n<p class=\"fig-paragraph\">Les portraits de la photographe n\u00e9erlandaise Justine Tjallinks sont presque trop beaux pour \u00eatre vrais. Cils presque blancs comme ceux d\u2019une f\u00e9e nordique, carnation de porcelaine, bouche \u00e0 peine touch\u00e9e par la ros\u00e9e, comme celle de\u00a0<a href=\"http:\/\/www.lefigaro.fr\/histoire\/la-jeune-fille-a-la-perle-qui-est-l-inconnue-a-la-perle-peinte-par-vermeer-20230318\" data-fig-type=\"Article\" data-gtm-custom-categorie=\"navigation\" data-gtm-custom-action=\"crossclick\" data-gtm-custom-label=\"Contextuel\" data-gtm-event=\"customEventSPE\" data-fig-domain=\"LEFIGARO\" target=\"_blank\" rel=\"noopener\">La Jeune Fille \u00e0 la perle<\/a>, cheveux ma\u00eetris\u00e9s dans des coiffures sages, tenues le plus souvent monochromes qui en appellent au clair-obscur, rigueur de la composition, son monde semble interdit \u00e0 quiconque. S\u2019en d\u00e9gage une lente respiration qui ferait remonter le fil du temps et r\u00e9inventer la beaut\u00e9, \u00e9ph\u00e9m\u00e8re, fragile, d\u00e9licate, jusque-l\u00e0 pass\u00e9e inaper\u00e7ue dans notre monde norm\u00e9 et press\u00e9.<\/p>\n<p class=\"fig-paragraph\">Contemporaine, Justine Tjallinks l\u2019est pourtant totalement. \u00ab\u00a0Le processus de cr\u00e9ation de l\u2019artiste repose sur l\u2019observation et la patience, indique le Mus\u00e9e de la photographie de Nice. Elle rep\u00e8re ses mod\u00e8les dans l\u2019espace public, parmi la foule des gares, des rues ou le long des canaux d\u2019Amsterdam, et consacre de longues heures \u00e0 identifier les personnes qui deviendront protagonistes\u2026<\/p>\n<p class=\"fig-premium-paywall__infos\">\n        Cet article est r\u00e9serv\u00e9 aux abonn\u00e9s.        Il vous reste 62% \u00e0 d\u00e9couvrir.\n    <\/p>\n<p>                <img  data- alt=\"Le Figaro\" class=\"fig-img--complete fig-img\"\/><\/p>\n<p class=\"fig-premium-paywall__title\">Vous avez envie de lire la suite ?<\/p>\n<p class=\"fig-premium-paywall__subtitle\">D\u00e9bloquez tous les articles imm\u00e9diatement.<\/p>\n<p class=\"fig-premium-paywall__connect\">\n                D\u00e9j\u00e0 abonn\u00e9\u00a0?                <a class=\"fig-premium-paywall__connect-link\" href=\"https:\/\/connect.lefigaro.fr\/login?client=horizon_web&amp;type=main&amp;redirect_uri=https%3A%2F%2Fwww.lefigaro.fr%2Fculture%2Fla-photographe-neerlandaise-justine-tjallinks-rend-la-beaute-simplement-eternelle-20260107\" data-js-gtm=\"{&quot;customCategorie&quot;: &quot;conversion&quot;, &quot;customAction&quot;: &quot;before_Landing_Connexion_paywall_auto&quot;, &quot;customLabel&quot;: &quot;bGVmaWdhcm8uZnJfXzFmMGVhNDVkLTFmYzEtNmQ5Mi05NzBhLTA1NzZjYjFmYzI1MV9fQXJ0aWNsZQ==_La photographe n\u00e9erlandaise Justine Tjallinks rend la beaut\u00e9 simplement \u00e9ternelle_378&quot;, &quot;customIDSPE&quot;: &quot;bGVmaWdhcm8uZnJfXzFmMGVhNDVkLTFmYzEtNmQ5Mi05NzBhLTA1NzZjYjFmYzI1MV9fQXJ0aWNsZQ==&quot;, &quot;event&quot;: &quot;customEventSPE&quot;}\" target=\"_blank\" rel=\"noopener\"><br \/>\n                    Connectez-vous<br \/>\n                <\/a>\n            <\/p>\n","protected":false},"excerpt":{"rendered":"NOS FIGURES DE LA RENTR\u00c9E &#8211; Cette jeune artiste s\u2019inspire de l\u2019\u00e2ge d\u2019or de la peinture hollandaise et&hellip;\n","protected":false},"author":2,"featured_media":647558,"comment_status":"","ping_status":"","sticky":false,"template":"","format":"standard","meta":{"footnotes":""},"categories":[1358],"tags":[4502,1396,1348,1384,1385,1386,58,59,1011,27,1756],"class_list":{"0":"post-647557","1":"post","2":"type-post","3":"status-publish","4":"format-standard","5":"has-post-thumbnail","7":"category-arts-et-design","8":"tag-amsterdam","9":"tag-art-contemporain","10":"tag-arts","11":"tag-arts-and-design","12":"tag-arts-et-design","13":"tag-design","14":"tag-divertissement","15":"tag-entertainment","16":"tag-fr","17":"tag-france","18":"tag-photographie"},"share_on_mastodon":{"url":"https:\/\/pubeurope.com\/@fr\/115855035151414391","error":""},"_links":{"self":[{"href":"https:\/\/www.europesays.com\/fr\/wp-json\/wp\/v2\/posts\/647557","targetHints":{"allow":["GET"]}}],"collection":[{"href":"https:\/\/www.europesays.com\/fr\/wp-json\/wp\/v2\/posts"}],"about":[{"href":"https:\/\/www.europesays.com\/fr\/wp-json\/wp\/v2\/types\/post"}],"author":[{"embeddable":true,"href":"https:\/\/www.europesays.com\/fr\/wp-json\/wp\/v2\/users\/2"}],"replies":[{"embeddable":true,"href":"https:\/\/www.europesays.com\/fr\/wp-json\/wp\/v2\/comments?post=647557"}],"version-history":[{"count":0,"href":"https:\/\/www.europesays.com\/fr\/wp-json\/wp\/v2\/posts\/647557\/revisions"}],"wp:featuredmedia":[{"embeddable":true,"href":"https:\/\/www.europesays.com\/fr\/wp-json\/wp\/v2\/media\/647558"}],"wp:attachment":[{"href":"https:\/\/www.europesays.com\/fr\/wp-json\/wp\/v2\/media?parent=647557"}],"wp:term":[{"taxonomy":"category","embeddable":true,"href":"https:\/\/www.europesays.com\/fr\/wp-json\/wp\/v2\/categories?post=647557"},{"taxonomy":"post_tag","embeddable":true,"href":"https:\/\/www.europesays.com\/fr\/wp-json\/wp\/v2\/tags?post=647557"}],"curies":[{"name":"wp","href":"https:\/\/api.w.org\/{rel}","templated":true}]}}