{"id":647559,"date":"2026-01-07T17:39:10","date_gmt":"2026-01-07T17:39:10","guid":{"rendered":"https:\/\/www.europesays.com\/fr\/647559\/"},"modified":"2026-01-07T17:39:10","modified_gmt":"2026-01-07T17:39:10","slug":"perrine-lamour-est-dans-le-pre-cest-la-fin","status":"publish","type":"post","link":"https:\/\/www.europesays.com\/fr\/647559\/","title":{"rendered":"Perrine (L\u2019amour est dans le pr\u00e9) : c\u2019est la fin\u2026"},"content":{"rendered":"<p>R\u00e9v\u00e9l\u00e9e au grand public gr\u00e2ce \u00e0 sa participation \u00e0 <strong><a href=\"https:\/\/www.public.fr\/tag\/l-amour-est-dans-le-pre\" target=\"_blank\" rel=\"noopener\">L\u2019amour est dans le pr\u00e9<\/a><\/strong> dans la saison 18, Perrine avait su toucher les t\u00e9l\u00e9spectateurs par son authenticit\u00e9, son engagement et son attachement profond \u00e0 son exploitation agricole. Depuis la fin de l\u2019\u00e9mission, l\u2019ancienne candidate partageait r\u00e9guli\u00e8rement son quotidien avec sa communaut\u00e9, <strong>mettant en avant son travail<\/strong>, ses projets et les r\u00e9alit\u00e9s du monde agricole.<\/p>\n<p>Mais derri\u00e8re cette image de femme combative, les difficult\u00e9s se sont accumul\u00e9es au fil des ann\u00e9es. Entre contraintes administratives, pression ext\u00e9rieure et d\u00e9fis personnels, <strong>la situation s\u2019est progressivement fragilis\u00e9e<\/strong>. Entre la maladie de Crohn dont elle souffre, et l\u2019AVC de sa maman qui n\u2019a rien arrang\u00e9, Perrine a v\u00e9cu quelques ann\u00e9es compliqu\u00e9es.<\/p>\n<p>Des moments compliqu\u00e9s qui l\u2019ont conduite \u00e0 prendre une triste d\u00e9cision comme l\u2019ancienne candidate de <strong>L\u2019amour est dans le pr\u00e9<\/strong> l\u2019a r\u00e9v\u00e9l\u00e9 sur son compte Instagram ce mardi 6 janvier 2026. Perrine a d\u00e9cid\u00e9 de faire le point sur son avenir, livrant <a href=\"https:\/\/www.public.fr\/les-resultats-ne-sont-pas-bons-a-bout-de-forces-perrine-lamour-est-dans-le-pre-forcee-de-vendre-sa-ferme\" target=\"_blank\" rel=\"noopener\">un constat aussi honn\u00eate que douloureux sur sa ferme.<\/a><\/p>\n<p><strong>Un message fort et sans d\u00e9tour de l&rsquo;ancienne candidate de \u00ab\u00a0L&rsquo;amour est dans le pr\u00e9\u00a0\u00bb sur l\u2019avenir de son exploitation<\/strong><\/p>\n<p>C\u2019est \u00e0 travers un long message publi\u00e9 <a href=\"https:\/\/www.instagram.com\/p\/DTLR3oliF9F\/?hl=fr&amp;img_index=18\" target=\"_blank\" rel=\"noopener\">sur ses r\u00e9seaux sociaux<\/a> que Perrine a annonc\u00e9 une d\u00e9cision lourde de sens concernant son exploitation agricole, Helixine. \u00c0 travers son texte, l\u2019agricultrice a d\u00e9cid\u00e9 de s\u2019exprimer sans filtre, en retra\u00e7ant le chemin parcouru et les \u00e9preuves travers\u00e9es au fil des ann\u00e9es et annoncer la nouvelle \u00e0 la quelle personne ne s\u2019attendait.\u00a0<\/p>\n<p><strong>\u00ab\u00a0Apr\u00e8s 6 ann\u00e9es, je vais certainement devoir dire au revoir \u00e0 Helixine\u00a0\u00bb<\/strong>, r\u00e9v\u00e8le-t-elle dans un premier temps, officialisant la fin de son exploitation avant de donner plus de d\u00e9tails : \u00ab\u00a0Ma ferme m\u2019aura permis d\u2019affronter la maladie en me surpassant chaque jour un peu plus peut \u00eatre m\u00eame trop mais cette derni\u00e8re ann\u00e9e remplie de haine et de jalousie aura malheureusement d\u00e9grad\u00e9 ma sant\u00e9\u00a0\u00bb.<\/p>\n<p>\u00ab\u00a0En 6 ans je ne pensais pas r\u00e9aliser autant de choses, des rencontre incroyables et inattendues, des collaborations sinc\u00e8res, de la bienveillance, des troph\u00e9es, des articles, des tournages.. Tout \u00e7a en affrontant des \u00e9preuves, des batailles aupr\u00e8s de l\u2019administration, les al\u00e9as climatiques,\u2026 <strong>Je ne regrette rien car j\u2019ai tout donn\u00e9<\/strong>\u00ab\u00a0, a finalement conclu l\u2019ancienne candidate de L\u2019amour est dans le pr\u00e9, assurant ne rien regretter.\u00a0<\/p>\n<p>Si, \u00e0 travers sa publication, Perrine \u00e9voque explicitement l\u2019impact de ces six ann\u00e9es compliqu\u00e9es sur sa sant\u00e9, elle rappelle n\u00e9anmoins que son exploitation lui a permis de se d\u00e9passer face \u00e0 la maladie.<\/p>\n<p><strong>L\u2019engagement et les difficult\u00e9s du monde agricole<\/strong> ont eu raison de la ferme de Perrine<\/p>\n<p>Depuis sa participation \u00e0 <strong>L\u2019amour est dans le pr\u00e9<\/strong>, Perrine s\u2019\u00e9tait investie pleinement dans son exploitation, partageant r\u00e9guli\u00e8rement les r\u00e9alit\u00e9s de son m\u00e9tier. Comme le rappelle T\u00e9l\u00e9-Loisirs, elle n\u2019a jamais cach\u00e9 les difficult\u00e9s auxquelles elle devait faire face, notamment <strong>les lourdeurs administratives et les contraintes li\u00e9es aux al\u00e9as climatiques<\/strong>, qui p\u00e8sent fortement sur le quotidien des agriculteurs.<\/p>\n<p>Au fil des ann\u00e9es, son projet Helixine avait n\u00e9anmoins connu une certaine visibilit\u00e9, gr\u00e2ce \u00e0 des collaborations, des articles et <strong>des tournages pour des t\u00e9l\u00e9visions du monde entier<\/strong> comme elle l\u2019\u00e9voque dans sa publication. Cette reconnaissance n\u2019a cependant pas suffi \u00e0 compenser l\u2019usure physique et morale d\u00e9crite par l\u2019ancienne candidate de L\u2019amour est dans le pr\u00e9, qui explique avoir tout donn\u00e9 pour faire vivre son exploitation.<\/p>\n<p>Mais ce serait surtout pour des causes administratives qu\u2019elle aurait fait le choix de jeter l\u2019\u00e9ponge. \u00ab\u00a0<strong>Les \u00e9ch\u00e9ances sont trop importantes<\/strong> par rapport \u00e0 ma structure et <a href=\"https:\/\/www.public.fr\/perrine-lamour-est-dans-le-pre-son-exploitation-placee-en-redressement\" target=\"_blank\" rel=\"noopener\">la banque refuse d&rsquo;\u00e9taler un peu<\/a>. De leur faute, je me suis retrouv\u00e9e bien malade et dans l&rsquo;obligation de revendre ma ferme\u00a0\u00bb, avait-elle mentionn\u00e9.<\/p>\n<p>\n          Hits &amp; People en continu\n        <\/p>\n<p>\n          Public Radio\n        <\/p>\n<p>      Mentionn\u00e9s dans cet article<\/p>\n<p>      Sur le m\u00eame sujet<\/p>\n<p>  <script async src=\"\/\/www.instagram.com\/embed.js\"><\/script><\/p>\n","protected":false},"excerpt":{"rendered":"R\u00e9v\u00e9l\u00e9e au grand public gr\u00e2ce \u00e0 sa participation \u00e0 L\u2019amour est dans le pr\u00e9 dans la saison 18,&hellip;\n","protected":false},"author":2,"featured_media":647560,"comment_status":"","ping_status":"","sticky":false,"template":"","format":"standard","meta":{"footnotes":""},"categories":[1356],"tags":[58,59,9095,1011,27,9307,252,1364],"class_list":{"0":"post-647559","1":"post","2":"type-post","3":"status-publish","4":"format-standard","5":"has-post-thumbnail","7":"category-television","8":"tag-divertissement","9":"tag-entertainment","10":"tag-ferme","11":"tag-fr","12":"tag-france","13":"tag-lamour-est-dans-le-pre","14":"tag-television","15":"tag-tv"},"share_on_mastodon":{"url":"https:\/\/pubeurope.com\/@fr\/115855043446790615","error":""},"_links":{"self":[{"href":"https:\/\/www.europesays.com\/fr\/wp-json\/wp\/v2\/posts\/647559","targetHints":{"allow":["GET"]}}],"collection":[{"href":"https:\/\/www.europesays.com\/fr\/wp-json\/wp\/v2\/posts"}],"about":[{"href":"https:\/\/www.europesays.com\/fr\/wp-json\/wp\/v2\/types\/post"}],"author":[{"embeddable":true,"href":"https:\/\/www.europesays.com\/fr\/wp-json\/wp\/v2\/users\/2"}],"replies":[{"embeddable":true,"href":"https:\/\/www.europesays.com\/fr\/wp-json\/wp\/v2\/comments?post=647559"}],"version-history":[{"count":0,"href":"https:\/\/www.europesays.com\/fr\/wp-json\/wp\/v2\/posts\/647559\/revisions"}],"wp:featuredmedia":[{"embeddable":true,"href":"https:\/\/www.europesays.com\/fr\/wp-json\/wp\/v2\/media\/647560"}],"wp:attachment":[{"href":"https:\/\/www.europesays.com\/fr\/wp-json\/wp\/v2\/media?parent=647559"}],"wp:term":[{"taxonomy":"category","embeddable":true,"href":"https:\/\/www.europesays.com\/fr\/wp-json\/wp\/v2\/categories?post=647559"},{"taxonomy":"post_tag","embeddable":true,"href":"https:\/\/www.europesays.com\/fr\/wp-json\/wp\/v2\/tags?post=647559"}],"curies":[{"name":"wp","href":"https:\/\/api.w.org\/{rel}","templated":true}]}}