{"id":647561,"date":"2026-01-07T17:40:12","date_gmt":"2026-01-07T17:40:12","guid":{"rendered":"https:\/\/www.europesays.com\/fr\/647561\/"},"modified":"2026-01-07T17:40:12","modified_gmt":"2026-01-07T17:40:12","slug":"apres-10-ans-dabsence-la-star-annonce-que-son-nouvel-album-est-enfin-termine","status":"publish","type":"post","link":"https:\/\/www.europesays.com\/fr\/647561\/","title":{"rendered":"Apr\u00e8s 10 ans d\u2019absence, la star annonce que son nouvel album est enfin \u00ab\u00a0termin\u00e9\u00a0\u00bb"},"content":{"rendered":"<p> \u00abTout vient \u00e0 point \u00e0 qui sait attendre\u00a0\u00bb serait-elle la maxime favorite de <a href=\"https:\/\/www.20minutes.fr\/arts-stars\/people\/4082506-20240323-las-vegas-casino-dement-50-millions-dette-jeu-bruno-mars\" class=\"c-link c-link--is-underlined\" target=\"_blank\" rel=\"noopener\">Bruno Mars<\/a>\u00a0? En tout cas, l\u2019artiste multicasquettes am\u00e9ricain a pris son temps pour \u00e9laborer son nouvel <a href=\"https:\/\/www.20minutes.fr\/culture\/album\/\" class=\"c-link c-link--is-underlined\" target=\"_blank\" rel=\"noopener\">album<\/a>, qu\u2019il vient d\u2019annoncer avoir enfin termin\u00e9\u2026 dix ans apr\u00e8s la sortie de <a href=\"https:\/\/www.20minutes.fr\/culture\/1938359-20161007-video-tube-sort-donc-octobre-bruno-mars-retour-24k-magic\" class=\"c-link c-link--is-underlined\" target=\"_blank\" rel=\"noopener\">24K Magic<\/a>, rapporte <a href=\"https:\/\/www.chartsinfrance.net\/Bruno-Mars\/news-134880.html\" target=\"_blank\" class=\"c-link c-link--is-underlined\" rel=\"noopener\">ChartsInFrance<\/a>.<\/p>\n<\/p>\n<p>S\u2019il s\u2019\u00e9tait bri\u00e8vement <a href=\"https:\/\/www.20minutes.fr\/arts-stars\/culture\/2991183-20210306-bruno-mars-forme-groupe-anderson-paak-baptise-silk-sonic\" class=\"c-link c-link--is-underlined\" target=\"_blank\" rel=\"noopener\">associ\u00e9 \u00e0 Anderson. Paak pour former Silk Sonic<\/a> (et sortir en duo l\u2019album An Evening With Silk Sonic, en\u00a02021), Bruno Mars n\u2019avait donc rien produit de personnel depuis pr\u00e8s de dix ans. N\u2019emp\u00eache qu\u2019il n\u2019a manifest\u00e9 nulle explosion de joie pour annoncer la sortie de sa l\u00e9thargie cr\u00e9ative. Le musicien a seulement post\u00e9, sur <a href=\"https:\/\/www.20minutes.fr\/high-tech\/twitter\/\" class=\"c-link c-link--is-underlined\" target=\"_blank\" rel=\"noopener\">X<\/a>, le lapidaire message \u00ab\u00a0Mon album est termin\u00e9\u00a0\u00bb.<\/p>\n<p class=\"mb-m@xs text-l@xs\">En cliquant sur\u00ab J\u2019accepte \u00bb, vous acceptez le d\u00e9p\u00f4t de cookies par des services externes et aurez ainsi acc\u00e8s aux contenus de nos partenaires.<\/p>\n<p class=\"mb-xl@xs text-s@xs\">Plus d\u2019informations sur la page<a href=\"https:\/\/www.20minutes.fr\/gestion-cookies\" class=\"mx-xxs@xs color-ultramarine\" target=\"_blank\" rel=\"noopener\">Politique de gestion des cookies<\/a><\/p>\n<p>J\u2019accepte<\/p>\n<p>Si l\u2019on ignore quel sera le titre, le m\u00e9dia am\u00e9ricain <a href=\"https:\/\/www.hitsdailydouble.com\/news\/releases\/bruno-mars-single-album-2026-01-05\" target=\"_blank\" class=\"c-link c-link--is-underlined\" rel=\"noopener\">HITS<\/a> avance que son nouvel album pourrait sortir en mars\u00a02026 \u2013 en clin d\u2019\u0153il \u00e0 son nom d\u2019artiste\u00a0? \u2013 et que le premier single qui en sera extrait pourrait carr\u00e9ment para\u00eetre d\u00e8s le vendredi 9\u00a0janvier 2026\u00a0!<\/p>\n<p><a href=\"https:\/\/www.20minutes.fr\/arts-stars\/culture\/musique\/\" class=\"c-link c-btn c-btn--primary\" target=\"_blank\" rel=\"noopener\">Notre dossier \u00ab Musique \u00bb<\/a><\/p>\n<p>ChartsInFrance rappelle que si Bruno Mars n\u2019a rien produit de personnel depuis\u00a02016, il n\u2019en est, pour autant, pas rest\u00e9 inactif. Outre sa collab avec Anderson. Paak, il a en effet particip\u00e9 \u00e0 deux cartons r\u00e9cents\u00a0: <a href=\"https:\/\/www.youtube.com\/watch?v=kPa7bsKwL-c\" rel=\"nofollow noopener\" target=\"_blank\" class=\"c-link c-link--is-underlined\">Die With a Smile<\/a>, en duo avec <a href=\"https:\/\/www.20minutes.fr\/dossier\/lady_gaga\" class=\"c-link c-link--is-underlined\" target=\"_blank\" rel=\"noopener\">Lady Gaga<\/a> (3,3\u00a0milliards de streams sur <a href=\"https:\/\/www.20minutes.fr\/dossier\/spotify\" class=\"c-link c-link--is-underlined\" target=\"_blank\" rel=\"noopener\">Spotify<\/a>) et <a href=\"https:\/\/www.20minutes.fr\/arts-stars\/culture\/musique\/4123176-20241130-k-pop-pourquoi-chanson-entetante-apt-bruno-mars-rose-phenomene-musical-annee\" class=\"c-link c-link--is-underlined\" target=\"_blank\" rel=\"noopener\">APT. avec Ros\u00e9<\/a> (deuxi\u00e8me titre le plus stream\u00e9 dans le monde en\u00a02025).<\/p>\n","protected":false},"excerpt":{"rendered":"\u00abTout vient \u00e0 point \u00e0 qui sait attendre\u00a0\u00bb serait-elle la maxime favorite de Bruno Mars\u00a0? En tout cas,&hellip;\n","protected":false},"author":2,"featured_media":647562,"comment_status":"","ping_status":"","sticky":false,"template":"","format":"standard","meta":{"footnotes":""},"categories":[1355],"tags":[7086,1692,1695,251,58,59,1011,27,15208,2531,1361,873,10044,6852,6006],"class_list":{"0":"post-647561","1":"post","2":"type-post","3":"status-publish","4":"format-standard","5":"has-post-thumbnail","7":"category-musique","8":"tag-7086","9":"tag-album","10":"tag-chanson","11":"tag-culture","12":"tag-divertissement","13":"tag-entertainment","14":"tag-fr","15":"tag-france","16":"tag-grammy-awards","17":"tag-lady-gaga","18":"tag-music","19":"tag-musique","20":"tag-pop","21":"tag-spotify","22":"tag-succes"},"share_on_mastodon":{"url":"https:\/\/pubeurope.com\/@fr\/115855047184966872","error":""},"_links":{"self":[{"href":"https:\/\/www.europesays.com\/fr\/wp-json\/wp\/v2\/posts\/647561","targetHints":{"allow":["GET"]}}],"collection":[{"href":"https:\/\/www.europesays.com\/fr\/wp-json\/wp\/v2\/posts"}],"about":[{"href":"https:\/\/www.europesays.com\/fr\/wp-json\/wp\/v2\/types\/post"}],"author":[{"embeddable":true,"href":"https:\/\/www.europesays.com\/fr\/wp-json\/wp\/v2\/users\/2"}],"replies":[{"embeddable":true,"href":"https:\/\/www.europesays.com\/fr\/wp-json\/wp\/v2\/comments?post=647561"}],"version-history":[{"count":0,"href":"https:\/\/www.europesays.com\/fr\/wp-json\/wp\/v2\/posts\/647561\/revisions"}],"wp:featuredmedia":[{"embeddable":true,"href":"https:\/\/www.europesays.com\/fr\/wp-json\/wp\/v2\/media\/647562"}],"wp:attachment":[{"href":"https:\/\/www.europesays.com\/fr\/wp-json\/wp\/v2\/media?parent=647561"}],"wp:term":[{"taxonomy":"category","embeddable":true,"href":"https:\/\/www.europesays.com\/fr\/wp-json\/wp\/v2\/categories?post=647561"},{"taxonomy":"post_tag","embeddable":true,"href":"https:\/\/www.europesays.com\/fr\/wp-json\/wp\/v2\/tags?post=647561"}],"curies":[{"name":"wp","href":"https:\/\/api.w.org\/{rel}","templated":true}]}}