{"id":647567,"date":"2026-01-07T17:43:10","date_gmt":"2026-01-07T17:43:10","guid":{"rendered":"https:\/\/www.europesays.com\/fr\/647567\/"},"modified":"2026-01-07T17:43:10","modified_gmt":"2026-01-07T17:43:10","slug":"lunion-de-la-gauche-se-renforce-avec-le-ralliement-de-lapres-les-dissidents-de-lfi","status":"publish","type":"post","link":"https:\/\/www.europesays.com\/fr\/647567\/","title":{"rendered":"L\u2019union de la gauche se renforce avec le ralliement de L\u2019Apr\u00e8s, les dissidents de LFI"},"content":{"rendered":"<p>L\u2019<a href=\"https:\/\/www.20minutes.fr\/politique\/david-belliard\/4191985-20251217-municipales-2026-paris-faire-bloc-face-monstre-dati-pourquoi-gauche-range-derriere-gregoire\" class=\"c-link c-link--is-underlined\" target=\"_blank\" rel=\"noopener\">union de la gauche<\/a> continue de se renforcer \u00e0 <a href=\"https:\/\/www.20minutes.fr\/paris\/\" class=\"c-link c-link--is-underlined\" target=\"_blank\" rel=\"noopener\">Paris<\/a>. Apr\u00e8s le ralliement, au mois de d\u00e9cembre, des \u00e9cologistes de <a href=\"https:\/\/www.20minutes.fr\/politique\/david-belliard\/\" class=\"c-link c-link--is-underlined\" target=\"_blank\" rel=\"noopener\">David Belliard<\/a> \u00e0 la candidature d\u2019<a href=\"https:\/\/www.20minutes.fr\/politique\/4192089-20251218-municipales-2026-paris-socialistes-ecologistes-communistes-unis-derriere-emmanuel-gregoire-lfi\" class=\"c-link c-link--is-underlined\" target=\"_blank\" rel=\"noopener\">Emmanuel Gr\u00e9goire<\/a>, c\u2019est cette fois le parti l\u2019Apr\u00e8s qui va officialiser ce mercredi soir sa participation \u00e0 la grande union de la gauche voulue par beaucoup de militants pour faire face \u00e0 <a href=\"https:\/\/www.20minutes.fr\/politique\/rachida_dati\" class=\"c-link c-link--is-underlined\" target=\"_blank\" rel=\"noopener\">Rachida Dati<\/a> d\u00e8s le premier tour des <a href=\"https:\/\/www.20minutes.fr\/municipales\/\" class=\"c-link c-link--is-underlined\" target=\"_blank\" rel=\"noopener\">\u00e9lections municipales de\u00a02026<\/a> dans la capitale, selon une source proche de la candidature socialiste.<\/p>\n<p>Comme le parti communiste de <a href=\"https:\/\/www.20minutes.fr\/dossier\/ian_brossat\" class=\"c-link c-link--is-underlined\" target=\"_blank\" rel=\"noopener\">Ian Brossat<\/a> et Place publique, c\u2019est maintenant le parti des dissidents de la LFI, men\u00e9 par Danielle Simonnet, d\u00e9put\u00e9e de la 15e circonscription de Paris et ancienne \u00e9lue du 20e\u00a0arrondissement, qui se joint \u00e0 la candidature d\u2019Emmanuel Gr\u00e9goire. Un renfort de poids qui pourrait compter face \u00e0 <a href=\"https:\/\/www.20minutes.fr\/dossier\/sophia-chikirou\" class=\"c-link c-link--is-underlined\" target=\"_blank\" rel=\"noopener\">Sophia Chikirou<\/a>, candidate insoumise soup\u00e7onn\u00e9e d\u2019\u00eatre \u00e0 l\u2019origine de l\u2019\u00e9viction de Danielle Simonnet du parti de Jean-Luc M\u00e9lenchon.<\/p>\n<\/p>\n<p>L\u2019Apr\u00e8s (L\u2019Alliance pour une R\u00e9publique \u00e9cologique et sociale) a \u00e9t\u00e9 fond\u00e9e en\u00a02024 \u00e0 l\u2019initiative de plusieurs dissidents de La France insoumise, tels que Cl\u00e9mentine Autain, Alexis Corbi\u00e8re, Danielle Simonnet, Raquel Garrido, Hendrik Davi, Olivier Madaule, adjoint au maire de Montreuil ou encore des proches de <a href=\"https:\/\/www.20minutes.fr\/dossier\/francois-ruffin\" class=\"c-link c-link--is-underlined\" target=\"_blank\" rel=\"noopener\">Fran\u00e7ois Ruffin<\/a>.<\/p>\n","protected":false},"excerpt":{"rendered":"L\u2019union de la gauche continue de se renforcer \u00e0 Paris. Apr\u00e8s le ralliement, au mois de d\u00e9cembre, des&hellip;\n","protected":false},"author":2,"featured_media":647568,"comment_status":"","ping_status":"","sticky":false,"template":"","format":"standard","meta":{"footnotes":""},"categories":[9],"tags":[18835,18836,75299,30253,2761,1011,27,4483,35698,662,3081,626,417,1306,18834,60],"class_list":{"0":"post-647567","1":"post","2":"type-post","3":"status-publish","4":"format-standard","5":"has-post-thumbnail","7":"category-sports","8":"tag-alexis-corbiere","9":"tag-clementine-autain","10":"tag-danielle-simonnet","11":"tag-david-belliard","12":"tag-elections-municipales-2026","13":"tag-fr","14":"tag-france","15":"tag-francois-ruffin","16":"tag-ian-brossat","17":"tag-ile-de-france","18":"tag-jean-luc-melenchon","19":"tag-paris","20":"tag-rachida-dati","21":"tag-regions","22":"tag-sophia-chikirou","23":"tag-sports"},"share_on_mastodon":{"url":"https:\/\/pubeurope.com\/@fr\/115855059480708678","error":""},"_links":{"self":[{"href":"https:\/\/www.europesays.com\/fr\/wp-json\/wp\/v2\/posts\/647567","targetHints":{"allow":["GET"]}}],"collection":[{"href":"https:\/\/www.europesays.com\/fr\/wp-json\/wp\/v2\/posts"}],"about":[{"href":"https:\/\/www.europesays.com\/fr\/wp-json\/wp\/v2\/types\/post"}],"author":[{"embeddable":true,"href":"https:\/\/www.europesays.com\/fr\/wp-json\/wp\/v2\/users\/2"}],"replies":[{"embeddable":true,"href":"https:\/\/www.europesays.com\/fr\/wp-json\/wp\/v2\/comments?post=647567"}],"version-history":[{"count":0,"href":"https:\/\/www.europesays.com\/fr\/wp-json\/wp\/v2\/posts\/647567\/revisions"}],"wp:featuredmedia":[{"embeddable":true,"href":"https:\/\/www.europesays.com\/fr\/wp-json\/wp\/v2\/media\/647568"}],"wp:attachment":[{"href":"https:\/\/www.europesays.com\/fr\/wp-json\/wp\/v2\/media?parent=647567"}],"wp:term":[{"taxonomy":"category","embeddable":true,"href":"https:\/\/www.europesays.com\/fr\/wp-json\/wp\/v2\/categories?post=647567"},{"taxonomy":"post_tag","embeddable":true,"href":"https:\/\/www.europesays.com\/fr\/wp-json\/wp\/v2\/tags?post=647567"}],"curies":[{"name":"wp","href":"https:\/\/api.w.org\/{rel}","templated":true}]}}