{"id":647593,"date":"2026-01-07T17:58:11","date_gmt":"2026-01-07T17:58:11","guid":{"rendered":"https:\/\/www.europesays.com\/fr\/647593\/"},"modified":"2026-01-07T17:58:11","modified_gmt":"2026-01-07T17:58:11","slug":"cdf-metz-montpellier-je-viens-soutenir-les-grenats-football-club-de-metz-infos-fc-metz-entrainements-fc-metz","status":"publish","type":"post","link":"https:\/\/www.europesays.com\/fr\/647593\/","title":{"rendered":"CDF : Metz &#8211; Montpellier, je viens soutenir les Grenats | Football Club de Metz &#8211; Infos FC Metz &#8211; Entra\u00eenements FC Metz"},"content":{"rendered":"<p style=\"text-align: justify;\">Le dimanche\u00a011 janvier 2026, les Grenats accueilleront le Montpellier HSC, \u00e0 l&rsquo;occasion des 16es de finale de la Coupe de France Cr\u00e9dit Agricole. Le coup d&rsquo;envoi de cette rencontre sera donn\u00e9 \u00e0 18h00.\u00a0<\/p>\n<p style=\"text-align: justify;\">En tant qu&rsquo;abonn\u00e9(e), vous pouvez r\u00e9server un billet par abonnement dans les\u00a0tribunes ouvertes \u00e0 la vente (Nord, Est Basse, Ouest Basse ou Sud Basse), <strong>au prix unique de 10\u20ac<\/strong>.\u00a0<\/p>\n<p>Les autres spectateurs, qui souhaiteraient venir encourager les Grenats dans les trav\u00e9es messines, pourront b\u00e9n\u00e9ficier d\u2019un tarif sp\u00e9cial :<\/p>\n<ul>\n<li>15\u20ac en Nord Basse, Est Basse et Ouest Basse<\/li>\n<li>20\u20ac en Nord Haute et Sud Basse<\/li>\n<\/ul>\n<p>Une belle occasion de vivre, en famille ou entre amis, toute la magie de la Coupe de France Cr\u00e9dit Agricole !<\/p>\n<p style=\"text-align: center;\"><a href=\"https:\/\/www.billetterie-fcmetz.com\/fr\" target=\"_blank\" rel=\"noopener\"><strong>Les Grenats comptent sur vous\u00a0!\u00a0<\/strong><\/a><\/p>\n<p style=\"text-align: center;\">\u00a0<\/p>\n<p style=\"text-align: center;\">\n","protected":false},"excerpt":{"rendered":"Le dimanche\u00a011 janvier 2026, les Grenats accueilleront le Montpellier HSC, \u00e0 l&rsquo;occasion des 16es de finale de la&hellip;\n","protected":false},"author":2,"featured_media":647594,"comment_status":"","ping_status":"","sticky":false,"template":"","format":"standard","meta":{"footnotes":""},"categories":[9599],"tags":[1111,11,19298,1777,674,1011,27,19297,2208,12,2680,25,19299],"class_list":{"0":"post-647593","1":"post","2":"type-post","3":"status-publish","4":"format-standard","5":"has-post-thumbnail","7":"category-montpellier","8":"tag-actu","9":"tag-actualites","10":"tag-entrainements-fc-metz","11":"tag-eu","12":"tag-europe","13":"tag-fr","14":"tag-france","15":"tag-infos-fc-metz","16":"tag-montpellier","17":"tag-news","18":"tag-occitanie","19":"tag-republique-francaise","20":"tag-videos-fc-metz"},"share_on_mastodon":{"url":"https:\/\/pubeurope.com\/@fr\/115855117861938231","error":""},"_links":{"self":[{"href":"https:\/\/www.europesays.com\/fr\/wp-json\/wp\/v2\/posts\/647593","targetHints":{"allow":["GET"]}}],"collection":[{"href":"https:\/\/www.europesays.com\/fr\/wp-json\/wp\/v2\/posts"}],"about":[{"href":"https:\/\/www.europesays.com\/fr\/wp-json\/wp\/v2\/types\/post"}],"author":[{"embeddable":true,"href":"https:\/\/www.europesays.com\/fr\/wp-json\/wp\/v2\/users\/2"}],"replies":[{"embeddable":true,"href":"https:\/\/www.europesays.com\/fr\/wp-json\/wp\/v2\/comments?post=647593"}],"version-history":[{"count":0,"href":"https:\/\/www.europesays.com\/fr\/wp-json\/wp\/v2\/posts\/647593\/revisions"}],"wp:featuredmedia":[{"embeddable":true,"href":"https:\/\/www.europesays.com\/fr\/wp-json\/wp\/v2\/media\/647594"}],"wp:attachment":[{"href":"https:\/\/www.europesays.com\/fr\/wp-json\/wp\/v2\/media?parent=647593"}],"wp:term":[{"taxonomy":"category","embeddable":true,"href":"https:\/\/www.europesays.com\/fr\/wp-json\/wp\/v2\/categories?post=647593"},{"taxonomy":"post_tag","embeddable":true,"href":"https:\/\/www.europesays.com\/fr\/wp-json\/wp\/v2\/tags?post=647593"}],"curies":[{"name":"wp","href":"https:\/\/api.w.org\/{rel}","templated":true}]}}