{"id":647605,"date":"2026-01-07T18:04:10","date_gmt":"2026-01-07T18:04:10","guid":{"rendered":"https:\/\/www.europesays.com\/fr\/647605\/"},"modified":"2026-01-07T18:04:10","modified_gmt":"2026-01-07T18:04:10","slug":"immobilier-le-groupe-kermarrec-a-rennes-se-renforce-dans-le-syndic-de-coproprietes","status":"publish","type":"post","link":"https:\/\/www.europesays.com\/fr\/647605\/","title":{"rendered":"Immobilier\u00a0: le groupe Kermarrec, \u00e0 Rennes, se renforce dans le syndic de copropri\u00e9t\u00e9s"},"content":{"rendered":"<p>Bas\u00e9 \u00e0 Rennes, le groupe d\u2019immobilier Kermarrec renforce son offre de services et sa pr\u00e9sence dans l&rsquo;Ouest. Dans un communiqu\u00e9, l&rsquo;entreprise familiale, d\u00e9j\u00e0 pr\u00e9sente dans la vente et la location pour les particuliers, l\u2019immobilier d\u2019entreprise et la promotion, annonce l\u2019acquisition de la branche syndic de copropri\u00e9t\u00e9s du nantais Lefeuvre immobilier. Le montant de l&rsquo;op\u00e9ration n&rsquo;a pas \u00e9t\u00e9 d\u00e9voil\u00e9.<\/p>\n<p>Avec cette acquisition, Kermarrec, qui avait d\u00e9j\u00e0 rachet\u00e9 <a href=\"https:\/\/www.letelegramme.fr\/economie\/entreprise\/immobilier-le-rennais-kermarrec-met-un-pied-en-loire-atlantique-6547073.php\" target=\"_blank\" rel=\"noopener\">cinq agences immobili\u00e8res Lefeuvre<\/a> en Loire-Atlantique en 2024, int\u00e8gre 40 salari\u00e9s suppl\u00e9mentaires et deux cabinets, \u00e0 Rennes (actuellement connu sous le nom Efficience) et Nantes. Ils rejoignent une nouvelle entit\u00e9, Kermarrec syndic, qui \u00ab assurera la gestion d\u2019un portefeuille d\u2019environ 14 000 lots de copropri\u00e9t\u00e9s \u00bb.<\/p>\n<p>Fond\u00e9 en 1965, le groupe Kermarrec affiche un chiffre d\u2019affaires de 55 M\u20ac en 2024. Il emploie aujourd\u2019hui plus de 180 salari\u00e9s.<\/p>\n","protected":false},"excerpt":{"rendered":"Bas\u00e9 \u00e0 Rennes, le groupe d\u2019immobilier Kermarrec renforce son offre de services et sa pr\u00e9sence dans l&rsquo;Ouest. Dans&hellip;\n","protected":false},"author":2,"featured_media":647606,"comment_status":"","ping_status":"","sticky":false,"template":"","format":"standard","meta":{"footnotes":""},"categories":[2821],"tags":[1111,11,829,1777,674,1011,27,848,4555,12,584,25],"class_list":{"0":"post-647605","1":"post","2":"type-post","3":"status-publish","4":"format-standard","5":"has-post-thumbnail","7":"category-rennes","8":"tag-actu","9":"tag-actualites","10":"tag-bretagne","11":"tag-eu","12":"tag-europe","13":"tag-fr","14":"tag-france","15":"tag-ille-et-vilaine","16":"tag-local","17":"tag-news","18":"tag-rennes","19":"tag-republique-francaise"},"share_on_mastodon":{"url":"https:\/\/pubeurope.com\/@fr\/115855141338585992","error":""},"_links":{"self":[{"href":"https:\/\/www.europesays.com\/fr\/wp-json\/wp\/v2\/posts\/647605","targetHints":{"allow":["GET"]}}],"collection":[{"href":"https:\/\/www.europesays.com\/fr\/wp-json\/wp\/v2\/posts"}],"about":[{"href":"https:\/\/www.europesays.com\/fr\/wp-json\/wp\/v2\/types\/post"}],"author":[{"embeddable":true,"href":"https:\/\/www.europesays.com\/fr\/wp-json\/wp\/v2\/users\/2"}],"replies":[{"embeddable":true,"href":"https:\/\/www.europesays.com\/fr\/wp-json\/wp\/v2\/comments?post=647605"}],"version-history":[{"count":0,"href":"https:\/\/www.europesays.com\/fr\/wp-json\/wp\/v2\/posts\/647605\/revisions"}],"wp:featuredmedia":[{"embeddable":true,"href":"https:\/\/www.europesays.com\/fr\/wp-json\/wp\/v2\/media\/647606"}],"wp:attachment":[{"href":"https:\/\/www.europesays.com\/fr\/wp-json\/wp\/v2\/media?parent=647605"}],"wp:term":[{"taxonomy":"category","embeddable":true,"href":"https:\/\/www.europesays.com\/fr\/wp-json\/wp\/v2\/categories?post=647605"},{"taxonomy":"post_tag","embeddable":true,"href":"https:\/\/www.europesays.com\/fr\/wp-json\/wp\/v2\/tags?post=647605"}],"curies":[{"name":"wp","href":"https:\/\/api.w.org\/{rel}","templated":true}]}}