{"id":647607,"date":"2026-01-07T18:05:22","date_gmt":"2026-01-07T18:05:22","guid":{"rendered":"https:\/\/www.europesays.com\/fr\/647607\/"},"modified":"2026-01-07T18:05:22","modified_gmt":"2026-01-07T18:05:22","slug":"football-jaime-avoir-une-equipe-agressive-et-offensive-gary-oneil-presente-au-racing-club-de-strasbourg","status":"publish","type":"post","link":"https:\/\/www.europesays.com\/fr\/647607\/","title":{"rendered":"Football. \u00ab J&rsquo;aime avoir une \u00e9quipe agressive et offensive \u00bb&#8230; Gary O&rsquo;Neil pr\u00e9sent\u00e9 au Racing Club de Strasbourg"},"content":{"rendered":"<p>Dans un entretien accord\u00e9 au Guardian, en ao\u00fbt dernier, Gary O&rsquo;Neil \u00e9tait revenu sur ses deux premi\u00e8res exp\u00e9riences de coach. Toutes les deux mal finies, la loi du milieu.\u00a0\u00abJe ne pense pas que vous trouverez beaucoup de gens dans quelque secteur que ce soit qui ont le sentiment d&rsquo;avoir atteint leur apog\u00e9e apr\u00e8s deux ans. Je savais qu&rsquo;il y aurait des lacunes parce que c&rsquo;est le voyage. Plus vous y restez longtemps, plus vous comblez vos lacunes \u00bb, avait-il expliqu\u00e9, lucide.<\/p>\n","protected":false},"excerpt":{"rendered":"Dans un entretien accord\u00e9 au Guardian, en ao\u00fbt dernier, Gary O&rsquo;Neil \u00e9tait revenu sur ses deux premi\u00e8res exp\u00e9riences&hellip;\n","protected":false},"author":2,"featured_media":647608,"comment_status":"","ping_status":"","sticky":false,"template":"","format":"standard","meta":{"footnotes":""},"categories":[2820],"tags":[1111,11,12255,3545,1777,674,107,63,1011,27,775,12,41281,25,517,640],"class_list":{"0":"post-647607","1":"post","2":"type-post","3":"status-publish","4":"format-standard","5":"has-post-thumbnail","7":"category-strasbourg","8":"tag-actu","9":"tag-actualites","10":"tag-direct-actualite","11":"tag-direct-sport","12":"tag-eu","13":"tag-europe","14":"tag-fil-info","15":"tag-football","16":"tag-fr","17":"tag-france","18":"tag-grand-est","19":"tag-news","20":"tag-racing-club-strasbourg-masculin","21":"tag-republique-francaise","22":"tag-sport","23":"tag-strasbourg"},"share_on_mastodon":{"url":"https:\/\/pubeurope.com\/@fr\/115855145280392564","error":""},"_links":{"self":[{"href":"https:\/\/www.europesays.com\/fr\/wp-json\/wp\/v2\/posts\/647607","targetHints":{"allow":["GET"]}}],"collection":[{"href":"https:\/\/www.europesays.com\/fr\/wp-json\/wp\/v2\/posts"}],"about":[{"href":"https:\/\/www.europesays.com\/fr\/wp-json\/wp\/v2\/types\/post"}],"author":[{"embeddable":true,"href":"https:\/\/www.europesays.com\/fr\/wp-json\/wp\/v2\/users\/2"}],"replies":[{"embeddable":true,"href":"https:\/\/www.europesays.com\/fr\/wp-json\/wp\/v2\/comments?post=647607"}],"version-history":[{"count":0,"href":"https:\/\/www.europesays.com\/fr\/wp-json\/wp\/v2\/posts\/647607\/revisions"}],"wp:featuredmedia":[{"embeddable":true,"href":"https:\/\/www.europesays.com\/fr\/wp-json\/wp\/v2\/media\/647608"}],"wp:attachment":[{"href":"https:\/\/www.europesays.com\/fr\/wp-json\/wp\/v2\/media?parent=647607"}],"wp:term":[{"taxonomy":"category","embeddable":true,"href":"https:\/\/www.europesays.com\/fr\/wp-json\/wp\/v2\/categories?post=647607"},{"taxonomy":"post_tag","embeddable":true,"href":"https:\/\/www.europesays.com\/fr\/wp-json\/wp\/v2\/tags?post=647607"}],"curies":[{"name":"wp","href":"https:\/\/api.w.org\/{rel}","templated":true}]}}