{"id":647617,"date":"2026-01-07T18:10:18","date_gmt":"2026-01-07T18:10:18","guid":{"rendered":"https:\/\/www.europesays.com\/fr\/647617\/"},"modified":"2026-01-07T18:10:18","modified_gmt":"2026-01-07T18:10:18","slug":"bitshiabu-refuse-nantes-avantage-ol","status":"publish","type":"post","link":"https:\/\/www.europesays.com\/fr\/647617\/","title":{"rendered":"Bitshiabu refuse Nantes, avantage OL !"},"content":{"rendered":"<p><b>A la recherche d\u2019un d\u00e9fenseur central lors de ce mois de janvier, l\u2019OL explore la piste El Chadaille Bitshiabu. Un dossier sur lequel le <a href=\"https:\/\/www.foot01.com\/nantes\" title=\"FC Nantes\" target=\"_blank\" rel=\"noopener\">FC Nantes<\/a> s\u2019est \u00e9galement pench\u00e9 avant de jeter l\u2019\u00e9ponge.<\/b>Confront\u00e9 \u00e0 l\u2019absence de Moussa Niakhat\u00e9 durant la CAN, l\u2019Olympique Lyonnais est attentif aux opportunit\u00e9s sur le poste de d\u00e9fenseur central durant ce <a href=\"https:\/\/www.foot01.com\/mercato\" title=\"Mercato\" target=\"_blank\" rel=\"noopener\">mercato<\/a> hivernal. Le club rhodanien a notamment explor\u00e9 la piste Axel Disasi, avant de finalement renoncer \u00e0 la signature du joueur de Chelsea. Ces derniers jours, c\u2019est un autre d\u00e9fenseur fran\u00e7ais qui est associ\u00e9 au club rhodanien : El Chadaille Bitshiabu. Le joueur du RB Leipzig (20 ans) et form\u00e9 au Paris Saint-Germain joue tr\u00e8s peu en Bundesliga depuis le d\u00e9but de la saison. <a href=\"https:\/\/www.foot01.com\/mercato\/lol-et-monaco-en-guerre-pour-un-tres-grand-defenseur\" target=\"_self\" rel=\"noopener\">Une aubaine pour l\u2019OL<\/a> mais aussi pour Monaco, qui ont manifest\u00e9 leur int\u00e9r\u00eat pour savoir s&rsquo;il \u00e9tait possible de le recruter.Selon les informations de But, un autre club de <a href=\"https:\/\/www.foot01.com\/ligue1\" title=\"Ligue 1\" target=\"_blank\" rel=\"noopener\">Ligue 1<\/a> tent\u00e9 sa chance, le <a href=\"https:\/\/www.foot01.com\/nantes\" title=\"FC Nantes\" target=\"_blank\" rel=\"noopener\">FC Nantes<\/a>. Les Canaris souhaitent se renforcer dans ce secteur de jeu au <a href=\"https:\/\/www.foot01.com\/mercato\" title=\"Mercato\" target=\"_blank\" rel=\"noopener\">mercato<\/a> d\u2019hiver et ont sond\u00e9 Leipzig ainsi que l\u2019entourage d\u2019El Chadaille Bitshiabu. Le club d\u00e9sormais entra\u00een\u00e9 par Ahmed Kantari a rapidement compris que ce dossier serait trop complexe. \u00ab Si la porte n\u2019\u00e9tait alors pas totalement ferm\u00e9e au d\u00e9part, les discussions se sont compliqu\u00e9es en raison d\u2019un manque de discr\u00e9tion et de certaines interf\u00e9rences ext\u00e9rieures dans les n\u00e9gociations \u00bb pr\u00e9cise le m\u00e9dia, qui explique par ailleurs que la concurrence \u00e9tait trop forte pour le FC Nantes dans ce dossier.<\/p>\n<p>Et pour cause, comme indiqu\u00e9 ci-dessus, l\u2019OL et Monaco sont fortement int\u00e9ress\u00e9s tandis que Bournemouth ou encore Manchester United surveillent la situation de l\u2019ancien joueur du PSG de pr\u00e8s. Autant dire que pour Nantes, il n\u2019\u00e9tait clairement pas possible de lutter avec des \u00e9curies de ce calibre. Cela fait donc un concurrent de moins pour l\u2019Olympique Lyonnais dans ce dossier. Le club rhodanien peut toujours croire en ses chances de rafler la mise alors que l\u2019int\u00e9r\u00eat des Gones est plus fort que jamais, comme indiqu\u00e9 par nos confr\u00e8res de L\u2019Equipe.<\/p>\n","protected":false},"excerpt":{"rendered":"A la recherche d\u2019un d\u00e9fenseur central lors de ce mois de janvier, l\u2019OL explore la piste El Chadaille&hellip;\n","protected":false},"author":2,"featured_media":647618,"comment_status":"","ping_status":"","sticky":false,"template":"","format":"standard","meta":{"footnotes":""},"categories":[2818],"tags":[1111,11,1777,674,462,1011,27,66,1434,766,12,241,2636,25],"class_list":{"0":"post-647617","1":"post","2":"type-post","3":"status-publish","4":"format-standard","5":"has-post-thumbnail","7":"category-nantes","8":"tag-actu","9":"tag-actualites","10":"tag-eu","11":"tag-europe","12":"tag-fc-nantes","13":"tag-fr","14":"tag-france","15":"tag-ligue-1","16":"tag-mercato","17":"tag-nantes","18":"tag-news","19":"tag-ol","20":"tag-pays-de-la-loire","21":"tag-republique-francaise"},"share_on_mastodon":{"url":"https:\/\/pubeurope.com\/@fr\/115855164914375974","error":""},"_links":{"self":[{"href":"https:\/\/www.europesays.com\/fr\/wp-json\/wp\/v2\/posts\/647617","targetHints":{"allow":["GET"]}}],"collection":[{"href":"https:\/\/www.europesays.com\/fr\/wp-json\/wp\/v2\/posts"}],"about":[{"href":"https:\/\/www.europesays.com\/fr\/wp-json\/wp\/v2\/types\/post"}],"author":[{"embeddable":true,"href":"https:\/\/www.europesays.com\/fr\/wp-json\/wp\/v2\/users\/2"}],"replies":[{"embeddable":true,"href":"https:\/\/www.europesays.com\/fr\/wp-json\/wp\/v2\/comments?post=647617"}],"version-history":[{"count":0,"href":"https:\/\/www.europesays.com\/fr\/wp-json\/wp\/v2\/posts\/647617\/revisions"}],"wp:featuredmedia":[{"embeddable":true,"href":"https:\/\/www.europesays.com\/fr\/wp-json\/wp\/v2\/media\/647618"}],"wp:attachment":[{"href":"https:\/\/www.europesays.com\/fr\/wp-json\/wp\/v2\/media?parent=647617"}],"wp:term":[{"taxonomy":"category","embeddable":true,"href":"https:\/\/www.europesays.com\/fr\/wp-json\/wp\/v2\/categories?post=647617"},{"taxonomy":"post_tag","embeddable":true,"href":"https:\/\/www.europesays.com\/fr\/wp-json\/wp\/v2\/tags?post=647617"}],"curies":[{"name":"wp","href":"https:\/\/api.w.org\/{rel}","templated":true}]}}