{"id":647631,"date":"2026-01-07T18:17:09","date_gmt":"2026-01-07T18:17:09","guid":{"rendered":"https:\/\/www.europesays.com\/fr\/647631\/"},"modified":"2026-01-07T18:17:09","modified_gmt":"2026-01-07T18:17:09","slug":"ce-restaurant-emblematique-de-marseille-ferme-ses-portes-une-immense-emotion","status":"publish","type":"post","link":"https:\/\/www.europesays.com\/fr\/647631\/","title":{"rendered":"Ce restaurant embl\u00e9matique de Marseille ferme ses portes : \u00ab\u00a0Une immense \u00e9motion\u00a0\u00bb"},"content":{"rendered":"<p>                    Par<br \/>\n        <strong><br \/>\n            <a href=\"https:\/\/actu.fr\/auteur\/thibault-nadal-actu-fr\" title=\"Consulter tous les articles de Thibault Nadal\" target=\"_blank\" rel=\"noopener\">Thibault Nadal<\/a><br \/>\n                    <\/strong><\/p>\n<p>        Publi\u00e9 le<\/p>\n<p>            7 janv. 2026 \u00e0 17h25        <\/p>\n<p>C\u2019est une page des Cinq Avenues qui vient de s\u2019\u00e9teindre. Ces derni\u00e8res semaines, <strong>La Maison Calambo<\/strong> a ferm\u00e9 ses portes, laissant un r\u00e9el vide dans le quartier du 4e arrondissement de <a href=\"https:\/\/actu.fr\/marseille\/\" target=\"_blank\" rel=\"noopener\">Marseille<\/a>. Il faut dire que le <a href=\"https:\/\/actu.fr\/tag\/restaurant\" target=\"_blank\" rel=\"noopener\">restaurant<\/a> centr\u00e9 sur les fruits de mer et le poisson avait su devenir une v\u00e9ritable <a href=\"https:\/\/actu.fr\/tag\/commerce\" target=\"_blank\" rel=\"noopener\">institution<\/a>. Depuis son ouverture il y a 80\u00a0ans, il \u00e9tait tenu la m\u00eame famille, et ceux, depuis quatre g\u00e9n\u00e9rations.<\/p>\n<p>    <a href=\"https:\/\/www.google.com\/maps\/embed?pb=!1m18!1m12!1m3!1d2903.5988244742175!2d5.395174075541625!3d43.301722371120974!2m3!1f0!2f0!3f0!3m2!1i1024!2i768!4f13.1!3m3!1m2!1s0x12c9bf61746110fd%3A0xe16d0881b8780954!2sMaison%20Calambo%20-%20Restaurant%20de%20Fruit%20de%20Mer%20Marseille%20-%20Livraison%20a%20domicile!5e0!3m2!1sfr!2sfr!4v1767785640371!5m2!1sfr!2sfr\" title=\"Ouvrie le lien\" target=\"_blank\" rel=\"noopener\">Cliquez ici pour visualiser le contenu<\/a><\/p>\n<p>\u00ab\u2009La fin d\u2019une belle aventure familiale\u2009\u00bb<\/p>\n<p class=\" wall-content\">C\u2019est par un court message post\u00e9 sur ses r\u00e9seaux sociaux que les fid\u00e8les ont appris la nouvelle. \u00ab\u2009C\u2019est avec une immense \u00e9motion, tristesse et nostalgie que nous vous annon\u00e7ons la fermeture d\u00e9finitive de notre institution Maison Calambo aux Cinq Avenues\u2009\u00bb, peut-on lire.<\/p>\n<blockquote class=\"ac-article-quote wall-content\">\n<p>C\u2019est la fin d\u2019une belle aventure familiale qui dure depuis 1946 et 4 g\u00e9n\u00e9rations dans ce quartier embl\u00e9matique de Marseille. On ne remerciera jamais assez nos magnifiques clients fid\u00e8les depuis tant d\u2019ann\u00e9es qui ont toujours r\u00e9pondu pr\u00e9sent et nous ont fait passer des moments inoubliables grav\u00e9s \u00e0 tout jamais.<\/p>\n<p>    <strong>Maison Calambo<\/strong>\n            <\/p><\/blockquote>\n<p class=\" wall-content\">Contact\u00e9s, les g\u00e9rants n\u2019ont pas voulu s\u2019\u00e9pancher sur les raisons de cette fermeture. Ils \u00e9voquent seulement la volont\u00e9 de se rapprocher de leur lieu de vie.<\/p>\n<p>    <a href=\"https:\/\/www.facebook.com\/plugins\/post.php?href=https%3A%2F%2Fwww.facebook.com%2Fpermalink.php%3Fstory_fbid%3Dpfbid0KtkCjNuWdkxozWGM23noLuqDo7Fv4nrFVV2Kykm7dqD4A36AxKFouH7jz3ov2fUYl%26id%3D100049403868985&amp;show_text=true&amp;width=350\" title=\"Ouvrie le lien\" target=\"_blank\" rel=\"noopener\">Cliquez ici pour visualiser le contenu<\/a><\/p>\n<p>Deux nouvelles adresses pour faire perdurer les lieux<\/p>\n<p class=\" wall-content\">C\u2019est pour cette raison que \u00ab\u2009Maison Calambo 2\u2009\u00bb a ouvert ses portes dans le sud de Marseille <strong>sur le boulevard du Redon<\/strong>, \u00e0 La Rouvi\u00e8re (9e) il y a plusieurs mois. Une mani\u00e8re pour les g\u00e9rants d\u2019avoir une vie professionnelle et personne plus \u00e9quilibr\u00e9e.<\/p>\n<p>Votre r\u00e9gion, votre actu !<\/p>\n<p>Recevez chaque jour les infos qui comptent pour vous.<\/p>\n<p>\t<a href=\"https:\/\/actu.fr\/newsletter\" class=\"ac-btn ac-btn--corner ac-btn--medium ac-btn--blue800\" target=\"_blank\" rel=\"noopener\">S&rsquo;incrire<\/a><\/p>\n<p class=\" wall-content\"><a href=\"https:\/\/www.instagram.com\/p\/DRkIuNwAhCu\/embed\" title=\"Ouvrir le lien sur Instagram\" target=\"_blank\" rel=\"noopener\">Visualiser le contenu sur Instagram<\/a><\/p>\n<p class=\" wall-content\">Mais aussi \u00e0 <a href=\"https:\/\/actu.fr\/provence-alpes-cote-d-azur\/aubagne_13005\" target=\"_blank\" rel=\"noopener\">Aubagne<\/a> depuis le d\u00e9but du mois de d\u00e9cembre, dans un partenariat avec La Part des Anges, une cave \u00e0 vins.<\/p>\n<p class=\" wall-content\">Personnalisez votre actualit\u00e9 en ajoutant vos villes et m\u00e9dias en favori avec <a href=\"https:\/\/moncompte.actu.fr\" title=\"D\u00e9couvez Mon Actu\" rel=\"nofollow noopener\" data-trk=\"{&quot;cta&quot;:{&quot;action&quot;:&quot;https:\\\/\\\/moncompte.actu.fr&quot;,&quot;category&quot;:&quot;mon compte&quot;,&quot;from&quot;:&quot;article footer&quot;,&quot;name&quot;:&quot;Mon actu&quot;,&quot;type&quot;:&quot;cta&quot;}}\" target=\"_blank\">Mon Actu<\/a>.<\/p>\n<p>                    <script async src=\"\/\/www.instagram.com\/embed.js\"><\/script><\/p>\n","protected":false},"excerpt":{"rendered":"Par Thibault Nadal Publi\u00e9 le 7 janv. 2026 \u00e0 17h25 C\u2019est une page des Cinq Avenues qui vient&hellip;\n","protected":false},"author":2,"featured_media":647632,"comment_status":"","ping_status":"","sticky":false,"template":"","format":"standard","meta":{"footnotes":""},"categories":[2814],"tags":[1111,11,215,1777,674,1011,27,884,12,882,25,1340,104],"class_list":{"0":"post-647631","1":"post","2":"type-post","3":"status-publish","4":"format-standard","5":"has-post-thumbnail","7":"category-marseille","8":"tag-actu","9":"tag-actualites","10":"tag-commerce","11":"tag-eu","12":"tag-europe","13":"tag-fr","14":"tag-france","15":"tag-marseille","16":"tag-news","17":"tag-provence-alpes-cote-dazur","18":"tag-republique-francaise","19":"tag-restaurant","20":"tag-societe"},"share_on_mastodon":{"url":"","error":""},"_links":{"self":[{"href":"https:\/\/www.europesays.com\/fr\/wp-json\/wp\/v2\/posts\/647631","targetHints":{"allow":["GET"]}}],"collection":[{"href":"https:\/\/www.europesays.com\/fr\/wp-json\/wp\/v2\/posts"}],"about":[{"href":"https:\/\/www.europesays.com\/fr\/wp-json\/wp\/v2\/types\/post"}],"author":[{"embeddable":true,"href":"https:\/\/www.europesays.com\/fr\/wp-json\/wp\/v2\/users\/2"}],"replies":[{"embeddable":true,"href":"https:\/\/www.europesays.com\/fr\/wp-json\/wp\/v2\/comments?post=647631"}],"version-history":[{"count":0,"href":"https:\/\/www.europesays.com\/fr\/wp-json\/wp\/v2\/posts\/647631\/revisions"}],"wp:featuredmedia":[{"embeddable":true,"href":"https:\/\/www.europesays.com\/fr\/wp-json\/wp\/v2\/media\/647632"}],"wp:attachment":[{"href":"https:\/\/www.europesays.com\/fr\/wp-json\/wp\/v2\/media?parent=647631"}],"wp:term":[{"taxonomy":"category","embeddable":true,"href":"https:\/\/www.europesays.com\/fr\/wp-json\/wp\/v2\/categories?post=647631"},{"taxonomy":"post_tag","embeddable":true,"href":"https:\/\/www.europesays.com\/fr\/wp-json\/wp\/v2\/tags?post=647631"}],"curies":[{"name":"wp","href":"https:\/\/api.w.org\/{rel}","templated":true}]}}