{"id":647633,"date":"2026-01-07T18:18:10","date_gmt":"2026-01-07T18:18:10","guid":{"rendered":"https:\/\/www.europesays.com\/fr\/647633\/"},"modified":"2026-01-07T18:18:10","modified_gmt":"2026-01-07T18:18:10","slug":"ca-ma-jamais-fait-peur-marseille-marquinhos-se-lache-avant-psg-om","status":"publish","type":"post","link":"https:\/\/www.europesays.com\/fr\/647633\/","title":{"rendered":"\u00ab\u00a0\u00c7a m\u2019a jamais fait peur Marseille\u00a0\u00bb, Marquinhos se l\u00e2che avant PSG-OM"},"content":{"rendered":"<p><strong>Convi\u00e9 devant la presse \u00e0 la<br \/>\nveille du Troph\u00e9e des Champions opposant le PSG et l\u2019OM, Marquinhos<br \/>\na lanc\u00e9 les hostilit\u00e9s.<\/strong><\/p>\n<p>Apr\u00e8s avoir d\u00e9buter cette nouvelle ann\u00e9e par un succ\u00e8s sur son<br \/>\nvoisin du Paris FC (2-1), le PSG a d\u00e9sormais rendez-vous avec son<br \/>\npire ennemi, l\u2019OM, jeudi (19 heures) au Kowe\u00eft, avec la clef le<br \/>\nTroph\u00e9e des Champions. Des Marseillais qui sortent d\u2019un revers<br \/>\ninqui\u00e9tant \u00e0 domicile, face au FC Nantes (0-2).<\/p>\n<p>Oui mais voil\u00e0, les hommes de Robert De Zerbi restent sur un<br \/>\nsucc\u00e8s face aux Parisiens. Une victoire 1-0 en Ligue 1, le 22<br \/>\nseptembre dernier, au stade V\u00e9lodrome. Un match que Marquinhos n\u2019a<br \/>\npas oubli\u00e9, mais qui ne l\u2019anime pas d\u2019un esprit de revanche.<\/p>\n<blockquote class=\"twitter-tweet\"><p><a class=\"twitter-link\" rel=\"noindex, nofollow noopener\" href=\"https:\/\/twitter.com\/sports_fr\/status\/2008869097623240727?s=20\" target=\"_blank\"><\/p><\/blockquote>\n<p>\u00ab\u00a0Quand tu joues un Classique contre l\u2019OM et en plus<br \/>\nune finale, ce n\u2019est pas une revanche du championnat, a-t-il<br \/>\nr\u00e9pondu le capitaine du PSG en conf\u00e9rence de presse ce mercredi.<br \/>\nIl faudra bien g\u00e9rer les \u00e9motions, \u00eatre attentif aux d\u00e9tails.<br \/>\nPas une revanche mais nous savons l\u2019importance de ce match pour les<br \/>\nsupporters, le club et l\u2019\u00e9quipe.\u00a0\u00bb<\/p>\n<p>Marquinhos: \u00ab\u00a0Peu importe l\u2019adversaire, on n\u2019en a pas<br \/>\npeur\u00a0\u00bb<\/p>\n<p>Le Br\u00e9silien s\u2019est ensuite vu demand\u00e9 s\u2019il avait peur avant de<br \/>\nretrouver les Olympiens. La r\u00e9ponse a \u00e9t\u00e9 on ne peut plus claire\u2026<br \/>\n\u00ab\u00a0\u00c7a m\u2019a jamais fait peur Marseille, a-t-il l\u00e2ch\u00e9.<br \/>\nPeur, non. On respecte toujours l\u2019adversaire. Peu importe<br \/>\nl\u2019adversaire, on n\u2019en a pas peur. C\u2019est notre \u00e9tat d\u2019esprit et<br \/>\nnotre philosophie de toujours vouloir gagner, faire ce qu\u2019il faut<br \/>\nsur le terrain pour gagner les matches.\u00a0\u00bb<\/p>\n<p>\u00ab On conna\u00eet les deux c\u00f4t\u00e9s de la balance: quand tu gagnes<br \/>\net quand tu perds, a poursuivi Marquinhos. Et tu sais ce<br \/>\nque \u00e7a fait de perdre. C\u2019est pour \u00e7a qu\u2019on n\u2019a pas envie de perdre<br \/>\nun match comme \u00e7a. Notre \u00e9quipe est tr\u00e8s jeune, mais elle a<br \/>\nbeaucoup d\u2019exp\u00e9rience quand m\u00eame. On sera pr\u00eats pour avoir un bon<br \/>\nsentiment \u00e0 la fin. \u00bb<\/p>\n<p><script async src=\"https:\/\/platform.twitter.com\/widgets.js\" charset=\"utf-8\"><\/script><\/p>\n","protected":false},"excerpt":{"rendered":"Convi\u00e9 devant la presse \u00e0 la veille du Troph\u00e9e des Champions opposant le PSG et l\u2019OM, Marquinhos a&hellip;\n","protected":false},"author":2,"featured_media":647634,"comment_status":"","ping_status":"","sticky":false,"template":"","format":"standard","meta":{"footnotes":""},"categories":[2814],"tags":[1111,11,1777,674,1011,27,884,12,882,25],"class_list":{"0":"post-647633","1":"post","2":"type-post","3":"status-publish","4":"format-standard","5":"has-post-thumbnail","7":"category-marseille","8":"tag-actu","9":"tag-actualites","10":"tag-eu","11":"tag-europe","12":"tag-fr","13":"tag-france","14":"tag-marseille","15":"tag-news","16":"tag-provence-alpes-cote-dazur","17":"tag-republique-francaise"},"share_on_mastodon":{"url":"https:\/\/pubeurope.com\/@fr\/115855196482659791","error":""},"_links":{"self":[{"href":"https:\/\/www.europesays.com\/fr\/wp-json\/wp\/v2\/posts\/647633","targetHints":{"allow":["GET"]}}],"collection":[{"href":"https:\/\/www.europesays.com\/fr\/wp-json\/wp\/v2\/posts"}],"about":[{"href":"https:\/\/www.europesays.com\/fr\/wp-json\/wp\/v2\/types\/post"}],"author":[{"embeddable":true,"href":"https:\/\/www.europesays.com\/fr\/wp-json\/wp\/v2\/users\/2"}],"replies":[{"embeddable":true,"href":"https:\/\/www.europesays.com\/fr\/wp-json\/wp\/v2\/comments?post=647633"}],"version-history":[{"count":0,"href":"https:\/\/www.europesays.com\/fr\/wp-json\/wp\/v2\/posts\/647633\/revisions"}],"wp:featuredmedia":[{"embeddable":true,"href":"https:\/\/www.europesays.com\/fr\/wp-json\/wp\/v2\/media\/647634"}],"wp:attachment":[{"href":"https:\/\/www.europesays.com\/fr\/wp-json\/wp\/v2\/media?parent=647633"}],"wp:term":[{"taxonomy":"category","embeddable":true,"href":"https:\/\/www.europesays.com\/fr\/wp-json\/wp\/v2\/categories?post=647633"},{"taxonomy":"post_tag","embeddable":true,"href":"https:\/\/www.europesays.com\/fr\/wp-json\/wp\/v2\/tags?post=647633"}],"curies":[{"name":"wp","href":"https:\/\/api.w.org\/{rel}","templated":true}]}}