{"id":647655,"date":"2026-01-07T18:31:10","date_gmt":"2026-01-07T18:31:10","guid":{"rendered":"https:\/\/www.europesays.com\/fr\/647655\/"},"modified":"2026-01-07T18:31:10","modified_gmt":"2026-01-07T18:31:10","slug":"la-france-ne-doit-pas-livrer-gino-a-lallemagne","status":"publish","type":"post","link":"https:\/\/www.europesays.com\/fr\/647655\/","title":{"rendered":"La France ne doit pas livrer Gino \u00e0\u00a0l\u2019Allemagne"},"content":{"rendered":"<p><strong>L\u2019histoire de Rexhino Abazaj, dit \u00ab Gino \u00bb, est celle d\u2019un acharnement politique qui d\u00e9passe les fronti\u00e8res : c\u2019est le laboratoire d\u2019une criminalisation globale de l\u2019antifascisme. Arr\u00eat\u00e9 \u00e0 Paris sur la base d\u2019un mandat d\u2019arr\u00eat europ\u00e9en, il risque une extradition vers la Hongrie de Viktor Orb\u00e1n pour avoir combattu le fascisme.<\/strong><\/p>\n<p>L\u2019arrestation de notre camarade Gino \u00e0 Paris, le 16 d\u00e9cembre 2025, sur la base d\u2019un mandat d\u2019arr\u00eat europ\u00e9en \u00e9mis par l\u2019Allemagne, marque un tournant gravissime. La justice fran\u00e7aise avait rejet\u00e9 une premi\u00e8re demande d\u2019extradition gr\u00e2ce \u00e0 la mobilisation, mais l\u2019acharnement policier transfrontalier ne faiblit pas. Malgr\u00e9 une remise en libert\u00e9 avant No\u00ebl, la mobilisation doit \u00eatre relanc\u00e9e \u00e0 l\u2019approche de l\u2019examen, le 28\u00a0janvier, de la demande d\u2019extradition.<\/p>\n<p>L\u2019Europe complice du r\u00e9gime d\u2019Orb\u00e1n<\/p>\n<p>Tout commence en f\u00e9vrier 2023 \u00e0 Budapest, lors du \u00ab\u2009Jour de l\u2019Honneur\u2009\u00bb, rassemblement annuel o\u00f9 des milliers de n\u00e9onazis venus de toute l\u2019Europe paradent avec l\u2019aval du gouvernement pour c\u00e9l\u00e9brer la Waffen-SS. Gino, comme d\u2019autres militantEs internationalistes, s\u2019y est rendu pour s\u2019opposer \u00e0 cette provocation fasciste. Le r\u00e9gime d\u2019Orb\u00e1n r\u00e9clame sa t\u00eate, l\u2019accusant d\u2019avoir particip\u00e9 \u00e0 une \u00ab\u2009organisation criminelle\u2009\u00bb.<\/p>\n<p>Apr\u00e8s une premi\u00e8re victoire judiciaire au printemps 2025, la joie aura \u00e9t\u00e9 de courte dur\u00e9e. L\u2019Allemagne, via un mandat d\u2019arr\u00eat europ\u00e9en, sert d\u00e9sormais de blanc-seing \u00e0 la demande hongroise pour contourner les r\u00e9ticences fran\u00e7aises. Gino risque jusqu\u2019\u00e0 21 ans de prison dans des conditions document\u00e9es par Ilaria Salis, aujourd\u2019hui eurod\u00e9put\u00e9e\u2009: \u00a0cellules infest\u00e9es, isolement, humiliations et s\u00e9vices corporels. Nous devons nous opposer de toutes nos forces \u00e0 la volont\u00e9 du r\u00e9gime d\u2019Orb\u00e1n d\u2019en faire un prisonnier politique.<\/p>\n<p>La strat\u00e9gie du \u00ab\u2009terrorisme int\u00e9rieur\u2009\u00bb<\/p>\n<p>Ce que subit Gino s\u2019inscrit dans un mod\u00e8le de r\u00e9pression d\u00e9j\u00e0 \u00e0 l\u2019\u0153uvre aux \u00c9tats-Unis. Depuis septembre dernier, un d\u00e9cret y classe le mouvement \u00ab\u2009antifa\u2009\u00bb comme organisation terroriste. D\u00e9sormais, porter une cagoule ou poss\u00e9der un flyer politique peut suffire \u00e0 \u00eatre qualifi\u00e9 de \u00ab\u2009terroriste int\u00e9rieur\u2009\u00bb devant certains tribunaux. Cette rh\u00e9torique vise \u00e0 d\u00e9l\u00e9gitimer et criminaliser l\u2019action directe antifasciste.<\/p>\n<p>L\u2019Europe imite point par point cette d\u00e9rive\u2009: par l\u2019usage des paragraphes 129a-129b du Code p\u00e9nal en Allemagne et le recours syst\u00e9matique \u00e0 l\u2019accusation de \u00ab\u2009formation d\u2019organisation criminelle\u2009\u00bb pour des actions de rue\u2009; par la neutralisation du droit d\u2019asile\u2009: en utilisant le mandat d\u2019arr\u00eat europ\u00e9en comme une proc\u00e9dure purement administrative, les \u00c9tats effacent la nature politique des d\u00e9lits pour traiter les antifascistes comme des criminelLEs de droit commun\u2009; par l\u2019inversion des valeurs\u2009: tandis que les n\u00e9onazis du \u00ab\u2009Jour de l\u2019Honneur\u2009\u00bb sont prot\u00e9g\u00e9s par la police d\u2019Orb\u00e1n, les opposantEs sont traqu\u00e9Es par les \u00c9tats lib\u00e9raux via Interpol.<\/p>\n<p>Nous d\u00e9non\u00e7ons fermement cette Internationale de la r\u00e9pression. L\u2019affaire Gino est un verrou politique que nous ne devons pas laisser sauter. Accepter l\u2019extradition d\u2019un militant antifasciste ouvrirait la voie \u00e0 une r\u00e9pression sans limites.<\/p>\n<p><strong>La commission locale antifasciste de la r\u00e9gion parisienne<\/strong><\/p>\n","protected":false},"excerpt":{"rendered":"L\u2019histoire de Rexhino Abazaj, dit \u00ab Gino \u00bb, est celle d\u2019un acharnement politique qui d\u00e9passe les fronti\u00e8res :&hellip;\n","protected":false},"author":2,"featured_media":647656,"comment_status":"","ping_status":"","sticky":false,"template":"","format":"standard","meta":{"footnotes":""},"categories":[1587],"tags":[11,672,1804,1805,1803,1777,674,1801,12,1802],"class_list":{"0":"post-647655","1":"post","2":"type-post","3":"status-publish","4":"format-standard","5":"has-post-thumbnail","7":"category-allemagne","8":"tag-actualites","9":"tag-allemagne","10":"tag-bundesrepublik-deutschland","11":"tag-de","12":"tag-deutschland","13":"tag-eu","14":"tag-europe","15":"tag-germany","16":"tag-news","17":"tag-republique-federale-dallemagne"},"share_on_mastodon":{"url":"https:\/\/pubeurope.com\/@fr\/115855247477357342","error":""},"_links":{"self":[{"href":"https:\/\/www.europesays.com\/fr\/wp-json\/wp\/v2\/posts\/647655","targetHints":{"allow":["GET"]}}],"collection":[{"href":"https:\/\/www.europesays.com\/fr\/wp-json\/wp\/v2\/posts"}],"about":[{"href":"https:\/\/www.europesays.com\/fr\/wp-json\/wp\/v2\/types\/post"}],"author":[{"embeddable":true,"href":"https:\/\/www.europesays.com\/fr\/wp-json\/wp\/v2\/users\/2"}],"replies":[{"embeddable":true,"href":"https:\/\/www.europesays.com\/fr\/wp-json\/wp\/v2\/comments?post=647655"}],"version-history":[{"count":0,"href":"https:\/\/www.europesays.com\/fr\/wp-json\/wp\/v2\/posts\/647655\/revisions"}],"wp:featuredmedia":[{"embeddable":true,"href":"https:\/\/www.europesays.com\/fr\/wp-json\/wp\/v2\/media\/647656"}],"wp:attachment":[{"href":"https:\/\/www.europesays.com\/fr\/wp-json\/wp\/v2\/media?parent=647655"}],"wp:term":[{"taxonomy":"category","embeddable":true,"href":"https:\/\/www.europesays.com\/fr\/wp-json\/wp\/v2\/categories?post=647655"},{"taxonomy":"post_tag","embeddable":true,"href":"https:\/\/www.europesays.com\/fr\/wp-json\/wp\/v2\/tags?post=647655"}],"curies":[{"name":"wp","href":"https:\/\/api.w.org\/{rel}","templated":true}]}}