{"id":647665,"date":"2026-01-07T18:36:21","date_gmt":"2026-01-07T18:36:21","guid":{"rendered":"https:\/\/www.europesays.com\/fr\/647665\/"},"modified":"2026-01-07T18:36:21","modified_gmt":"2026-01-07T18:36:21","slug":"pesticides-pourquoi-la-france-interdit-maintenant-certains-fruits-et-legumes-importes","status":"publish","type":"post","link":"https:\/\/www.europesays.com\/fr\/647665\/","title":{"rendered":"Pesticides : pourquoi la France interdit maintenant certains fruits et l\u00e9gumes import\u00e9s"},"content":{"rendered":"<ul class=\"jsx-862013697 ArticleChapo__List\">\n<li class=\"jsx-862013697 ArticleChapo__List_Item flex\">Un arr\u00eat\u00e9 interdit \u00e0 partir de jeudi l\u2019importation en France de fruits et l\u00e9gumes trait\u00e9s avec cinq pesticides interdits en Europe.<\/li>\n<li class=\"jsx-862013697 ArticleChapo__List_Item flex\">Parmi les Vingt-Sept, la France a pris cette d\u00e9cision de fa\u00e7on unilat\u00e9rale, mettant en avant des arguments sanitaires.<\/li>\n<li class=\"jsx-862013697 ArticleChapo__List_Item flex\">La Commission europ\u00e9enne a dix jours pour se prononcer.<\/li>\n<li class=\"jsx-862013697 ArticleChapo__List_Item flex\">Mais le calendrier de cette annonce interroge, \u00e0 quelques jours de la signature de l\u2019accord de libre-\u00e9change avec l\u2019Am\u00e9rique latine et dans un contexte de col\u00e8re agricole.<\/li>\n<\/ul>\n<p><a href=\"https:\/\/www.tf1info.fr\/actualite\/notre-planete-l-offre-environnement-de-tf1-lci-pour-la-transition-ecologique-13098\/\" rel=\"noopener\" class=\"jsx-484472199 Link jsx-1428418400 jsx-1797245342\" target=\"_blank\"><\/p>\n<p style=\"font-weight:400\" class=\"jsx-1837267516\">Suivez la couverture compl\u00e8te<\/p>\n<p style=\"font-weight:800\" class=\"jsx-1837267516\">Notre plan\u00e8te<\/p>\n<p><\/a><\/p>\n<p data-module=\"article-paragraph\" class=\"jsx-157965717 Paragraph\">Avocats, mangues, mandarines mais aussi pommes, poires, graines de soja ou bl\u00e9\u2026 <a href=\"https:\/\/www.tf1info.fr\/societe\/la-france-suspend-les-importations-de-produits-traites-avec-5-substances-interdites-dans-l-union-europeenne-2417147.html\" target=\"_blank\" rel=\"noopener\">une cinquantaine de fruits et l\u00e9gumes ne pourront plus faire l\u2019objet d\u2019importations<\/a> sur le territoire fran\u00e7ais \u00e0 partir de jeudi et ce, pour une dur\u00e9e d\u2019un an. \u00a0Selon un arr\u00eat\u00e9 paru mercredi au Journal officiel, il s\u2019agit de toutes les denr\u00e9es trait\u00e9es avec l\u2019un des cinq pesticides suivants : le mancoz\u00e8be (notamment utilis\u00e9 pour traiter les avocats, les mangues ou les poivrons), le thiophanate-m\u00e9thyl (coings, agrumes, avoine&#8230;), le carbendazime et le b\u00e9nomyl (tomates, graines de soja, bl\u00e9&#8230;), soit quatre fongicides, et un herbicide, le glufosinate (utilis\u00e9 pour les pommes de terre). Pour les commer\u00e7ants, revendeurs et supermarch\u00e9s, il est toutefois possible d\u2019\u00e9couler leurs stocks dans un d\u00e9lai d\u2019un mois apr\u00e8s l\u2019entr\u00e9e en vigueur de l\u2019arr\u00eat\u00e9.<\/p>\n<p data-module=\"article-paragraph\" class=\"jsx-157965717 Paragraph\">Le gouvernement justifie cette mesure par des raisons sanitaires. L&rsquo;arr\u00eat\u00e9 se fonde \u00ab\u00a0sur la r\u00e9glementation sanitaire europ\u00e9enne qui autorise les \u00c9tats membres, avec des motifs justifi\u00e9s, de d\u00e9roger aux r\u00e8gles europ\u00e9ennes et de prendre de fa\u00e7on unilat\u00e9rale des dispositions d&rsquo;interdiction d&rsquo;import de substances interdites lorsqu&rsquo;elles sont pr\u00e9sentes \u00e0 des niveaux pr\u00e9occupants\u00a0\u00bb, explique ainsi le minist\u00e8re de l&rsquo;Agriculture.\u00a0<\/p>\n<p data-module=\"article-paragraph\" class=\"jsx-157965717 Paragraph Paragraph__End\">Ainsi, le retrait du mancoz\u00e8be et du thiophanate-m\u00e9thyl du march\u00e9 europ\u00e9en en 2021 avait \u00e9t\u00e9 justifi\u00e9 en raison de leur caract\u00e8re dangereux pour la sant\u00e9 (canc\u00e9rig\u00e8ne, mutag\u00e8ne ou toxique pour la reproduction).\u00a0<\/p>\n<p>Des pesticides interdits en Europe, mais autoris\u00e9s pour l&rsquo;importation dans certaines limites <\/p>\n<p data-module=\"article-paragraph\" class=\"jsx-157965717 Paragraph\">Pour ces raisons sanitaires, ces cinq substances sont interdites en Europe, mais l\u2019importation de produits trait\u00e9s avec l\u2019une d\u2019entre elles est malgr\u00e9 tout autoris\u00e9e si ceux-ci respectent les limites maximales de r\u00e9sidus (LMR) fix\u00e9es par l\u2019UE. Mais la France estime toutefois que celles-ci sont trop \u00e9lev\u00e9es.<\/p>\n<p data-module=\"article-paragraph\" class=\"jsx-157965717 Paragraph Paragraph__End\">Ce n\u2019est pas la premi\u00e8re fois que la France prend une telle mesure unilat\u00e9rale au sein de l\u2019UE, dite \u00ab\u00a0clause de sauvegarde\u00a0\u00bb : le m\u00eame type de dispositif avait \u00e9t\u00e9 actionn\u00e9 en 2016 pour interdire l&rsquo;importation de cerises trait\u00e9es au dim\u00e9thoate, un insecticide dangereux pour la sant\u00e9 ; puis en <a href=\"https:\/\/www.tf1info.fr\/conso\/video-pesticides-l-importation-de-cerises-traitees-au-phosmet-suspendue-pour-une-duree-d-un-an-par-la-france-2252074.html\" target=\"_blank\" rel=\"noopener\">2023 contre les cerises trait\u00e9es au phosmet<\/a> et encore en 2024 contre les importations de fruits et l\u00e9gumes trait\u00e9s au thiaclopride, un n\u00e9onicotino\u00efde.<\/p>\n<p>La clause de sauvegarde n&rsquo;avait pas \u00e9t\u00e9 activ\u00e9e pour l&rsquo;ac\u00e9tamipride<\/p>\n<p data-module=\"article-paragraph\" class=\"jsx-157965717 Paragraph\">Une fois cette mesure actionn\u00e9e par un \u00c9tat membre, l\u2019interdiction d\u2019importation entre en vigueur mais la Commission europ\u00e9enne a un d\u00e9lai de dix jours pour se prononcer, avec trois options : \u00ab\u00a0ne pas s\u2019y opposer\u00a0\u00bb, \u00ab\u00a0le g\u00e9n\u00e9raliser \u00e0 tout le reste de l\u2019Union europ\u00e9enne\u00a0\u00bb ou \u00ab\u00a0s\u2019y opposer\u00a0\u00bb, a rappel\u00e9 le minist\u00e8re. Bruxelles souligne de son c\u00f4t\u00e9 avoir d\u00e9j\u00e0 engag\u00e9 une possible r\u00e9vision de ses r\u00e8gles sur les r\u00e9sidus de pesticides dans les produits import\u00e9s. \u00c0 titre d&rsquo;exemple, pour le dim\u00e9thoate, apr\u00e8s les interdictions successives en France, la Commission avait fini par l\u2019interdire dans toute l\u2019UE en 2019.<\/p>\n<p data-module=\"article-paragraph\" class=\"jsx-157965717 Paragraph\">En revanche, cette clause de sauvegarde n\u2019avait pas \u00e9t\u00e9 activ\u00e9e pour <a href=\"https:\/\/www.tf1info.fr\/environnement-ecologie\/ce-neonicotinoide-pourrait-de-nouveau-etre-autorise-en-france-cinq-choses-a-savoir-sur-l-acetamipride-2371945.html\" target=\"_blank\" rel=\"noopener\">l\u2019ac\u00e9tamipride<\/a>. Il s\u2019agit d\u2019un n\u00e9onicotino\u00efde autoris\u00e9 en Europe jusqu\u2019en 2033 mais interdit en France, et que la loi Duplomb visait \u00e0 r\u00e9introduire dans l\u2019Hexagone, notamment pour traiter les champs de betteraves et les parcelles de noisetiers. <a href=\"https:\/\/www.tf1info.fr\/politique\/pesticide-neonecotinoides-l-acetamipride-reste-interdit-loi-duplomb-et-maintenant-que-va-t-il-se-passer-2387656.html\" target=\"_blank\" rel=\"noopener\">Sa r\u00e9introduction avait toutefois \u00e9t\u00e9 censur\u00e9e par le Conseil constitutionnel<\/a>.\u00a0<\/p>\n<p data-module=\"article-paragraph\" class=\"jsx-157965717 Paragraph Paragraph__End\">Mais \u00e0 l\u2019\u00e9poque des d\u00e9bats, la possibilit\u00e9 d\u2019\u00e9voquer une clause de sauvegarde pour interdire d\u2019importer en France des produits trait\u00e9s avec ce n\u00e9onicotino\u00efde avait \u00e9t\u00e9 \u00e9voqu\u00e9e par certains, pour r\u00e9pondre \u00e0 la demande des agriculteurs qui disaient souffrir d\u2019une concurrence d\u00e9loyale, entre leurs produits priv\u00e9s de ce n\u00e9onicotino\u00efde et les produits en provenance des autres pays europ\u00e9ens.\u00a0<\/p>\n<p>Les contr\u00f4les vont \u00eatre renforc\u00e9s<\/p>\n<p data-module=\"article-paragraph\" class=\"jsx-157965717 Paragraph\">Le gouvernement ne s\u2019\u00e9tait alors pas prononc\u00e9 publiquement sur cette possibilit\u00e9 mais des experts avaient soulign\u00e9 la plus grande difficult\u00e9 \u00e0 mettre en place cette clause de sauvegarde pour l\u2019ac\u00e9tamipride : il est en effet autoris\u00e9 en Europe, les \u00e9tudes sur ses effets sur la sant\u00e9 humaine sont moins \u00e9toff\u00e9es et un tr\u00e8s grand nombre de produits sont concern\u00e9s, rendant les contr\u00f4les difficiles. Dans le cas du phosmet par exemple, il ne s\u2019agissait que des cerises, rendant plus facile le contr\u00f4le des importations.\u00a0<\/p>\n<p data-module=\"article-paragraph\" class=\"jsx-157965717 Paragraph Paragraph__End\">Dans le cadre de l\u2019arr\u00eat\u00e9 publi\u00e9 mercredi en revanche, un tr\u00e8s grand nombre de produits sont concern\u00e9s, laissant craindre \u00e0 certains une interdiction th\u00e9orique. Mais le minist\u00e8re de l\u2019Agriculture assure que les contr\u00f4les seront renforc\u00e9s : \u00ab\u00a0L\u2019arr\u00eat\u00e9 d\u2019interdiction s\u2019accompagne du renforcement de la brigade de contr\u00f4le sur ces produits dans les ports et dans les a\u00e9roports mais aussi sur tout le territoire.\u00a0\u00bb<\/p>\n<p>Pourquoi maintenant ?<\/p>\n<p data-module=\"article-paragraph\" class=\"jsx-157965717 Paragraph\">Reste la question du calendrier de cette interdiction. Pourquoi maintenant ? Ces fruits et l\u00e9gumes ont toujours \u00e9t\u00e9 import\u00e9s sur le territoire fran\u00e7ais avec les m\u00eames limites r\u00e9siduelles de pesticides. Or, les \u00e9tudes portant sur leurs effets sur la sant\u00e9 ne sont pas nouvelles.\u00a0<\/p>\n<p data-module=\"article-paragraph\" class=\"jsx-157965717 Paragraph Paragraph__End\">\u00ab\u00a0Jusqu\u2019\u00e0 aujourd\u2019hui, on estimait que ces substances n\u2019\u00e9taient donc pas dangereuses pour la sant\u00e9 ou l\u2019environnement si les r\u00e9sidus de pesticide \u00e9taient inf\u00e9rieurs \u00e0 la limite fix\u00e9e, ce n\u2019est donc plus le cas\u00a0\u00bb, raille Dorian Guinard, ma\u00eetre de conf\u00e9rences en droit public. \u00ab\u00a0Le gouvernement doit avoir des \u00e9tudes scientifiques s\u00e9rieuses pour de telles interdictions. S\u2019il les avait depuis longtemps, pourquoi a-t-il autant tard\u00e9 pour \u00e0 la fois prot\u00e9ger la sant\u00e9 et l\u2019environnement et juguler les distorsions concurrentielles ?\u00a0\u00bb, s\u2019interroge encore ce dernier.\u00a0<\/p>\n<blockquote class=\"jsx-2786790838 Quote__Text\"><p>Ce n&rsquo;est pas un arr\u00eat\u00e9 dirig\u00e9 contre l&rsquo;Am\u00e9rique du Sud.<\/p><\/blockquote>\n<p>Minist\u00e8re de l&rsquo;Agriculture<\/p>\n<p data-module=\"article-paragraph\" class=\"jsx-157965717 Paragraph\">Pour certains, il faut donc y voir un lien <a href=\"https:\/\/www.tf1info.fr\/societe\/crise-agricole-le-president-de-la-fnsea-arnaud-rousseau-appelle-a-des-actions-en-territoire-2416885.html\" target=\"_blank\" rel=\"noopener\">avec la col\u00e8re agricole<\/a> et <a href=\"https:\/\/www.tf1info.fr\/societe\/mercosur-cooperative-u-n-importera-pas-des-produits-d-amerique-du-sud-s-ils-sont-deja-produits-en-france-2417134.html\" target=\"_blank\" rel=\"noopener\">la signature prochaine du Mercosur, l\u2019accord de libre-\u00e9change avec l\u2019Am\u00e9rique latine, ce 9 janvier<\/a>. Il est vrai que nombreux sont les fruits et l\u00e9gumes en provenance de ce continent qui sont trait\u00e9s avec l\u2019une de ces cinq substances actives, et donc d\u00e9sormais concern\u00e9s par l\u2019interdiction.\u00a0<\/p>\n<p data-module=\"article-paragraph\" class=\"jsx-157965717 Paragraph\">\u00ab\u00a0Compte tenu du profil des produits\u00a0\u00bb, le texte concerne \u00ab\u00a0pas mal l&rsquo;Am\u00e9rique du Sud\u00a0\u00bb, a admis le minist\u00e8re, mais il assure \u00a0toutefois que ce n\u2019est pas une mesure de protection par rapport aux pays du Mercosur, auquel la France est oppos\u00e9e mais qui devrait \u00eatre malgr\u00e9 tout sign\u00e9 dans les jours qui viennent : \u00ab\u00a0Ce n&rsquo;est pas un arr\u00eat\u00e9 dirig\u00e9 contre l&rsquo;Am\u00e9rique du Sud. Il est dirig\u00e9 contre tout pays du monde qui traiterait les fruits et l\u00e9gumes concern\u00e9s avec une de ces cinq substances.\u00a0\u00bb\u00a0<\/p>\n<p data-module=\"article-paragraph\" class=\"jsx-157965717 Paragraph\">Si cette mesure \u00e9tait destin\u00e9e \u00e0 pr\u00e9server les agriculteurs fran\u00e7ais de la concurrence des produits latino-am\u00e9ricains dans le cadre du Mercosur, l&rsquo;Institut Veblen en limite la port\u00e9e : \u00ab\u00a0Les produits mentionn\u00e9s ne font pas partie des secteurs consid\u00e9r\u00e9s comme les plus &lsquo;sensibles&rsquo; dans le cadre de l\u2019accord, ni des produits les plus import\u00e9s en provenance des pays du Mercosur.\u00a0\u00bb<\/p>\n<p data-module=\"article-paragraph\" class=\"jsx-157965717 Paragraph Paragraph__End\">Interrog\u00e9 sur d\u2019\u00e9ventuelles repr\u00e9sailles des pays du Mercosur, qui pourraient consid\u00e9rer qu&rsquo;une telle mesure est contraire \u00e0 l&rsquo;accord de libre-\u00e9change, le minist\u00e8re de l&rsquo;Agriculture a balay\u00e9 cette hypoth\u00e8se, partant du principe qu&rsquo;elle ne concernait pas que ces pays mais tous les pays exportateurs de denr\u00e9es trait\u00e9es avec ces pesticides.<\/p>\n<p>Ces substances interdites en Europe&#8230; sont produites en Europe<\/p>\n<p data-module=\"article-paragraph\" class=\"jsx-157965717 Paragraph\">Cette mesure pourrait toutefois \u00eatre per\u00e7ue comme une mani\u00e8re de r\u00e9pondre plus largement aux pr\u00e9occupations des agriculteurs, au-del\u00e0 du Mercosur. Depuis fin d\u00e9cembre, ils m\u00e8nent un mouvement de protestation pour plusieurs raisons : <a href=\"https:\/\/www.tf1info.fr\/societe\/dermatose-nodulaire-plus-de-77-des-bovins-vaccines-dans-le-sud-ouest-2416831.html\" target=\"_blank\" rel=\"noopener\">\u00e9pizootie de dermatose nodulaire contagieuse<\/a> (DNC) chez les bovins, faible cours du bl\u00e9 et prix \u00e9lev\u00e9 des engrais, etc.<\/p>\n<p data-module=\"article-paragraph\" class=\"jsx-157965717 Paragraph\">Paradoxalement, l\u2019Europe exporte des substances actives interdites sur son sol (et donc autoris\u00e9es dans certaines limites pour des produits d\u2019importation). Ainsi, selon la cartographie publi\u00e9e par <a href=\"https:\/\/www.publiceye.ch\/fr\/thematiques\/pesticides\/weltkarte\/\" target=\"_blank\" rel=\"nofollow noopener\">l&rsquo;ONG suisse Public Eye (nouvelle fen\u00eatre)<\/a>, trois des cinq substances concern\u00e9es par l\u2019arr\u00eat\u00e9 fran\u00e7ais sont encore produites sur le territoire europ\u00e9en pour l\u2019export.<\/p>\n<p data-module=\"article-paragraph\" class=\"jsx-157965717 Paragraph Paragraph__End\">\u00ab\u00a0En 2024, ce sont ainsi 30.000 tonnes de glufosinate, thiophanate-m\u00e9thyl et mancoz\u00e8be qui ont \u00e9t\u00e9 produites en Europe malgr\u00e9 l\u2019interdiction d\u2019utilisation sur le sol europ\u00e9en, dont 34.000 kg de mancoz\u00e8be produits en France\u00a0\u00bb, relaie la codirectrice de l&rsquo;institut Veblen, Mathilde Dupr\u00e9, relevant \u00ab\u00a0un manque de coh\u00e9rence\u00a0\u00bb.\u00a0<\/p>\n<p><a href=\"https:\/\/www.tf1info.fr\/environnement-ecologie\/censure-de-l-acetamipride-dans-la-loi-duplomb-que-reste-t-il-du-texte-toujours-controverse-2387649.html\" rel=\"noopener\" class=\"jsx-3308031228 Link flex\" target=\"_blank\"><img decoding=\"async\" src=\"https:\/\/www.europesays.com\/fr\/wp-content\/uploads\/2026\/01\/loi-duplomb-opposition-conseil-constitutionnel-07-aout-2025-bee331-0@1x.jpeg\" alt=\"Thomas SAMSON \/ AFP\" loading=\"lazy\" importance=\"low\" fetchpriority=\"low\" class=\"\" aria-hidden=\"true\"\/><\/p>\n<p class=\"jsx-3657663356 ReadMoreArticle__Title\">Lire aussi<\/p>\n<p class=\"jsx-3657663356\">Censure de l&rsquo;ac\u00e9tamipride dans la loi Duplomb : que reste-t-il du texte (toujours) controvers\u00e9 ? <\/p>\n<p><\/a><\/p>\n<p data-module=\"article-paragraph\" class=\"jsx-157965717 Paragraph\">En France, ces exportations \u00ab\u00a0devraient \u00eatre interdites depuis 2022 suite \u00e0 la loi Egalim de 2018\u00a0\u00bb, rappelle par ailleurs l\u2019experte, pr\u00e9cisant : \u00ab\u00a0Mais il y avait plusieurs failles dans la loi : la circulaire de mise en \u0153uvre pr\u00e9voyait une interdiction d&rsquo;exporter les pesticides contenant des substances interdites mais pas les substances en tant que telles.\u00a0\u00bb<\/p>\n<p data-module=\"article-paragraph\" class=\"jsx-157965717 Paragraph Paragraph__End\">Un recours a \u00e9t\u00e9 initi\u00e9 devant le Conseil d\u2019\u00c9tat en septembre 2024 et une disposition vot\u00e9e dans la loi Duplomb devait rectifier le tir. \u00ab\u00a0Mais nous ne parvenons pas \u00e0 savoir si les textes d&rsquo;application ont \u00e9t\u00e9 adopt\u00e9s ou pas encore\u00a0\u00bb, pr\u00e9cise Mathilde Dupr\u00e9. Contact\u00e9 par TF1, le minist\u00e8re de l\u2019Agriculture n\u2019a pas comment\u00e9.<\/p>\n<p>Marianne ENAULT<\/p>\n","protected":false},"excerpt":{"rendered":"Un arr\u00eat\u00e9 interdit \u00e0 partir de jeudi l\u2019importation en France de fruits et l\u00e9gumes trait\u00e9s avec cinq pesticides&hellip;\n","protected":false},"author":2,"featured_media":647666,"comment_status":"","ping_status":"","sticky":false,"template":"","format":"standard","meta":{"footnotes":""},"categories":[4],"tags":[1111,11,327,1921,1130,1011,27,1922,75308,12,5736,2091,5735,25,71,364,133,5642],"class_list":{"0":"post-647665","1":"post","2":"type-post","3":"status-publish","4":"format-standard","5":"has-post-thumbnail","7":"category-france","8":"tag-actu","9":"tag-actualites","10":"tag-agriculture","11":"tag-article-video","12":"tag-biodiversite","13":"tag-fr","14":"tag-france","15":"tag-info","16":"tag-loi-duplomb-la-reintroduction-du-pesticide-acetamipride-censuree","17":"tag-news","18":"tag-notre-planete","19":"tag-pesticides","20":"tag-protection-de-lenvironnement","21":"tag-republique-francaise","22":"tag-sante","23":"tag-union-europeenne","24":"tag-video","25":"tag-video-economie"},"share_on_mastodon":{"url":"https:\/\/pubeurope.com\/@fr\/115855267335141380","error":""},"_links":{"self":[{"href":"https:\/\/www.europesays.com\/fr\/wp-json\/wp\/v2\/posts\/647665","targetHints":{"allow":["GET"]}}],"collection":[{"href":"https:\/\/www.europesays.com\/fr\/wp-json\/wp\/v2\/posts"}],"about":[{"href":"https:\/\/www.europesays.com\/fr\/wp-json\/wp\/v2\/types\/post"}],"author":[{"embeddable":true,"href":"https:\/\/www.europesays.com\/fr\/wp-json\/wp\/v2\/users\/2"}],"replies":[{"embeddable":true,"href":"https:\/\/www.europesays.com\/fr\/wp-json\/wp\/v2\/comments?post=647665"}],"version-history":[{"count":0,"href":"https:\/\/www.europesays.com\/fr\/wp-json\/wp\/v2\/posts\/647665\/revisions"}],"wp:featuredmedia":[{"embeddable":true,"href":"https:\/\/www.europesays.com\/fr\/wp-json\/wp\/v2\/media\/647666"}],"wp:attachment":[{"href":"https:\/\/www.europesays.com\/fr\/wp-json\/wp\/v2\/media?parent=647665"}],"wp:term":[{"taxonomy":"category","embeddable":true,"href":"https:\/\/www.europesays.com\/fr\/wp-json\/wp\/v2\/categories?post=647665"},{"taxonomy":"post_tag","embeddable":true,"href":"https:\/\/www.europesays.com\/fr\/wp-json\/wp\/v2\/tags?post=647665"}],"curies":[{"name":"wp","href":"https:\/\/api.w.org\/{rel}","templated":true}]}}