{"id":647677,"date":"2026-01-07T18:45:10","date_gmt":"2026-01-07T18:45:10","guid":{"rendered":"https:\/\/www.europesays.com\/fr\/647677\/"},"modified":"2026-01-07T18:45:10","modified_gmt":"2026-01-07T18:45:10","slug":"mercato-om-hojbjerg-tente-par-un-depart-a-la-juventus","status":"publish","type":"post","link":"https:\/\/www.europesays.com\/fr\/647677\/","title":{"rendered":"Mercato OM &#8211; H\u00f8jbjerg tent\u00e9 par un d\u00e9part \u00e0 la Juventus"},"content":{"rendered":"<p><strong><\/p>\n<p>Pierre-Emile H\u00f8jbjerg commencerait \u00e0 s\u2019interroger sur son avenir \u00e0 l\u2019OM. Le Danois se sentirait parfois isol\u00e9 dans l\u2019entrejeu et ne serait pas insensible \u00e0 l\u2019int\u00e9r\u00eat de la Juventus, m\u00eame si aucune offre concr\u00e8te n\u2019a \u00e9t\u00e9 formul\u00e9e.<\/p>\n<p><\/strong><\/p>\n<p>La d\u00e9faite humiliante contre Nantes (0-2) dimanche a laiss\u00e9 des traces dans le vestiaire marseillais. Au-del\u00e0 de Roberto De Zerbi, certains cadres comme Pierre-Emile H\u00f8jbjerg seraient irrit\u00e9s par l\u2019irr\u00e9gularit\u00e9 de l\u2019\u00e9quipe depuis le d\u00e9but de saison.<\/p>\n<p>Selon RMC Sport, le milieu danois se sent parfois \u00ab esseul\u00e9 et frustr\u00e9 \u00bb dans l\u2019entrejeu. Cette situation, coupl\u00e9e aux performances d\u00e9cevantes du collectif, <strong>impacterait directement sa r\u00e9flexion sur son avenir \u00e0 Marseille<\/strong>.<\/p>\n<p>La Juventus \u00e0 l\u2019aff\u00fbt<\/p>\n<p><a href=\"https:\/\/www.footmarseille.com\/137139-la-juventus-tente-un-echange-locatelli-hojbjerg\" target=\"_blank\" rel=\"noopener\">Suivi par la Juventus<\/a> depuis plusieurs semaines, l\u2019ancien joueur de Tottenham n\u2019est<strong> pas \u00ab insensible \u00bb aux avances turinoises<\/strong>, ajoute le m\u00e9dia. Aucune offre concr\u00e8te n\u2019aurait toutefois encore \u00e9t\u00e9 transmise par les Bianconeri.<\/p>\n<p>L\u2019OM refuse cat\u00e9goriquement tout d\u00e9part du joueur de 30 ans cet hiver. Sous contrat jusqu\u2019en 2028, H\u00f8jbjerg reste un pilier du projet marseillais. Mais les dirigeants ne peuvent pas ne pas entendre son appel, alors qu\u2019il avait indiqu\u00e9 \u00eatre affect\u00e9 par le d\u00e9part d\u2019Adrien Rabiot, en d\u00e9but de saison.<\/p>\n<p>Le Troph\u00e9e des champions jeudi contre le PSG arrive comme un cheveu sur la soupe. L\u2019OM a <strong>l\u2019obligation<\/strong> de montrer un meilleur visage que face \u00e0 Nantes.<\/p>\n","protected":false},"excerpt":{"rendered":"Pierre-Emile H\u00f8jbjerg commencerait \u00e0 s\u2019interroger sur son avenir \u00e0 l\u2019OM. Le Danois se sentirait parfois isol\u00e9 dans l\u2019entrejeu&hellip;\n","protected":false},"author":2,"featured_media":647678,"comment_status":"","ping_status":"","sticky":false,"template":"","format":"standard","meta":{"footnotes":""},"categories":[1410],"tags":[63,1011,27,60],"class_list":{"0":"post-647677","1":"post","2":"type-post","3":"status-publish","4":"format-standard","5":"has-post-thumbnail","7":"category-football","8":"tag-football","9":"tag-fr","10":"tag-france","11":"tag-sports"},"share_on_mastodon":{"url":"https:\/\/pubeurope.com\/@fr\/115855302602601997","error":""},"_links":{"self":[{"href":"https:\/\/www.europesays.com\/fr\/wp-json\/wp\/v2\/posts\/647677","targetHints":{"allow":["GET"]}}],"collection":[{"href":"https:\/\/www.europesays.com\/fr\/wp-json\/wp\/v2\/posts"}],"about":[{"href":"https:\/\/www.europesays.com\/fr\/wp-json\/wp\/v2\/types\/post"}],"author":[{"embeddable":true,"href":"https:\/\/www.europesays.com\/fr\/wp-json\/wp\/v2\/users\/2"}],"replies":[{"embeddable":true,"href":"https:\/\/www.europesays.com\/fr\/wp-json\/wp\/v2\/comments?post=647677"}],"version-history":[{"count":0,"href":"https:\/\/www.europesays.com\/fr\/wp-json\/wp\/v2\/posts\/647677\/revisions"}],"wp:featuredmedia":[{"embeddable":true,"href":"https:\/\/www.europesays.com\/fr\/wp-json\/wp\/v2\/media\/647678"}],"wp:attachment":[{"href":"https:\/\/www.europesays.com\/fr\/wp-json\/wp\/v2\/media?parent=647677"}],"wp:term":[{"taxonomy":"category","embeddable":true,"href":"https:\/\/www.europesays.com\/fr\/wp-json\/wp\/v2\/categories?post=647677"},{"taxonomy":"post_tag","embeddable":true,"href":"https:\/\/www.europesays.com\/fr\/wp-json\/wp\/v2\/tags?post=647677"}],"curies":[{"name":"wp","href":"https:\/\/api.w.org\/{rel}","templated":true}]}}