{"id":647681,"date":"2026-01-07T18:47:16","date_gmt":"2026-01-07T18:47:16","guid":{"rendered":"https:\/\/www.europesays.com\/fr\/647681\/"},"modified":"2026-01-07T18:47:16","modified_gmt":"2026-01-07T18:47:16","slug":"lalbum-grande-conso-2025-quand-limage-est-plus-forte-que-les-mots","status":"publish","type":"post","link":"https:\/\/www.europesays.com\/fr\/647681\/","title":{"rendered":"L&rsquo;ALBUM GRANDE CONSO 2025 : quand l&rsquo;image est plus forte que les mots&#8230;"},"content":{"rendered":"<p><a href=\"https:\/\/www.a-p-c-t.fr\/dauvers\/fichiers\/?idfile=1616\" target=\"_blank\" rel=\"noopener\"><img fetchpriority=\"high\" decoding=\"async\" width=\"2339\" height=\"1654\" src=\"https:\/\/www.europesays.com\/fr\/wp-content\/uploads\/2026\/01\/Coub-Album.jpg\" alt=\"\" class=\"wp-image-114479\"  \/><\/a><\/p>\n<p><strong>Une image vaut parfois 1 000\u2008mots, dit-on.<\/strong>\u2008C\u2019est aussi vrai de l\u2019info retail et conso ! Alors l\u2019image dit\u2026 tout.\u2008Tout d\u2019une situation ou, dans certains cas, tout de l\u2019\u00e9poque. Et comme vous connaissez mon go\u00fbt pour le narratif retail en photos, voici donc l\u2019ALBUM GRANDE CONSO. <br \/>Comme les pr\u00e9c\u00e9dents (et probablement comme les suivants !) le mill\u00e9sime 2025 a encore \u00e9t\u00e9 extraordinaire, au sens premier du terme.\u2008Une ann\u00e9e qui t\u00e9moigne de la r\u00e9volution commerciale en cours que l\u2019on a choisi de r\u00e9sumer en 30 images.\u2008Gla\u00e7antes, provocantes, cocasses, engag\u00e9es, etc : toutes disent quelque chose du moment ! Toutes sont finalement la trace de l\u2019ann\u00e9e retail et conso.\u2008<\/p>\n<p><a href=\"https:\/\/www.a-p-c-t.fr\/dauvers\/fichiers\/?idfile=1616\" target=\"_blank\" rel=\"noopener\">En LIBRE-T\u00c9L\u00c9CHARGEMENT ici &gt;&gt; <\/a><\/p>\n","protected":false},"excerpt":{"rendered":"Une image vaut parfois 1 000\u2008mots, dit-on.\u2008C\u2019est aussi vrai de l\u2019info retail et conso ! Alors l\u2019image dit\u2026&hellip;\n","protected":false},"author":2,"featured_media":647682,"comment_status":"","ping_status":"","sticky":false,"template":"","format":"standard","meta":{"footnotes":""},"categories":[1358],"tags":[1348,1384,1385,1386,58,59,1011,27],"class_list":{"0":"post-647681","1":"post","2":"type-post","3":"status-publish","4":"format-standard","5":"has-post-thumbnail","7":"category-arts-et-design","8":"tag-arts","9":"tag-arts-and-design","10":"tag-arts-et-design","11":"tag-design","12":"tag-divertissement","13":"tag-entertainment","14":"tag-fr","15":"tag-france"},"share_on_mastodon":{"url":"https:\/\/pubeurope.com\/@fr\/115855310457229924","error":""},"_links":{"self":[{"href":"https:\/\/www.europesays.com\/fr\/wp-json\/wp\/v2\/posts\/647681","targetHints":{"allow":["GET"]}}],"collection":[{"href":"https:\/\/www.europesays.com\/fr\/wp-json\/wp\/v2\/posts"}],"about":[{"href":"https:\/\/www.europesays.com\/fr\/wp-json\/wp\/v2\/types\/post"}],"author":[{"embeddable":true,"href":"https:\/\/www.europesays.com\/fr\/wp-json\/wp\/v2\/users\/2"}],"replies":[{"embeddable":true,"href":"https:\/\/www.europesays.com\/fr\/wp-json\/wp\/v2\/comments?post=647681"}],"version-history":[{"count":0,"href":"https:\/\/www.europesays.com\/fr\/wp-json\/wp\/v2\/posts\/647681\/revisions"}],"wp:featuredmedia":[{"embeddable":true,"href":"https:\/\/www.europesays.com\/fr\/wp-json\/wp\/v2\/media\/647682"}],"wp:attachment":[{"href":"https:\/\/www.europesays.com\/fr\/wp-json\/wp\/v2\/media?parent=647681"}],"wp:term":[{"taxonomy":"category","embeddable":true,"href":"https:\/\/www.europesays.com\/fr\/wp-json\/wp\/v2\/categories?post=647681"},{"taxonomy":"post_tag","embeddable":true,"href":"https:\/\/www.europesays.com\/fr\/wp-json\/wp\/v2\/tags?post=647681"}],"curies":[{"name":"wp","href":"https:\/\/api.w.org\/{rel}","templated":true}]}}