{"id":647689,"date":"2026-01-07T18:52:09","date_gmt":"2026-01-07T18:52:09","guid":{"rendered":"https:\/\/www.europesays.com\/fr\/647689\/"},"modified":"2026-01-07T18:52:09","modified_gmt":"2026-01-07T18:52:09","slug":"voici-le-montant-que-vous-depensez-rien-que-pour-votre-sante-par-an","status":"publish","type":"post","link":"https:\/\/www.europesays.com\/fr\/647689\/","title":{"rendered":"voici le montant que vous d\u00e9pensez rien que pour votre sant\u00e9 par an"},"content":{"rendered":"<p>D\u00e9penses de sant\u00e9 des femmes en France : le co\u00fbt invisible qui<br \/>\ngrimpe<\/p>\n<p>Vous avez d\u00e9j\u00e0 pay\u00e9 de votre poche pour un psy, une s\u00e9ance<br \/>\nd\u2019ost\u00e9o, des compl\u00e9ments ou un suivi bien-\u00eatre non rembours\u00e9 ?<br \/>\nBeaucoup de Fran\u00e7aises le font, r\u00e9guli\u00e8rement. Derri\u00e8re la vitrine<br \/>\nd\u2019un syst\u00e8me de soins r\u00e9put\u00e9 g\u00e9n\u00e9reux, une part enti\u00e8re de la sant\u00e9<br \/>\nf\u00e9minine \u00e9chappe \u00e0 l\u2019Assurance maladie. Sant\u00e9 mentale, douleurs<br \/>\nchroniques, troubles hormonaux : ces besoins, souvent r\u00e9currents,<br \/>\nfinissent en reste \u00e0 charge. Et l\u2019addition se r\u00e9p\u00e8te, mois apr\u00e8s<br \/>\nmois.<\/p>\n<p>Une \u00e9tude Elsee Care, publi\u00e9e le 24 juin 2025, a analys\u00e9 1 483<br \/>\nprofils sur un an pour objectiver cette r\u00e9alit\u00e9. Elle rapporte ceci<br \/>\n: \u00ab\u00a09,5 millions de femmes chaque ann\u00e9e d\u00e9clarent reporter ou<br \/>\nrenoncer \u00e0 des soins en raison de divers obstacles tels que le<br \/>\nco\u00fbt, la distance ou le manque de temps\u00a0\u00bb, indique l\u2019\u00e9tude Elsee<br \/>\nCare, selon Marie France. M\u00eame en ayant acc\u00e8s \u00e0 des soins, toutes<br \/>\nne peuvent pas suivre les parcours recommand\u00e9s. Reste \u00e0 savoir<br \/>\ncombien.<\/p>\n<p>Combien une femme d\u00e9pense par an pour sa sant\u00e9 en 2025 ?<\/p>\n<p>Le chiffre central donn\u00e9 par cette radiographie est clair : en<br \/>\nmoyenne, une femme en France consacre <strong>2 549 \u20ac<\/strong> par<br \/>\nan \u00e0 sa sant\u00e9 et \u00e0 son bien-\u00eatre, pour des postes non pris en<br \/>\ncharge par l\u2019Assurance maladie. La m\u00e9diane s\u2019\u00e9tablit \u00e0 <strong>2<br \/>\n125 \u20ac<\/strong>, soit pr\u00e8s de <strong>5 %<\/strong> du revenu net<br \/>\nannuel moyen f\u00e9minin. Ces d\u00e9penses recouvrent principalement<br \/>\nl\u2019accompagnement psychologique, les m\u00e9decines douces et les<br \/>\ncompl\u00e9ments, hors m\u00e9decine conventionnelle.<\/p>\n<p>Dans le d\u00e9tail, les \u00e9carts se creusent selon les situations. Les<br \/>\nfemmes m\u00e9nopaus\u00e9es atteignent le plus haut budget avec <strong>2<br \/>\n807 \u20ac<\/strong> par an, dont <strong>655 \u20ac<\/strong> de compl\u00e9ments.<br \/>\nCelles atteintes d\u2019endom\u00e9triose ou de SOPK d\u00e9pensent <strong>2 643<br \/>\n\u20ac<\/strong> par an, un quart \u00e9tant d\u00e9di\u00e9 au soutien psychologique.<br \/>\nLes femmes en parcours de fertilit\u00e9 engagent <strong>2 487<br \/>\n\u20ac<\/strong> annuels, dont <strong>1 503 \u20ac<\/strong> pour<br \/>\nl\u2019accompagnement global et <strong>583 \u20ac<\/strong> de compl\u00e9ments.<br \/>\nLes femmes enceintes ou en post-partum restent en dessous mais la<br \/>\nnote demeure \u00e9lev\u00e9e, \u00e0 <strong>2 062 \u20ac<\/strong> par an, avec<br \/>\n<strong>26 %<\/strong> pour l\u2019appui psychologique.<\/p>\n<p>\u00c0 quoi part ce budget et pourquoi reste-t-il \u00e0 votre<br \/>\ncharge<\/p>\n<p>La priorit\u00e9 se lit d\u2019embl\u00e9e : <strong>63 %<\/strong> des d\u00e9penses<br \/>\nconcernent la sant\u00e9 mentale et le mieux-\u00eatre. En moyenne, une femme<br \/>\npaie <strong>614 \u20ac<\/strong> par an pour des consultations<br \/>\npsychologiques, <strong>552 \u20ac<\/strong> pour des m\u00e9decines douces<br \/>\n(ost\u00e9opathie, acupuncture, naturopathie\u2026) et <strong>518 \u20ac<\/strong><br \/>\npour des compl\u00e9ments alimentaires. Ces postes sont faiblement<br \/>\nrembours\u00e9s, voire pas du tout, alors qu\u2019ils r\u00e9pondent \u00e0 des<br \/>\ndouleurs persistantes, \u00e0 la fatigue, aux troubles hormonaux. Et la<br \/>\nqualit\u00e9 de vie s\u2019en ressent.<\/p>\n<p>Autre signal fort relev\u00e9 par l\u2019\u00e9tude : 51 % des r\u00e9pondantes<br \/>\ndisent que leurs sympt\u00f4mes ont d\u00e9j\u00e0 \u00e9t\u00e9 minimis\u00e9s ou ignor\u00e9s en<br \/>\nraison de leur genre. Faible structuration d\u2019alternatives, parcours<br \/>\nmorcel\u00e9s\u2026 R\u00e9sultat, une partie des soins utiles se finance en<br \/>\ndehors des circuits couverts. L\u2019acc\u00e8s varie aussi selon le<br \/>\nterritoire : l\u2019Occitanie affiche un budget annuel de <strong>2 939<br \/>\n\u20ac<\/strong> quand le Centre-Val de Loire pointe \u00e0 <strong>1 916<br \/>\n\u20ac<\/strong>, des \u00e9carts li\u00e9s \u00e0 l\u2019offre locale, \u00e0 l\u2019accessibilit\u00e9 et<br \/>\naux habitudes de sant\u00e9.<\/p>\n<p>O\u00f9 vous situez-vous face \u00e0 ces<br \/>\nd\u00e9penses, et que faire ?<\/p>\n<p>Pour vous rep\u00e9rer, quelques rep\u00e8res concrets : 1) Listez vos<br \/>\nd\u00e9penses de l\u2019an dernier par grands postes (psy, m\u00e9decines douces,<br \/>\ncompl\u00e9ments). 2) Additionnez et comparez au rep\u00e8re de <strong>2 549<br \/>\n\u20ac<\/strong> pour savoir si vous \u00eates au\u2011dessus, au niveau, ou<br \/>\nen\u2011dessous. 3) Notez ce que vous avez repouss\u00e9 faute de budget,<br \/>\npour vous situer par rapport aux <strong>9,5 millions<\/strong> de<br \/>\nfemmes concern\u00e9es par le renoncement. 4) D\u00e9finissez un \u201csocle\u201d de<br \/>\nsoins non n\u00e9gociables pour l\u2019ann\u00e9e \u00e0 venir.<\/p>\n<p>Des pistes existent, sans se lancer dans un parcours du<br \/>\ncombattant : demander \u00e0 sa mutuelle ou \u00e0 son employeur si un<br \/>\nsoutien psychologique est pr\u00e9vu, se renseigner sur les dispositifs<br \/>\nlocaux et les maisons de sant\u00e9, partager certains co\u00fbts via des<br \/>\ngroupes de parole ou des programmes collectifs. L\u2019enjeu n\u2019est pas<br \/>\nde tout payer, mais d\u2019arbitrer en connaissance de cause, dans un<br \/>\nsyst\u00e8me o\u00f9 une part r\u00e9elle de la sant\u00e9 des femmes reste aujourd\u2019hui<br \/>\n\u00e0 la charge des int\u00e9ress\u00e9es.<\/p>\n","protected":false},"excerpt":{"rendered":"D\u00e9penses de sant\u00e9 des femmes en France : le co\u00fbt invisible qui grimpe Vous avez d\u00e9j\u00e0 pay\u00e9 de&hellip;\n","protected":false},"author":2,"featured_media":647690,"comment_status":"","ping_status":"","sticky":false,"template":"","format":"standard","meta":{"footnotes":""},"categories":[10],"tags":[930,9626,1433,3139,18144,75309,3026,1086,1294,1011,27,72,58968,5912,471,746,24,71,96,6013,15161,4568],"class_list":{"0":"post-647689","1":"post","2":"type-post","3":"status-publish","4":"format-standard","5":"has-post-thumbnail","7":"category-sante","8":"tag-le","9":"tag-an","10":"tag-ca","11":"tag-cher","12":"tag-coute","13":"tag-depensez","14":"tag-en","15":"tag-etre","16":"tag-femme","17":"tag-fr","18":"tag-france","19":"tag-health","20":"tag-montant","21":"tag-par","22":"tag-pour","23":"tag-que","24":"tag-rien","25":"tag-sante","26":"tag-une","27":"tag-voici","28":"tag-votre","29":"tag-vous"},"share_on_mastodon":{"url":"https:\/\/pubeurope.com\/@fr\/115855330143366720","error":""},"_links":{"self":[{"href":"https:\/\/www.europesays.com\/fr\/wp-json\/wp\/v2\/posts\/647689","targetHints":{"allow":["GET"]}}],"collection":[{"href":"https:\/\/www.europesays.com\/fr\/wp-json\/wp\/v2\/posts"}],"about":[{"href":"https:\/\/www.europesays.com\/fr\/wp-json\/wp\/v2\/types\/post"}],"author":[{"embeddable":true,"href":"https:\/\/www.europesays.com\/fr\/wp-json\/wp\/v2\/users\/2"}],"replies":[{"embeddable":true,"href":"https:\/\/www.europesays.com\/fr\/wp-json\/wp\/v2\/comments?post=647689"}],"version-history":[{"count":0,"href":"https:\/\/www.europesays.com\/fr\/wp-json\/wp\/v2\/posts\/647689\/revisions"}],"wp:featuredmedia":[{"embeddable":true,"href":"https:\/\/www.europesays.com\/fr\/wp-json\/wp\/v2\/media\/647690"}],"wp:attachment":[{"href":"https:\/\/www.europesays.com\/fr\/wp-json\/wp\/v2\/media?parent=647689"}],"wp:term":[{"taxonomy":"category","embeddable":true,"href":"https:\/\/www.europesays.com\/fr\/wp-json\/wp\/v2\/categories?post=647689"},{"taxonomy":"post_tag","embeddable":true,"href":"https:\/\/www.europesays.com\/fr\/wp-json\/wp\/v2\/tags?post=647689"}],"curies":[{"name":"wp","href":"https:\/\/api.w.org\/{rel}","templated":true}]}}