{"id":647707,"date":"2026-01-07T19:01:13","date_gmt":"2026-01-07T19:01:13","guid":{"rendered":"https:\/\/www.europesays.com\/fr\/647707\/"},"modified":"2026-01-07T19:01:13","modified_gmt":"2026-01-07T19:01:13","slug":"vents-violents-fermeture-des-parcs-jeudi-8-et-vendredi-9-janvier-ville-de-saint-etienne-du-rouvray","status":"publish","type":"post","link":"https:\/\/www.europesays.com\/fr\/647707\/","title":{"rendered":"Vents violents : fermeture des parcs jeudi 8 et vendredi 9 janvier &#8211; Ville de Saint-\u00c9tienne-du-Rouvray"},"content":{"rendered":"<p class=\"article-date\">\n\t\t\t\t\tAlerte m\u00e9t\u00e9o\t\t\t\t\t\t\t\t\t\t\t&#8211; 7 janvier 2026\t\t\t\t\t\t\t\t\t<\/p>\n<p>Mise \u00e0 jour :\u00a07 janvier 18h15.<\/p>\n<p>Ce qu\u2019il faut savoir :<\/p>\n<ol>\n<li>La temp\u00eate \u201cGoretti\u201d est attendue sur le nord-ouest du pays jeudi en fin de journ\u00e9e et nuit suivante.<\/li>\n<li>Les rafales atteindront 90 \u00e0 110 km\/h dans les terres. Jusqu\u2019\u00e0 120 \u00e0 130 km\/h sur le littoral de la Seine-Maritime.<\/li>\n<li>Une alerte \u201cvigilance orange\u201d pour vent violent a \u00e9t\u00e9 d\u00e9clench\u00e9e en Seine-Maritime.<\/li>\n<li><strong>Plusieurs mesures sont pr\u00e9vues :<\/strong><\/li>\n<\/ol>\n<p>Parcs et bois<\/p>\n<p>Par mesure de pr\u00e9caution, <strong>la Ville va proc\u00e9der \u00e0 la fermeture des parcs et espaces bois\u00e9s de Saint-Etienne-du-Rouvray<\/strong> du jeudi 8 janvier 22h00 au vendredi 9 janvier 14h00. Leur acc\u00e8s sera interdit.<\/p>\n<p><strong>Transports en commun<\/strong><\/p>\n<ul>\n<li>Trains\n<ul>\n<li><strong>La circulation des trains suspendue en Normandie \u00e0 partir de jeudi 8 janvier au soir<\/strong><\/li>\n<li>Reprise de la circulation \u201ctr\u00e8s progressive\u201d \u00e0 partir de vendredi<\/li>\n<li>Consultez les horaires actualis\u00e9 des trains passant par la gare st\u00e9phanaise : <a href=\"https:\/\/www.ter.sncf.com\/normandie\/se-deplacer\/prochains-departs\/saint-etienne-du-rouvray-87411215\" target=\"_blank\" rel=\"noopener\">sur ce site.<\/a><\/li>\n<\/ul>\n<\/li>\n<li>Bus, m\u00e9tro\n<ul>\n<li>Pour suivre l\u2019actualit\u00e9 en temps r\u00e9el, consulter les informations sur cette page : <a href=\"http:\/\/r.presse.metropole-rouen-normandie.fr\/mk\/cl\/f\/sh\/6rqJfgq8dINmO7rECEowtc7PuB3\/5RJFMOfcH6AY\" target=\"_blank\" rel=\"noopener noreferrer\">sur ce site.<\/a><\/li>\n<\/ul>\n<\/li>\n<\/ul>\n<p>Recommandations<\/p>\n<p>Il est demand\u00e9 d\u2019annuler tout d\u00e9placement en for\u00eat, bois, espaces bois\u00e9s et parcs jusqu\u2019\u00e0 la fin de l\u2019alerte.<\/p>\n<p>Autres cons\u00e9quences possibles<\/p>\n<p>(via <a href=\"https:\/\/vigilance.meteofrance.fr\/fr\/seine-maritime\/demain\" target=\"_blank\" rel=\"noopener\">Meteo France<\/a> )<\/p>\n<ul>\n<li>Des coupures d\u2019\u00e9lectricit\u00e9 et de t\u00e9l\u00e9phone peuvent affecter les r\u00e9seaux de distribution pendant des dur\u00e9es relativement importantes.<\/li>\n<li>Les toitures et les chemin\u00e9es peuvent \u00eatre endommag\u00e9es.<\/li>\n<li>Des branches d\u2019arbre risquent de se rompre.<\/li>\n<li>Les v\u00e9hicules peuvent \u00eatre d\u00e9port\u00e9s.<\/li>\n<li>La circulation routi\u00e8re peut \u00eatre perturb\u00e9e, en particulier sur le r\u00e9seau secondaire en zone foresti\u00e8re.<\/li>\n<li>Le fonctionnement des infrastructures des stations de ski est perturb\u00e9.<\/li>\n<li>Quelques d\u00e9g\u00e2ts peuvent affecter les r\u00e9seaux de distribution d\u2019\u00e9lectricit\u00e9 et de t\u00e9l\u00e9phone.<\/li>\n<\/ul>\n<p>Conseils de comportement<\/p>\n<p>(via <a href=\"https:\/\/vigilance.meteofrance.fr\/fr\/seine-maritime\/demain\" target=\"_blank\" rel=\"noopener\">Meteo France<\/a> )<\/p>\n<ul>\n<li>Je prot\u00e8ge ma maison et les biens expos\u00e9s au vent<\/li>\n<li>Je me tiens inform\u00e9 aupr\u00e8s des autorit\u00e9s<\/li>\n<li>Je limite mes d\u00e9placements<\/li>\n<li>Je prends garde aux chutes d\u2019arbres et d\u2019objets<\/li>\n<li>Je n\u2019interviens pas sur les toits<\/li>\n<li>J\u2019installe les groupes \u00e9lectrog\u00e8nes \u00e0 l\u2019ext\u00e9rieur de la maison<\/li>\n<\/ul>\n<p>Les informations m\u00e9t\u00e9o r\u00e9centes sur le site <a href=\"https:\/\/vigilance.meteofrance.fr\/fr\/seine-maritime\" target=\"_blank\" rel=\"noopener\">vigilance.meteofrance.fr<\/a><\/p>\n<p>\u00a0<\/p>\n<p>\u00a0<\/p>\n<p>\u00a0<\/p>\n","protected":false},"excerpt":{"rendered":"Alerte m\u00e9t\u00e9o &#8211; 7 janvier 2026 Mise \u00e0 jour :\u00a07 janvier 18h15. Ce qu\u2019il faut savoir : La&hellip;\n","protected":false},"author":2,"featured_media":647708,"comment_status":"","ping_status":"","sticky":false,"template":"","format":"standard","meta":{"footnotes":""},"categories":[9653],"tags":[1111,11,2430,1777,674,1011,27,12,25,4001],"class_list":{"0":"post-647707","1":"post","2":"type-post","3":"status-publish","4":"format-standard","5":"has-post-thumbnail","7":"category-saint-etienne","8":"tag-actu","9":"tag-actualites","10":"tag-auvergne-rhone-alpes","11":"tag-eu","12":"tag-europe","13":"tag-fr","14":"tag-france","15":"tag-news","16":"tag-republique-francaise","17":"tag-saint-etienne"},"share_on_mastodon":{"url":"https:\/\/pubeurope.com\/@fr\/115855365500403685","error":""},"_links":{"self":[{"href":"https:\/\/www.europesays.com\/fr\/wp-json\/wp\/v2\/posts\/647707","targetHints":{"allow":["GET"]}}],"collection":[{"href":"https:\/\/www.europesays.com\/fr\/wp-json\/wp\/v2\/posts"}],"about":[{"href":"https:\/\/www.europesays.com\/fr\/wp-json\/wp\/v2\/types\/post"}],"author":[{"embeddable":true,"href":"https:\/\/www.europesays.com\/fr\/wp-json\/wp\/v2\/users\/2"}],"replies":[{"embeddable":true,"href":"https:\/\/www.europesays.com\/fr\/wp-json\/wp\/v2\/comments?post=647707"}],"version-history":[{"count":0,"href":"https:\/\/www.europesays.com\/fr\/wp-json\/wp\/v2\/posts\/647707\/revisions"}],"wp:featuredmedia":[{"embeddable":true,"href":"https:\/\/www.europesays.com\/fr\/wp-json\/wp\/v2\/media\/647708"}],"wp:attachment":[{"href":"https:\/\/www.europesays.com\/fr\/wp-json\/wp\/v2\/media?parent=647707"}],"wp:term":[{"taxonomy":"category","embeddable":true,"href":"https:\/\/www.europesays.com\/fr\/wp-json\/wp\/v2\/categories?post=647707"},{"taxonomy":"post_tag","embeddable":true,"href":"https:\/\/www.europesays.com\/fr\/wp-json\/wp\/v2\/tags?post=647707"}],"curies":[{"name":"wp","href":"https:\/\/api.w.org\/{rel}","templated":true}]}}