{"id":647714,"date":"2026-01-07T19:05:12","date_gmt":"2026-01-07T19:05:12","guid":{"rendered":"https:\/\/www.europesays.com\/fr\/647714\/"},"modified":"2026-01-07T19:05:12","modified_gmt":"2026-01-07T19:05:12","slug":"a-toulon-loffensive-calculee-de-la-deputee-rn-laure-lavalette","status":"publish","type":"post","link":"https:\/\/www.europesays.com\/fr\/647714\/","title":{"rendered":"\u00e0 Toulon, l\u2019offensive calcul\u00e9e de la d\u00e9put\u00e9e RN Laure Lavalette"},"content":{"rendered":"<p>Entre plateaux t\u00e9l\u00e9 parisiens et comit\u00e9s de quartier toulonnais, Laure Lavalette profite d\u2019un \u00ab\u00a0alignement des plan\u00e8tes parfait\u00a0\u00bb pour conqu\u00e9rir l\u2019h\u00f4tel de ville.<\/p>\n<p class=\"c-paragraph paywall\">Alors, elle danse\u2026 Depuis la fin de matin\u00e9e, ce dimanche 14 d\u00e9cembre, la boule \u00e0 facettes fait scintiller les pierres de l\u2019ancien couvent du XVe si\u00e8cle. \u00c0 quelques m\u00e8tres du port de Toulon, sur la place Vatel, l\u2019\u00e9difice a \u00e9t\u00e9 reconverti en joyeux lieu de ripaille branch\u00e9, par la bande dite du \u00ab Gueuleton \u00bb.<\/p>\n<p class=\"c-paragraph q-paragraph-fix\">Qu\u2019importe que l\u00e0 ne se situe pas exactement la client\u00e8le habituelle du Rassemblement national. <a href=\"https:\/\/www.lepoint.fr\/politique\/qui-est-laure-lavalette-omnipresente-porte-parole-du-rn-04-07-2024-2564776_20.php\" target=\"_self\" rel=\"noopener\" title=\"https:\/\/www.lepoint.fr\/politique\/qui-est-laure-lavalette-omnipresente-porte-parole-du-rn-04-07-2024-2564776_20.php\">Sa d\u00e9put\u00e9e Laure Lavalette, 49 ans, d\u00e9sormais candidate d\u00e9clar\u00e9e \u00e0 la mairie du Var<\/a>, y a ses droits. Et en use.<\/p>\n<p><img decoding=\"async\" data-chromatic=\"ignore\" alt=\"La dput RN Laure Lavalette en campagne  Toulon, le dimanche 14 dcembre 2025\" src=\"https:\/\/www.europesays.com\/fr\/wp-content\/uploads\/2026\/01\/E3536KKYZJMFRE7IP3RC7DHQOI.jpg\"  loading=\"lazy\"\/>Laure Lavalette le 14 d\u00e9cembre 2025; \u00a9 (S\u00e9bastien Leban\/S\u00c9BASTIEN LEBAN POUR \u00ab LE POINT \u00bb) <\/p>\n<p class=\"c-paragraph\">Entre charcuterie et plateaux de fromage, l\u2019\u00e9lue l\u00e2che son \u00e9quipe de campagne pour gagner, verre \u00e0 la main, la piste de danse o\u00f9 Dalida promet encore et toujours de mourir sur sc\u00e8ne. Il est 15 heures.<\/p>\n<p>La force de Laure Lavalette<\/p>\n<p class=\"c-paragraph\">\u00ab On vous adore, on compte sur vous ! \u00bb l\u2019accueillent, smartphone en main, deux quinquag\u00e9naires, venues entre copines c\u00e9l\u00e9brer avec un peu d\u2019avance cette fin d\u2019ann\u00e9e. Une sc\u00e8ne qui ne surprend plus de l\u2019autre c\u00f4t\u00e9 du bar. \u00ab Le c\u00f4t\u00e9 hyperauthentique et vrai de Laure Lavalette est sa force. Je ne compte plus les gens autour de moi absolument pas RN, mais qui l\u2019adorent \u00bb, glisse l\u2019un des organisateurs du raout.<\/p>\n<p class=\"c-paragraph\">Un contraste qu\u2019assume la candidate proche de Marine Le Pen. Jusqu\u2019\u00e0 ne faire figurer qu\u2019un seul RN sur les dix premi\u00e8res places de sa liste aux municipales qui seront d\u00e9voil\u00e9es le 14 janvier. O\u00f9, promet-on, les figures de rassemblement auront la place belle. Non sans faire grincer quelques dents chez les historiques varois du parti \u00e0 la flamme\u2026 L\u2019ancienne t\u00eate de liste frontiste Amaury Navarranne en t\u00eate.<\/p>\n<p class=\"c-paragraph\">Y figureront un restaurateur, un DJ, un rugbyman, d\u2019anciens LR et, bien s\u00fbr, un amiral \u00e0 la retraite. Passage oblig\u00e9 pour toute liste municipale dans cette ville de 450 000 habitants accueillant le plus grand port militaire d\u2019Europe\u2026 \u00ab Les gens de la Royale (la Marine nationale, NDLR) votent, mais pas forc\u00e9ment tr\u00e8s bien, souffle un colistier RN. Ils sont tr\u00e8s l\u00e9gitimistes. Il faut leur envoyer des signaux. \u00bb<\/p>\n<p class=\"c-paragraph q-paragraph-fix\">Quand bien m\u00eame les marins ne se mettraient pas tous au garde \u00e0 vous devant la candidate nationaliste les 15 et 22 mars, Laure Lavalette aurait encore bien des raisons de se tr\u00e9mousser. En priv\u00e9, elle l\u2019admet volontiers devant ses troupes : \u00ab Il y a un alignement des plan\u00e8tes parfait. Si on ne gagne pas cette fois la ville, on ne la gagnera jamais. \u00bb<\/p>\n<blockquote cite=\"Un fonctionnaire municipal\" role=\"blockquote\" class=\"c-stack b-article-body--quote\" data-style-direction=\"vertical\" data-style-justification=\"start\" data-style-alignment=\"unset\" data-style-inline=\"false\" data-style-wrap=\"nowrap\">\n<p class=\"c-paragraph pullquote\">\u00c0 l\u2019H\u00f4tel de ville, il y a un vent de panique jusque dans les services. Tout le monde voit la victoire du RN arriver.<\/p>\n<p>Un fonctionnaire municipal<\/p><\/blockquote>\n<p class=\"c-paragraph\">De fait, la candidate RN prosp\u00e8re sur un vide : l\u2019apr\u00e8s-Falco. <a href=\"https:\/\/www.lepoint.fr\/societe\/hubert-falco-soupconne-de-detournement-de-fonds-publics-10-10-2021-2447016_23.php\" target=\"_self\" rel=\"noopener\" title=\"https:\/\/www.lepoint.fr\/societe\/hubert-falco-soupconne-de-detournement-de-fonds-publics-10-10-2021-2447016_23.php\">La condamnation d\u00e9finitive du maire historique de la ville \u00e0 une peine d\u2019in\u00e9ligibilit\u00e9<\/a> pour recel de d\u00e9tournement de fonds publics \u2013 lui barrant ainsi la route \u00e0 un cinqui\u00e8me mandat \u2013 aurait suffi \u00e0 cr\u00e9er les conditions favorables \u00e0 une alternance. Mais voil\u00e0 que l\u2019ex-baron local LR, en parfait Cronos, organise lui-m\u00eame la division entre ses enfants. Entre l\u2019actuelle maire, Jos\u00e9e Massi, qu\u2019il a lui-m\u00eame install\u00e9e apr\u00e8s sa condamnation. Et le s\u00e9nateur LR Michel Bonnus, qu\u2019il a finalement convaincu de se pr\u00e9senter\u2026 contre elle.<\/p>\n<p class=\"c-paragraph\">\u00ab Je soutiens le plus combatif, voil\u00e0 tout. Si j\u2019ai d\u00e9sign\u00e9 Jos\u00e9e Massi maire par int\u00e9rim, c\u2019est parce que je pensais revenir, \u00e9lude Hubert Falco. Encore maire de Toulon, Laure Lavalette n\u2019aurait sans doute pas \u00e9t\u00e9 candidate\u2026 \u00bb Le candidat LR qu\u2019il soutient appr\u00e9ciera.<\/p>\n<p>Un basculement in\u00e9luctable ?<\/p>\n<p class=\"c-paragraph\">En ces terres varoises profond\u00e9ment ancr\u00e9es \u00e0 droite, une gauche m\u00eame unie ne peut gu\u00e8re entretenir l\u2019espoir de conqu\u00e9rir une collectivit\u00e9 de cette importance. Pour \u00e9carter toute possibilit\u00e9 de miracle \u00e0 gauche, une liste La France insoumise a d\u00e9cid\u00e9 de se d\u00e9clarer candidate envers et contre la liste d\u2019union men\u00e9e par l\u2019universitaire socialiste Magali Brunel.<\/p>\n<p class=\"c-paragraph\">\u00ab Il y a eu des <a href=\"https:\/\/www.lepoint.fr\/politique\/paris-bordeaux-montpellier-marseille-quand-lfi-joue-a-la-perdante-en-vue-des-municipales-2026--19-11-2025-2603463_20.php\" target=\"_self\" rel=\"noopener\" title=\"https:\/\/www.lepoint.fr\/politique\/paris-bordeaux-montpellier-marseille-quand-lfi-joue-a-la-perdante-en-vue-des-municipales-2026--19-11-2025-2603463_20.php\">consignes nationales de la part de LFI<\/a>, c\u2019est une mauvaise nouvelle et cela a \u00e9t\u00e9 tr\u00e8s mal per\u00e7u sur place, l\u00e2che la conseill\u00e8re municipale d\u2019opposition depuis 2020. Mais nous pouvons encore incarner un changement de gouvernance pour ceux qui en ont marre des condamnations qui touchent tant le syst\u00e8me Falco que le RN. \u00bb<\/p>\n<p class=\"c-paragraph\">C\u2019est compter sans la puissante lame de fond dont b\u00e9n\u00e9ficient le RN et sa candidate, d\u00e9j\u00e0 mesur\u00e9e lors des derni\u00e8res l\u00e9gislatives. Laure Lavalette aura \u00e9t\u00e9 r\u00e9\u00e9lue, d\u00e8s le premier tour \u00e0 l\u2019\u00e9t\u00e9 2024, obtenant plus de 45 % des voix dans la totalit\u00e9 des bureaux de vote de sa circonscription, \u00e0 cheval sur Toulon et les communes d\u2019Ollioules, de La Valette-du-Var et de Solli\u00e8s-Pont au nord.<\/p>\n<p class=\"c-paragraph\">En f\u00e9vrier dernier, un premier sondage municipal Elabe la cr\u00e9ditait de plus de 40 % des intentions de vote au premier tour. \u00ab Je ne vois pas comment elle peut perdre, glisse sous le couvert de l\u2019anonymat un fonctionnaire municipal. \u00c0 l\u2019h\u00f4tel de ville, il y a un vent de panique jusque dans les services. Tout le monde voit la victoire du RN arriver. \u00bb<\/p>\n<p class=\"c-paragraph\">Pour emp\u00eacher ce que beaucoup appr\u00e9hendent d\u00e9j\u00e0 comme un basculement in\u00e9luctable, les adversaires de Laure Lavalette fourbissent leurs armes et d\u00e9ploient deux arguments massues contre sa candidature. Tout d\u2019abord, le souvenir calamiteux du mandat de l\u2019ancien maire Front national de la ville, <a href=\"https:\/\/www.lepoint.fr\/politique\/deces-de-l-ex-maire-fn-de-toulon-jean-marie-le-chevallier-31-10-2020-2398890_20.php\" target=\"_self\" rel=\"noopener\" title=\"https:\/\/www.lepoint.fr\/politique\/deces-de-l-ex-maire-fn-de-toulon-jean-marie-le-chevallier-31-10-2020-2398890_20.php\">Jean-Marie Le Chevallier, entre 1995 et 2001<\/a>, achev\u00e9 dans une d\u00e9route judiciaire et financi\u00e8re, avec plusieurs condamnations de l\u2019int\u00e9ress\u00e9 pour d\u00e9tournement de fonds publics, complicit\u00e9 d\u2019abus de confiance et subornation de t\u00e9moin ainsi qu\u2019endettement de la ville de plus de 214 millions d\u2019euros. Un proc\u00e8s d\u2019autant plus facile \u00e0 intenter que sur la liste de Laure Lavalette figurera le d\u00e9put\u00e9 RN Frank Giletti. Membre actif de l\u2019ancienne \u00e9quipe municipale de Le Chevallier bien qu\u2019alors \u00e2g\u00e9 de 22 ans.<\/p>\n<p class=\"c-paragraph\">\u00ab C\u2019est une p\u00e9riode qui a profond\u00e9ment paup\u00e9ris\u00e9 Toulon et dont on parle encore, jure Nicolas Prieur, paysagiste de 54 ans, natif de la ville et ancr\u00e9 \u00e0 gauche. Que ce soit la vieille ou la haute ville, les gens n\u2019ont pas envie de retrouver ce sch\u00e9ma-l\u00e0. Or, pour avoir attentivement \u00e9cout\u00e9 Laure Lavalette, c\u2019est exactement la m\u00eame chose. \u00bb Une critique que balaie la candidate RN, catholique pratiquante issue de la <a href=\"https:\/\/www.lepoint.fr\/debats\/ce-que-le-pelerinage-de-chartres-dit-de-la-dynamique-traditionaliste-au-sein-de-l-eglise-12-06-2025-2591841_2.php\" target=\"_self\" rel=\"noopener\" title=\"https:\/\/www.lepoint.fr\/debats\/ce-que-le-pelerinage-de-chartres-dit-de-la-dynamique-traditionaliste-au-sein-de-l-eglise-12-06-2025-2591841_2.php\">tr\u00e8s traditionaliste Fraternit\u00e9 Saint Pie X.<\/a><\/p>\n<p class=\"c-paragraph\">\u00ab Je n\u2019ai jamais rencontr\u00e9 Le Chevallier, c\u2019est une l\u00e9gende urbaine depuis 25 ans. Ils peuvent tenter de nous faire passer pour ses h\u00e9ritiers, je ne suis absolument pas comptable de ce qu\u2019il s\u2019est pass\u00e9 \u00bb, l\u00e2che celle qui a quitt\u00e9 sa Gironde natale pour Toulon en 1999. Avant d\u2019y avoir ses cinq enfants. Pour finalement recommencer \u00e0 militer au Front national quinze ans plus tard, lors des municipales de 2014.<\/p>\n<p class=\"c-paragraph\">La perception du Front, devenu Rassemblement national, a quelque peu chang\u00e9 depuis. Il para\u00eet loin le temps o\u00f9, en guise de cadeau de succession, Jean-Marie Le Chevallier avait trouv\u00e9 un \u00e9tron d\u00e9pos\u00e9 au coin de son nouveau bureau \u00e0 l\u2019heure d\u2019en prendre possession\u2026<\/p>\n<p>Quelles id\u00e9es pour Toulon ?<\/p>\n<p class=\"c-paragraph\">L\u2019autre angle d\u2019attaque est la visibilit\u00e9 ainsi que l\u2019accaparement parisien de la d\u00e9put\u00e9e RN, sur les plateaux de t\u00e9l\u00e9vision notamment, jug\u00e9 incompatible avec les pr\u00e9occupations locales et une connaissance fine du territoire. \u00ab Madame Lavalette n\u2019a aucun discours sur Toulon, uniquement un discours national totalement d\u00e9cal\u00e9 ici, \u00e9trille la t\u00eate de liste socialiste Magali Brunel. \u00c0 un moment donn\u00e9, il faudra qu\u2019elle parle de son projet. Elle ne peut pas faire uniquement campagne en trinquant dans le quartier du Morillon\u2026 \u00bb<\/p>\n<blockquote cite=\"Laure Lavalette\" role=\"blockquote\" class=\"c-stack b-article-body--quote\" data-style-direction=\"vertical\" data-style-justification=\"start\" data-style-alignment=\"unset\" data-style-inline=\"false\" data-style-wrap=\"nowrap\">\n<p class=\"c-paragraph pullquote\">L\u2019enjeu au lendemain des municipales sera la m\u00e9tropole. Le maire de Toulon doit en \u00eatre la patronne.<\/p>\n<p>Laure Lavalette<\/p><\/blockquote>\n<p class=\"c-paragraph\"><a href=\"https:\/\/www.lepoint.fr\/politique\/regionales-en-paca-hubert-falco-je-ne-joue-pas-contre-mon-camp-03-05-2021-2424754_20.php\" target=\"_self\" rel=\"noopener\" title=\"https:\/\/www.lepoint.fr\/politique\/regionales-en-paca-hubert-falco-je-ne-joue-pas-contre-mon-camp-03-05-2021-2424754_20.php\">L\u2019ancien maire Hubert Falco, soutien du candidat LR Michel Bonnus<\/a>, pour une fois, abonde dans le sens de son ancienne opposante : \u00ab L\u00e0 est tout le probl\u00e8me. Laure Lavalette joue sur sa notori\u00e9t\u00e9. Mais elle ne m\u2019a jamais impressionn\u00e9 par ses id\u00e9es pour la ville au sein du conseil municipal. Elle ne s\u2019y est jamais illustr\u00e9e contrairement \u00e0 l\u2019opini\u00e2tre Amaury Navarranne\u2026 \u00bb<\/p>\n<p class=\"c-paragraph\">Dans un \u00e9clat de rire, Laure Lavalette balaie : \u00ab Je les rends fous. Je peux faire la matinale de TF1 le matin et le soir me rendre au comit\u00e9 d\u2019int\u00e9r\u00eat local du quartier de la Serinette. Peu sont en capacit\u00e9 de faire ce grand \u00e9cart\u2026 \u00bb Consciente du ressenti globalement positif que suscitent les 25 ann\u00e9es de mandat Falco chez les Toulonnais, la candidate m\u00e9nage cependant : \u00ab J\u2019ai vot\u00e9 au conseil municipal tout ce qui allait dans le bon sens. La ville a \u00e9t\u00e9 plut\u00f4t bien g\u00e9r\u00e9e, <a href=\"https:\/\/www.lepoint.fr\/politique\/la-prochaine-fois-je-voterai-blanc-un-an-apres-la-dissolution-le-blues-du-front-republicain-12-06-2025-2591892_20.php\" target=\"_self\" rel=\"noopener\" title=\"https:\/\/www.lepoint.fr\/politique\/la-prochaine-fois-je-voterai-blanc-un-an-apres-la-dissolution-le-blues-du-front-republicain-12-06-2025-2591892_20.php\">l\u2019endettement est inf\u00e9rieur \u00e0 d\u2019autres communes similaires<\/a>. Mais cela veut dire aussi aucun investissement. Depuis trois ans, c\u2019est une belle endormie. Nous avons une grande marge de progression dans tous les domaines : sportif, culturel, en termes de s\u00e9curit\u00e9 ou pour les familles. Vous verrez mon programme, je serai l\u00e0 o\u00f9 on ne m\u2019attend pas. \u00bb<\/p>\n<p><img decoding=\"async\" data-chromatic=\"ignore\" alt=\"La dput RN Laure Lavalette en campagne  Toulon, le dimanche 14 dcembre 2025\" src=\"https:\/\/www.europesays.com\/fr\/wp-content\/uploads\/2026\/01\/YEUCSZRPPBIVZBISTEKLSB55KY.jpg\"  loading=\"lazy\"\/>La dput RN Laure Lavalette en campagne  Toulon, le dimanche 14 dcembre 2025 \u00a9 (S\u00e9bastien Leban\/S\u00c9BASTIEN LEBAN POUR \u00ab LE POINT \u00bb) <\/p>\n<p class=\"c-paragraph\">Dans les gradins du stade Mayol en famille, celle qui refuse de s\u2019asseoir en loge ou dans toute autre tribune hupp\u00e9e que s\u2019arrachent les notables locaux, applaudit la victoire de Toulon sur l\u2019\u00e9quipe britannique de Bath. Apostrophant, \u00e0 la sortie, les maires des communes alentour venus assister \u00e0 ce match de Coupe d\u2019Europe de rugby.<\/p>\n<p class=\"c-paragraph\">Comme les joueurs, c\u2019est en r\u00e9alit\u00e9 <a href=\"https:\/\/www.lepoint.fr\/politique\/la-corse-nouveau-laboratoire-du-rassemblement-national-20-11-2025-2603522_20.php\" target=\"_self\" rel=\"noopener\" title=\"https:\/\/www.lepoint.fr\/politique\/la-corse-nouveau-laboratoire-du-rassemblement-national-20-11-2025-2603522_20.php\">d\u00e9j\u00e0 sur le match suivant qu\u2019elle a les yeux fix\u00e9s<\/a>. \u00ab L\u2019enjeu au lendemain des municipales sera la m\u00e9tropole. Le maire de Toulon doit en \u00eatre la patronne, l\u00e2che-t-elle. Contrairement \u00e0 1995, nous sommes pr\u00eats cette fois et entour\u00e9s de gens comp\u00e9tents. \u00bb Le temps pourrait alors lui manquer. Y compris pour quelques pas de danse.<\/p>\n","protected":false},"excerpt":{"rendered":"Entre plateaux t\u00e9l\u00e9 parisiens et comit\u00e9s de quartier toulonnais, Laure Lavalette profite d\u2019un \u00ab\u00a0alignement des plan\u00e8tes parfait\u00a0\u00bb pour&hellip;\n","protected":false},"author":2,"featured_media":647715,"comment_status":"","ping_status":"","sticky":false,"template":"","format":"standard","meta":{"footnotes":""},"categories":[9619],"tags":[1111,11,4188,1777,674,1011,27,12,882,1078,25,2310],"class_list":{"0":"post-647714","1":"post","2":"type-post","3":"status-publish","4":"format-standard","5":"has-post-thumbnail","7":"category-toulon","8":"tag-actu","9":"tag-actualites","10":"tag-elections-municipales","11":"tag-eu","12":"tag-europe","13":"tag-fr","14":"tag-france","15":"tag-news","16":"tag-provence-alpes-cote-dazur","17":"tag-rassemblement-national","18":"tag-republique-francaise","19":"tag-toulon"},"share_on_mastodon":{"url":"https:\/\/pubeurope.com\/@fr\/115855381343973971","error":""},"_links":{"self":[{"href":"https:\/\/www.europesays.com\/fr\/wp-json\/wp\/v2\/posts\/647714","targetHints":{"allow":["GET"]}}],"collection":[{"href":"https:\/\/www.europesays.com\/fr\/wp-json\/wp\/v2\/posts"}],"about":[{"href":"https:\/\/www.europesays.com\/fr\/wp-json\/wp\/v2\/types\/post"}],"author":[{"embeddable":true,"href":"https:\/\/www.europesays.com\/fr\/wp-json\/wp\/v2\/users\/2"}],"replies":[{"embeddable":true,"href":"https:\/\/www.europesays.com\/fr\/wp-json\/wp\/v2\/comments?post=647714"}],"version-history":[{"count":0,"href":"https:\/\/www.europesays.com\/fr\/wp-json\/wp\/v2\/posts\/647714\/revisions"}],"wp:featuredmedia":[{"embeddable":true,"href":"https:\/\/www.europesays.com\/fr\/wp-json\/wp\/v2\/media\/647715"}],"wp:attachment":[{"href":"https:\/\/www.europesays.com\/fr\/wp-json\/wp\/v2\/media?parent=647714"}],"wp:term":[{"taxonomy":"category","embeddable":true,"href":"https:\/\/www.europesays.com\/fr\/wp-json\/wp\/v2\/categories?post=647714"},{"taxonomy":"post_tag","embeddable":true,"href":"https:\/\/www.europesays.com\/fr\/wp-json\/wp\/v2\/tags?post=647714"}],"curies":[{"name":"wp","href":"https:\/\/api.w.org\/{rel}","templated":true}]}}