{"id":647718,"date":"2026-01-07T19:07:22","date_gmt":"2026-01-07T19:07:22","guid":{"rendered":"https:\/\/www.europesays.com\/fr\/647718\/"},"modified":"2026-01-07T19:07:22","modified_gmt":"2026-01-07T19:07:22","slug":"une-mesure-choc-contre-un-etablissement-aux-pratiques-douteuses","status":"publish","type":"post","link":"https:\/\/www.europesays.com\/fr\/647718\/","title":{"rendered":"une mesure choc contre un \u00e9tablissement aux pratiques douteuses"},"content":{"rendered":"<p>                    Par<br \/>\n        <strong><br \/>\n            <a href=\"https:\/\/actu.fr\/auteur\/metropoop\" title=\"Consulter tous les articles de R\u00e9daction M\u00e9tropolitain\" target=\"_blank\" rel=\"noopener\">R\u00e9daction M\u00e9tropolitain<\/a><br \/>\n                    <\/strong><\/p>\n<p>        Publi\u00e9 le<\/p>\n<p>            7 janv. 2026 \u00e0 18h17        <\/p>\n<p>L\u2019annonce est tomb\u00e9e<strong> ce mercredi 7 janvier 2026<\/strong> sur le r\u00e9seau social X. Le pr\u00e9fet de l\u2019H\u00e9rault a ordonn\u00e9 la fermeture administrative du bar \u00e0 chicha discoth\u00e8que \u00ab\u00a0Le Ruby\u00a0\u00bb. L\u2019\u00e9tablissement se situe rue du Mas Saint-Pierre, dans le sud de Montpellier. La mesure prendra effet d\u00e8s le jeudi 8 janvier, pour une dur\u00e9e de six mois.<\/p>\n<p>    <a href=\"https:\/\/www.google.com\/maps\/embed?pb=!1m18!1m12!1m3!1d23114.090373704526!2d3.8338559999999995!3d43.6011008!2m3!1f0!2f0!3f0!3m2!1i1024!2i768!4f13.1!3m3!1m2!1s0x12b6afab76ea7bbd%3A0x7074fe6e7f903f0b!2sLe%20Ruby%20Montpellier!5e0!3m2!1sfr!2sfr!4v1767801124421!5m2!1sfr!2sfr\" title=\"Ouvrie le lien\" target=\"_blank\" rel=\"noopener\">Cliquez ici pour visualiser le contenu<\/a><\/p>\n<p>Une accumulation d\u2019infractions<\/p>\n<p class=\" wall-content\">La d\u00e9cision pr\u00e9fectorale repose sur une s\u00e9rie de manquements jug\u00e9s graves. Les contr\u00f4les ont mis en \u00e9vidence l\u2019emploi d\u2019agents de s\u00e9curit\u00e9 d\u00e9pourvus de carte professionnelle. Les services de l\u2019\u00c9tat ont aussi constat\u00e9 des faits de travail dissimul\u00e9. Lors des v\u00e9rifications, les forces de l\u2019ordre ont relev\u00e9 la pr\u00e9sence de bonbonnes de protoxyde d\u2019azote. Ce gaz, souvent d\u00e9tourn\u00e9 \u00e0 des fins r\u00e9cr\u00e9atives, repr\u00e9sente un risque sanitaire important. Plus grave encore, les enqu\u00eateurs ont d\u00e9couvert une arme de cat\u00e9gorie B.\u00a0<\/p>\n<p class=\" wall-content\">Le Ruby faisait \u00e9galement l\u2019objet de poursuites pour ouverture d\u2019un d\u00e9bit de boissons sans licence. <a href=\"https:\/\/entreprendre.service-public.gouv.fr\/vosdroits\/F22379#:~:text=Tout%20%C3%A9tablissement%20qui%20vend%20de,d&#039;une%20%C3%A9picerie%2C%20etc.\" target=\"_blank\" rel=\"noopener\">La loi impose une autorisation pr\u00e9cise pour la vente d\u2019alcool.<\/a> Les contr\u00f4leurs ont enfin constat\u00e9 le non-respect de l\u2019interdiction de fumer.\u00a0<\/p>\n<p class=\" wall-content\">Personnalisez votre actualit\u00e9 en ajoutant vos villes et m\u00e9dias en favori avec <a href=\"https:\/\/moncompte.actu.fr\" title=\"D\u00e9couvez Mon Actu\" rel=\"nofollow noopener\" data-trk=\"{&quot;cta&quot;:{&quot;action&quot;:&quot;https:\\\/\\\/moncompte.actu.fr&quot;,&quot;category&quot;:&quot;mon compte&quot;,&quot;from&quot;:&quot;article footer&quot;,&quot;name&quot;:&quot;Mon actu&quot;,&quot;type&quot;:&quot;cta&quot;}}\" target=\"_blank\">Mon Actu<\/a>.<\/p>\n","protected":false},"excerpt":{"rendered":"Par R\u00e9daction M\u00e9tropolitain Publi\u00e9 le 7 janv. 2026 \u00e0 18h17 L\u2019annonce est tomb\u00e9e ce mercredi 7 janvier 2026&hellip;\n","protected":false},"author":2,"featured_media":647719,"comment_status":"","ping_status":"","sticky":false,"template":"","format":"standard","meta":{"footnotes":""},"categories":[9599],"tags":[1111,11,5702,341,1777,674,118,1011,27,1006,2208,12,2680,25],"class_list":{"0":"post-647718","1":"post","2":"type-post","3":"status-publish","4":"format-standard","5":"has-post-thumbnail","7":"category-montpellier","8":"tag-actu","9":"tag-actualites","10":"tag-alcool","11":"tag-emploi","12":"tag-eu","13":"tag-europe","14":"tag-faits-divers","15":"tag-fr","16":"tag-france","17":"tag-fraude","18":"tag-montpellier","19":"tag-news","20":"tag-occitanie","21":"tag-republique-francaise"},"share_on_mastodon":{"url":"https:\/\/pubeurope.com\/@fr\/115855389078659482","error":""},"_links":{"self":[{"href":"https:\/\/www.europesays.com\/fr\/wp-json\/wp\/v2\/posts\/647718","targetHints":{"allow":["GET"]}}],"collection":[{"href":"https:\/\/www.europesays.com\/fr\/wp-json\/wp\/v2\/posts"}],"about":[{"href":"https:\/\/www.europesays.com\/fr\/wp-json\/wp\/v2\/types\/post"}],"author":[{"embeddable":true,"href":"https:\/\/www.europesays.com\/fr\/wp-json\/wp\/v2\/users\/2"}],"replies":[{"embeddable":true,"href":"https:\/\/www.europesays.com\/fr\/wp-json\/wp\/v2\/comments?post=647718"}],"version-history":[{"count":0,"href":"https:\/\/www.europesays.com\/fr\/wp-json\/wp\/v2\/posts\/647718\/revisions"}],"wp:featuredmedia":[{"embeddable":true,"href":"https:\/\/www.europesays.com\/fr\/wp-json\/wp\/v2\/media\/647719"}],"wp:attachment":[{"href":"https:\/\/www.europesays.com\/fr\/wp-json\/wp\/v2\/media?parent=647718"}],"wp:term":[{"taxonomy":"category","embeddable":true,"href":"https:\/\/www.europesays.com\/fr\/wp-json\/wp\/v2\/categories?post=647718"},{"taxonomy":"post_tag","embeddable":true,"href":"https:\/\/www.europesays.com\/fr\/wp-json\/wp\/v2\/tags?post=647718"}],"curies":[{"name":"wp","href":"https:\/\/api.w.org\/{rel}","templated":true}]}}