{"id":647726,"date":"2026-01-07T19:11:28","date_gmt":"2026-01-07T19:11:28","guid":{"rendered":"https:\/\/www.europesays.com\/fr\/647726\/"},"modified":"2026-01-07T19:11:28","modified_gmt":"2026-01-07T19:11:28","slug":"en-images-revivez-la-demi-finale-de-coupe-de-france-de-hockey-sur-glace-entre-caen-et-grenoble","status":"publish","type":"post","link":"https:\/\/www.europesays.com\/fr\/647726\/","title":{"rendered":"EN IMAGES. Revivez la demi-finale de Coupe de France de hockey sur glace entre Caen et Grenoble"},"content":{"rendered":"<p>                    Par<br \/>\n        <strong><br \/>\n            <a href=\"https:\/\/actu.fr\/auteur\/aline-chatel\" title=\"Consulter tous les articles de Aline Chatel\" target=\"_blank\" rel=\"noopener\">Aline Chatel<\/a><br \/>\n                    <\/strong><\/p>\n<p>        Publi\u00e9 le<\/p>\n<p>            7 janv. 2026 \u00e0 18h41        <\/p>\n<p>        Enregistrer<\/p>\n<p>        Partager<\/p>\n<ul id=\"share\" class=\"ac-article-actions__share \">\n<li>\n            <a target=\"_blank\" href=\"http:\/\/www.facebook.com\/sharer.php?u=https:\/\/actu.fr\/normandie\/caen_14118\/en-images-revivez-la-demi-finale-de-coupe-de-france-de-hockey-sur-glace-entre-caen-et-grenoble_63667078.html\" class=\"ac-btn-social ac-btn-social--facebook\" title=\"Partagez sur Facebook - Nouvelle fen\u00eatre\" data-trk=\"{&quot;social&quot;:{&quot;network&quot;:&quot;facebook&quot;},&quot;article&quot;:{&quot;id_contenu&quot;:63667078,&quot;titre_contenu&quot;:&quot;EN IMAGES. Revivez la demi-finale de Coupe de France de hockey sur glace entre Caen et Grenoble&quot;,&quot;marque&quot;:&quot;Sport \\u00e0 Caen&quot;,&quot;nom_commune&quot;:&quot;Caen&quot;,&quot;code_insee_commune&quot;:&quot;14118&quot;,&quot;code_region&quot;:&quot;28&quot;,&quot;code_departement&quot;:&quot;14&quot;,&quot;type&quot;:&quot;article&quot;,&quot;arborescence&quot;:&quot;Hockey&quot;,&quot;tags_article_s&quot;:&quot;Hockey Club Caen|Sport Caen&quot;,&quot;signature_auteur&quot;:&quot;Aline Chatel&quot;,&quot;statut_monetisation&quot;:&quot;gratuit&quot;}}\" rel=\"noopener\">Partagez sur Facebook<\/a>\n        <\/li>\n<li>\n            <a target=\"_blank\" href=\"https:\/\/twitter.com\/intent\/tweet?url=https:\/\/actu.fr\/normandie\/caen_14118\/en-images-revivez-la-demi-finale-de-coupe-de-france-de-hockey-sur-glace-entre-caen-et-grenoble_63667078.html&amp;text=EN IMAGES. Revivez la demi-finale de Coupe de France de hockey sur glace entre Caen et Grenoble&amp;via=actufr\" class=\"ac-btn-social ac-btn-social--x\" title=\"Partagez sur Twitter - Nouvelle fen\u00eatre\" data-trk=\"{&quot;social&quot;:{&quot;network&quot;:&quot;twitter&quot;},&quot;article&quot;:{&quot;id_contenu&quot;:63667078,&quot;titre_contenu&quot;:&quot;EN IMAGES. Revivez la demi-finale de Coupe de France de hockey sur glace entre Caen et Grenoble&quot;,&quot;marque&quot;:&quot;Sport \\u00e0 Caen&quot;,&quot;nom_commune&quot;:&quot;Caen&quot;,&quot;code_insee_commune&quot;:&quot;14118&quot;,&quot;code_region&quot;:&quot;28&quot;,&quot;code_departement&quot;:&quot;14&quot;,&quot;type&quot;:&quot;article&quot;,&quot;arborescence&quot;:&quot;Hockey&quot;,&quot;tags_article_s&quot;:&quot;Hockey Club Caen|Sport Caen&quot;,&quot;signature_auteur&quot;:&quot;Aline Chatel&quot;,&quot;statut_monetisation&quot;:&quot;gratuit&quot;}}\" rel=\"noopener\">Partagez sur Twitter<\/a>\n        <\/li>\n<li>\n            <a target=\"_blank\" href=\"http:\/\/actu.fr\/cdn-cgi\/l\/email-protection#2c6c135f594e46494f581169620c65616d6b697f020c7e495a455a49560c404d0c48494145014a45424d40490c48490c6f43595c490c48490c6a5e4d424f490c48490c44434f4749550c5f595e0c4b404d4f490c4942585e490c6f4d49420c49580c6b5e4942434e40490a4e4348551169620c65616d6b697f020c7e495a455a49560c404d0c48494145014a45424d40490c48490c6f43595c490c48490c6a5e4d424f490c48490c44434f4749550c5f595e0c4b404d4f490c4942585e490c6f4d49420c49580c6b5e4942434e4049091e1c16091e1c4458585c5f1603034d4f5859024a5e0342435e414d42484549034f4d4942731d181d1d140349420145414d4b495f015e495a455a495601404d0148494145014a45424d4049014849014f43595c49014849014a5e4d424f490148490144434f474955015f595e014b404d4f49014942585e49014f4d4942014958014b5e4942434e4049731a1f1a1a1b1c1b140244584140\" class=\"ac-btn-social ac-btn-social--mail\" title=\"Partagez par mail - Nouvelle fen\u00eatre\" data-trk=\"{&quot;social&quot;:{&quot;network&quot;:&quot;email&quot;},&quot;article&quot;:{&quot;id_contenu&quot;:63667078,&quot;titre_contenu&quot;:&quot;EN IMAGES. Revivez la demi-finale de Coupe de France de hockey sur glace entre Caen et Grenoble&quot;,&quot;marque&quot;:&quot;Sport \\u00e0 Caen&quot;,&quot;nom_commune&quot;:&quot;Caen&quot;,&quot;code_insee_commune&quot;:&quot;14118&quot;,&quot;code_region&quot;:&quot;28&quot;,&quot;code_departement&quot;:&quot;14&quot;,&quot;type&quot;:&quot;article&quot;,&quot;arborescence&quot;:&quot;Hockey&quot;,&quot;tags_article_s&quot;:&quot;Hockey Club Caen|Sport Caen&quot;,&quot;signature_auteur&quot;:&quot;Aline Chatel&quot;,&quot;statut_monetisation&quot;:&quot;gratuit&quot;}}\" rel=\"noopener\">Partagez par Mail<\/a>\n        <\/li>\n<li>\n<p>                Copiez\/Collez le Lien<\/p>\n<p>            Copi\u00e9 !\n        <\/li>\n<\/ul>\n<p>D\u00e9pass\u00e9 au cours des trente premi\u00e8res minutes, tr\u00e8s valeureux ensuite, le Hockey Club de Caen s\u2019est <a href=\"https:\/\/actu.fr\/normandie\/caen_14118\/hockey-sur-glace-suivez-en-direct-la-demi-finale-choc-de-la-coupe-de-france-entre-caen-et-grenoble_63661291.html\" target=\"_blank\" rel=\"noopener\">inclin\u00e9 6-3<\/a> en demi-finale de la Coupe de France, mardi 6 janvier 2026. Son adversaire, Grenoble, est consid\u00e9r\u00e9 comme la meilleure \u00e9quipe de France. Les Drakkars ont n\u00e9anmoins eu la satisfaction de rivaliser avec les Br\u00fbleurs de Loups durant la derni\u00e8re demi-heure de jeu, m\u00eame si Grenoble a ma\u00eetris\u00e9 les d\u00e9bats. Les photos de la rencontre sign\u00e9es Romain Bouillon.<\/p>\n<p>    <img   decoding=\"async\" loading=\"lazy\" class=\"size-large\" src=\"https:\/\/www.europesays.com\/fr\/wp-content\/uploads\/2026\/01\/1b74b1089e5968867b1089e593d67bv-960x640.jpg\" alt=\"L'entr\u00e9e sur la glace d'Emmanuel Alvarez\" width=\"960\" height=\"640\"\/><br \/>\n    L\u2019entr\u00e9e sur la glace d\u2019Emmanuel Alvarez \u00a9Romain BOUILLON<br \/>\n    <img   decoding=\"async\" loading=\"lazy\" class=\"size-large\" src=\"https:\/\/www.europesays.com\/fr\/wp-content\/uploads\/2026\/01\/26c781089e5961ac781089e59edc78v-960x640.jpg\" alt=\"Emmanuel Alvarez\" width=\"960\" height=\"640\"\/><br \/>\n    Emmanuel Alvarez \u00a9Romain BOUILLON<br \/>\n    <img   decoding=\"async\" loading=\"lazy\" class=\"size-large\" src=\"https:\/\/www.europesays.com\/fr\/wp-content\/uploads\/2026\/01\/56c7b1089e5963ac7b1089e592ec7bv-960x640.jpg\" alt=\"Quentin Berthon\" width=\"960\" height=\"640\"\/><br \/>\n    Quentin Berthon \u00a9Romain BOUILLON<br \/>\n    <img   decoding=\"async\" loading=\"lazy\" class=\"size-large\" src=\"https:\/\/www.europesays.com\/fr\/wp-content\/uploads\/2026\/01\/1844a1089e5968c44a1089e595054av-960x640.jpg\" alt=\"On remarque l'agilit\u00e9 de l'arbitre...\" width=\"960\" height=\"640\"\/><br \/>\n    On remarque l\u2019agilit\u00e9 de l\u2019arbitre\u2026 \u00a9Romain BOUILLON<br \/>\n    <img   decoding=\"async\" loading=\"lazy\" class=\"size-large\" src=\"https:\/\/www.europesays.com\/fr\/wp-content\/uploads\/2026\/01\/5333e1089e5963733e1089e591187ev-960x640.jpg\" alt=\"Titouan Lanes\" width=\"960\" height=\"640\"\/><br \/>\n    Titouan Lanes \u00a9Romain BOUILLON<br \/>\n    <img   decoding=\"async\" loading=\"lazy\" class=\"size-large\" src=\"https:\/\/www.europesays.com\/fr\/wp-content\/uploads\/2026\/01\/bda7c1089e596f4c7c1089e59bee7cv-960x640.jpg\" alt=\"Petit \u00e9change d'amabilit\u00e9s\" width=\"960\" height=\"640\"\/><br \/>\n    Petit \u00e9change d\u2019amabilit\u00e9s \u00a9Romain BOUILLON<br \/>\n    <img   decoding=\"async\" loading=\"lazy\" class=\"size-large\" src=\"https:\/\/www.europesays.com\/fr\/wp-content\/uploads\/2026\/01\/e52b71089e596d92b71089e59ad2b7v-960x640.jpg\" alt=\"Les jambi\u00e8res de Ronan Quemener.\" width=\"960\" height=\"640\"\/><br \/>\n    Les jambi\u00e8res de Ronan Quemener. \u00a9Romain BOUILLON<\/p>\n<p>Votre r\u00e9gion, votre actu !<\/p>\n<p>Recevez chaque jour les infos qui comptent pour vous.<\/p>\n<p>\t<a href=\"https:\/\/actu.fr\/newsletter\" class=\"ac-btn ac-btn--corner ac-btn--medium ac-btn--blue800\" target=\"_blank\" rel=\"noopener\">S&rsquo;incrire<\/a><\/p>\n<p>    <img   decoding=\"async\" loading=\"lazy\" class=\"size-large\" src=\"https:\/\/www.europesays.com\/fr\/wp-content\/uploads\/2026\/01\/7c7ee1089e596708ee1089e59548eev-960x640.jpg\" alt=\"La zone \u00e0 risque pr\u00e8s de la cage\" width=\"960\" height=\"640\"\/><br \/>\n    La zone \u00e0 risque pr\u00e8s de la cage \u00a9Romain BOUILLON<br \/>\n    <img   decoding=\"async\" loading=\"lazy\" class=\"size-large\" src=\"https:\/\/www.europesays.com\/fr\/wp-content\/uploads\/2026\/01\/91e2e1089e59685e2e1089e5959e2ev-960x640.jpg\" alt=\"Alexandre Mulle \u00e0 l'engagement\" width=\"960\" height=\"640\"\/><br \/>\n    Alexandre Mulle \u00e0 l\u2019engagement \u00a9Romain BOUILLON<br \/>\n    <img   decoding=\"async\" loading=\"lazy\" class=\"size-large\" src=\"https:\/\/www.europesays.com\/fr\/wp-content\/uploads\/2026\/01\/5814e1089e5965c14e1089e594024ev-960x640.jpg\" alt=\"Les Grenoblois ont impressionn\u00e9 notamment par leur patinage.\" width=\"960\" height=\"640\"\/><br \/>\n    Les Grenoblois ont impressionn\u00e9 notamment par leur patinage. \u00a9Romain BOUILLON<br \/>\n    <img   decoding=\"async\" loading=\"lazy\" class=\"size-large\" src=\"https:\/\/www.europesays.com\/fr\/wp-content\/uploads\/2026\/01\/bb51ba599e5965161ba599e598561bv-960x640.jpg\" alt=\"Romain Bermond Gonnet \u00e0 droite\" width=\"960\" height=\"640\"\/><br \/>\n    Romain Bermond Gonnet \u00e0 droite \u00a9Romain BOUILLON<br \/>\n    <img   decoding=\"async\" loading=\"lazy\" class=\"size-large\" src=\"https:\/\/www.europesays.com\/fr\/wp-content\/uploads\/2026\/01\/9095da599e596d495da599e59e895dv-960x640.jpg\" alt=\"Une belle occasion pour Samy Par\u00e9\" width=\"960\" height=\"640\"\/><br \/>\n    Une belle occasion pour Samy Par\u00e9 \u00a9Romain BOUILLON<br \/>\n    <img   decoding=\"async\" loading=\"lazy\" class=\"size-large\" src=\"https:\/\/www.europesays.com\/fr\/wp-content\/uploads\/2026\/01\/717bea599e596557bea599e59397bev-960x640.jpg\" alt=\"Ronan Quemener\" width=\"960\" height=\"640\"\/><br \/>\n    Ronan Quemener \u00a9Romain BOUILLON<br \/>\n    <img   decoding=\"async\" loading=\"lazy\" class=\"size-large\" src=\"https:\/\/www.europesays.com\/fr\/wp-content\/uploads\/2026\/01\/709ada599e596cbbada599e59d2cadv-960x640.jpg\" alt=\"Evgenii Nikiforov\" width=\"960\" height=\"640\"\/><br \/>\n    Evgenii Nikiforov \u00a9Romain BOUILLON<br \/>\n    <img   decoding=\"async\" loading=\"lazy\" class=\"size-large\" src=\"https:\/\/www.europesays.com\/fr\/wp-content\/uploads\/2026\/01\/3ed1fa599e59622e1fa599e59e5e1fv-960x640.jpg\" alt=\"Marc-Antoine P\u00e9pin\" width=\"960\" height=\"640\"\/><br \/>\n    Marc-Antoine P\u00e9pin \u00a9Romain BOUILLON<br \/>\n    <img   decoding=\"async\" loading=\"lazy\" class=\"size-large\" src=\"https:\/\/www.europesays.com\/fr\/wp-content\/uploads\/2026\/01\/319c0b599e596059c0b599e59c89c0v-960x640.jpg\" alt=\"Un lancer en \u00e9quilibre\" width=\"960\" height=\"640\"\/><br \/>\n    Un lancer en \u00e9quilibre \u00a9Romain BOUILLON<br \/>\n    <img   decoding=\"async\" loading=\"lazy\" class=\"size-large\" src=\"https:\/\/www.europesays.com\/fr\/wp-content\/uploads\/2026\/01\/9308ea599e5967708ea599e594b08ev-960x640.jpg\" alt=\"Matija Pintaric a \u00e9t\u00e9 battu trois fois\" width=\"960\" height=\"640\"\/><br \/>\n    Matija Pintaric a \u00e9t\u00e9 battu trois fois \u00a9Romain BOUILLON<br \/>\n    <img   decoding=\"async\" loading=\"lazy\" class=\"size-large\" src=\"https:\/\/www.europesays.com\/fr\/wp-content\/uploads\/2026\/01\/975a0b599e5962d5a0b599e59316a0v-960x640.jpg\" alt=\"Evgenii Nikiforov\" width=\"960\" height=\"640\"\/><br \/>\n    Evgenii Nikiforov \u00a9Romain BOUILLON<br \/>\n    <img   decoding=\"async\" loading=\"lazy\" class=\"size-large\" src=\"https:\/\/www.europesays.com\/fr\/wp-content\/uploads\/2026\/01\/ee670b599e596b3770b599e5998770v-960x640.jpg\" alt=\"Thibault Claireaux au duel\" width=\"960\" height=\"640\"\/><br \/>\n    Thibault Claireaux au duel \u00a9Romain BOUILLON<br \/>\n    <img   decoding=\"async\" loading=\"lazy\" class=\"size-large\" src=\"https:\/\/www.europesays.com\/fr\/wp-content\/uploads\/2026\/01\/227d0b599e596167d0b599e59108d0v-960x640.jpg\" alt=\"Ville Rautiala\" width=\"960\" height=\"640\"\/><br \/>\n    Ville Rautiala \u00a9Romain BOUILLON<br \/>\n    <img   decoding=\"async\" loading=\"lazy\" class=\"size-large\" src=\"https:\/\/www.europesays.com\/fr\/wp-content\/uploads\/2026\/01\/7a8bd1089e596ae8bd1089e59529bdv-960x640.jpg\" alt=\"Raffra\u00eechissement des mains\" width=\"960\" height=\"640\"\/><br \/>\n    Raffra\u00eechissement des mains \u00a9Romain BOUILLON<br \/>\n    <img   decoding=\"async\" loading=\"lazy\" class=\"size-large\" src=\"https:\/\/www.europesays.com\/fr\/wp-content\/uploads\/2026\/01\/d190f1089e596e690f1089e59da90fv-960x640.jpg\" alt=\"La petite d\u00e9ception des Drakkars \u00e0 la fin du match\" width=\"960\" height=\"640\"\/><br \/>\n    La petite d\u00e9ception des Drakkars \u00e0 la fin du match \u00a9Romain BOUILLON<br \/>\n    <img   decoding=\"async\" loading=\"lazy\" class=\"size-large\" src=\"https:\/\/www.europesays.com\/fr\/wp-content\/uploads\/2026\/01\/1bb3ca599e5962fb3ca599e5924c3cv-960x640.jpg\" alt=\"Marc-Antoine P\u00e9pin\" width=\"960\" height=\"640\"\/><br \/>\n    Marc-Antoine P\u00e9pin \u00a9Romain BOUILLON<\/p>\n<p class=\" wall-content\">Personnalisez votre actualit\u00e9 en ajoutant vos villes et m\u00e9dias en favori avec <a href=\"https:\/\/moncompte.actu.fr\" title=\"D\u00e9couvez Mon Actu\" rel=\"nofollow noopener\" data-trk=\"{&quot;cta&quot;:{&quot;action&quot;:&quot;https:\\\/\\\/moncompte.actu.fr&quot;,&quot;category&quot;:&quot;mon compte&quot;,&quot;from&quot;:&quot;article footer&quot;,&quot;name&quot;:&quot;Mon actu&quot;,&quot;type&quot;:&quot;cta&quot;}}\" target=\"_blank\">Mon Actu<\/a>.<\/p>\n<p>                    <script async src=\"https:\/\/platform.twitter.com\/widgets.js\" charset=\"utf-8\"><\/script><\/p>\n","protected":false},"excerpt":{"rendered":"Par Aline Chatel Publi\u00e9 le 7 janv. 2026 \u00e0 18h41 Enregistrer Partager Partagez sur Facebook Partagez sur Twitter&hellip;\n","protected":false},"author":2,"featured_media":647727,"comment_status":"","ping_status":"","sticky":false,"template":"","format":"standard","meta":{"footnotes":""},"categories":[9566],"tags":[1111,11,2430,1777,674,1011,27,2731,4488,4487,12,25,1745,60],"class_list":{"0":"post-647726","1":"post","2":"type-post","3":"status-publish","4":"format-standard","5":"has-post-thumbnail","7":"category-grenoble","8":"tag-actu","9":"tag-actualites","10":"tag-auvergne-rhone-alpes","11":"tag-eu","12":"tag-europe","13":"tag-fr","14":"tag-france","15":"tag-grenoble","16":"tag-hockey","17":"tag-hockey-club-caen","18":"tag-news","19":"tag-republique-francaise","20":"tag-sport-caen","21":"tag-sports"},"share_on_mastodon":{"url":"https:\/\/pubeurope.com\/@fr\/115855405868887071","error":""},"_links":{"self":[{"href":"https:\/\/www.europesays.com\/fr\/wp-json\/wp\/v2\/posts\/647726","targetHints":{"allow":["GET"]}}],"collection":[{"href":"https:\/\/www.europesays.com\/fr\/wp-json\/wp\/v2\/posts"}],"about":[{"href":"https:\/\/www.europesays.com\/fr\/wp-json\/wp\/v2\/types\/post"}],"author":[{"embeddable":true,"href":"https:\/\/www.europesays.com\/fr\/wp-json\/wp\/v2\/users\/2"}],"replies":[{"embeddable":true,"href":"https:\/\/www.europesays.com\/fr\/wp-json\/wp\/v2\/comments?post=647726"}],"version-history":[{"count":0,"href":"https:\/\/www.europesays.com\/fr\/wp-json\/wp\/v2\/posts\/647726\/revisions"}],"wp:featuredmedia":[{"embeddable":true,"href":"https:\/\/www.europesays.com\/fr\/wp-json\/wp\/v2\/media\/647727"}],"wp:attachment":[{"href":"https:\/\/www.europesays.com\/fr\/wp-json\/wp\/v2\/media?parent=647726"}],"wp:term":[{"taxonomy":"category","embeddable":true,"href":"https:\/\/www.europesays.com\/fr\/wp-json\/wp\/v2\/categories?post=647726"},{"taxonomy":"post_tag","embeddable":true,"href":"https:\/\/www.europesays.com\/fr\/wp-json\/wp\/v2\/tags?post=647726"}],"curies":[{"name":"wp","href":"https:\/\/api.w.org\/{rel}","templated":true}]}}