{"id":647730,"date":"2026-01-07T19:13:11","date_gmt":"2026-01-07T19:13:11","guid":{"rendered":"https:\/\/www.europesays.com\/fr\/647730\/"},"modified":"2026-01-07T19:13:11","modified_gmt":"2026-01-07T19:13:11","slug":"des-vents-violents-annonces-a-rennes-pour-jeudi-8-janvier-les-parcs-fermes-ici-rennes-metropole-actualites","status":"publish","type":"post","link":"https:\/\/www.europesays.com\/fr\/647730\/","title":{"rendered":"Des vents violents annonc\u00e9s \u00e0 Rennes pour jeudi 8 janvier\u202f: les parcs ferm\u00e9s | ICI RENNES M\u00c9TROPOLE Actualit\u00e9s"},"content":{"rendered":"<p>En raison de ces conditions m\u00e9t\u00e9orologiques d\u00e9favorables et des risques possibles de chutes d&rsquo;arbres ou de branches, la Ville de Rennes a d\u00e9cid\u00e9 de <b>fermer les parcs du Thabor, Saint-Georges, Oberth\u00fcr, Maurepas ainsi que les cimeti\u00e8res, d\u00e8s ce mercredi apr\u00e8s-midi.<\/b><br \/>Pour les autres parcs qui ne peuvent \u00eatre ferm\u00e9s, la Ville recommande de ne pas les fr\u00e9quenter.<\/p>\n","protected":false},"excerpt":{"rendered":"En raison de ces conditions m\u00e9t\u00e9orologiques d\u00e9favorables et des risques possibles de chutes d&rsquo;arbres ou de branches, la&hellip;\n","protected":false},"author":2,"featured_media":647731,"comment_status":"","ping_status":"","sticky":false,"template":"","format":"standard","meta":{"footnotes":""},"categories":[2821],"tags":[1111,11,829,1777,674,1011,27,12,584,25],"class_list":{"0":"post-647730","1":"post","2":"type-post","3":"status-publish","4":"format-standard","5":"has-post-thumbnail","7":"category-rennes","8":"tag-actu","9":"tag-actualites","10":"tag-bretagne","11":"tag-eu","12":"tag-europe","13":"tag-fr","14":"tag-france","15":"tag-news","16":"tag-rennes","17":"tag-republique-francaise"},"share_on_mastodon":{"url":"https:\/\/pubeurope.com\/@fr\/115855412705647135","error":""},"_links":{"self":[{"href":"https:\/\/www.europesays.com\/fr\/wp-json\/wp\/v2\/posts\/647730","targetHints":{"allow":["GET"]}}],"collection":[{"href":"https:\/\/www.europesays.com\/fr\/wp-json\/wp\/v2\/posts"}],"about":[{"href":"https:\/\/www.europesays.com\/fr\/wp-json\/wp\/v2\/types\/post"}],"author":[{"embeddable":true,"href":"https:\/\/www.europesays.com\/fr\/wp-json\/wp\/v2\/users\/2"}],"replies":[{"embeddable":true,"href":"https:\/\/www.europesays.com\/fr\/wp-json\/wp\/v2\/comments?post=647730"}],"version-history":[{"count":0,"href":"https:\/\/www.europesays.com\/fr\/wp-json\/wp\/v2\/posts\/647730\/revisions"}],"wp:featuredmedia":[{"embeddable":true,"href":"https:\/\/www.europesays.com\/fr\/wp-json\/wp\/v2\/media\/647731"}],"wp:attachment":[{"href":"https:\/\/www.europesays.com\/fr\/wp-json\/wp\/v2\/media?parent=647730"}],"wp:term":[{"taxonomy":"category","embeddable":true,"href":"https:\/\/www.europesays.com\/fr\/wp-json\/wp\/v2\/categories?post=647730"},{"taxonomy":"post_tag","embeddable":true,"href":"https:\/\/www.europesays.com\/fr\/wp-json\/wp\/v2\/tags?post=647730"}],"curies":[{"name":"wp","href":"https:\/\/api.w.org\/{rel}","templated":true}]}}