{"id":647732,"date":"2026-01-07T19:14:11","date_gmt":"2026-01-07T19:14:11","guid":{"rendered":"https:\/\/www.europesays.com\/fr\/647732\/"},"modified":"2026-01-07T19:14:11","modified_gmt":"2026-01-07T19:14:11","slug":"strasbourg-lamiral-exelmans-attend-le-feu-vert-pour-souvrir-au-public","status":"publish","type":"post","link":"https:\/\/www.europesays.com\/fr\/647732\/","title":{"rendered":"Strasbourg. L\u2019Amiral-Exelmans attend le feu vert pour s\u2019ouvrir au public"},"content":{"rendered":"<p>C\u2019est une bouteille \u00e0 la mer \u2013 ou plut\u00f4t dans l\u2019eau du Rhin &#8211; que lance le propri\u00e9taire de l\u2019Amiral-Exelmans. Pascal Riedinger, 62 ans, a \u00e9vit\u00e9 la casse au dernier bateau militaire fluvial en France en le rachetant et le retapant en 2010. Mais aujourd\u2019hui, alors qu\u2019il nourrit des projets pour le navire, il ne comprend pas pourquoi l\u2019administration du Port autonome de Strasbourg (PAS) l\u2019a laiss\u00e9 en rade pendant pr\u00e8s d\u2019un an, en ne donnant suite que tardivement, et pas dans les conditions esp\u00e9r\u00e9es, \u00e0 sa demande de renouvellement de son contrat d\u2019occupation du territoire (COT) pour lui permettre d\u2019amarrer son bateau devant l\u2019\u00e9glise orthodoxe, entre&#8230;<\/p>\n","protected":false},"excerpt":{"rendered":"C\u2019est une bouteille \u00e0 la mer \u2013 ou plut\u00f4t dans l\u2019eau du Rhin &#8211; que lance le propri\u00e9taire&hellip;\n","protected":false},"author":2,"featured_media":647733,"comment_status":"","ping_status":"","sticky":false,"template":"","format":"standard","meta":{"footnotes":""},"categories":[2820],"tags":[1111,11,3542,4406,33,2880,1777,674,107,1011,27,775,12,25,640,2879,2803],"class_list":{"0":"post-647732","1":"post","2":"type-post","3":"status-publish","4":"format-standard","5":"has-post-thumbnail","7":"category-strasbourg","8":"tag-actu","9":"tag-actualites","10":"tag-circulation","11":"tag-commerce-et-services","12":"tag-economie","13":"tag-edition-strasbourg","14":"tag-eu","15":"tag-europe","16":"tag-fil-info","17":"tag-fr","18":"tag-france","19":"tag-grand-est","20":"tag-news","21":"tag-republique-francaise","22":"tag-strasbourg","23":"tag-strasbourg-ville","24":"tag-transport"},"share_on_mastodon":{"url":"https:\/\/pubeurope.com\/@fr\/115855416710001614","error":""},"_links":{"self":[{"href":"https:\/\/www.europesays.com\/fr\/wp-json\/wp\/v2\/posts\/647732","targetHints":{"allow":["GET"]}}],"collection":[{"href":"https:\/\/www.europesays.com\/fr\/wp-json\/wp\/v2\/posts"}],"about":[{"href":"https:\/\/www.europesays.com\/fr\/wp-json\/wp\/v2\/types\/post"}],"author":[{"embeddable":true,"href":"https:\/\/www.europesays.com\/fr\/wp-json\/wp\/v2\/users\/2"}],"replies":[{"embeddable":true,"href":"https:\/\/www.europesays.com\/fr\/wp-json\/wp\/v2\/comments?post=647732"}],"version-history":[{"count":0,"href":"https:\/\/www.europesays.com\/fr\/wp-json\/wp\/v2\/posts\/647732\/revisions"}],"wp:featuredmedia":[{"embeddable":true,"href":"https:\/\/www.europesays.com\/fr\/wp-json\/wp\/v2\/media\/647733"}],"wp:attachment":[{"href":"https:\/\/www.europesays.com\/fr\/wp-json\/wp\/v2\/media?parent=647732"}],"wp:term":[{"taxonomy":"category","embeddable":true,"href":"https:\/\/www.europesays.com\/fr\/wp-json\/wp\/v2\/categories?post=647732"},{"taxonomy":"post_tag","embeddable":true,"href":"https:\/\/www.europesays.com\/fr\/wp-json\/wp\/v2\/tags?post=647732"}],"curies":[{"name":"wp","href":"https:\/\/api.w.org\/{rel}","templated":true}]}}