{"id":647734,"date":"2026-01-07T19:15:10","date_gmt":"2026-01-07T19:15:10","guid":{"rendered":"https:\/\/www.europesays.com\/fr\/647734\/"},"modified":"2026-01-07T19:15:10","modified_gmt":"2026-01-07T19:15:10","slug":"municipales-bus-24h-24-stationnement-resident-des-5e-mois-jeanne-barseghian-devoile-12-premieres-mesures","status":"publish","type":"post","link":"https:\/\/www.europesays.com\/fr\/647734\/","title":{"rendered":"Municipales. Bus 24h\/24, stationnement r\u00e9sident d\u00e8s 5\u20ac\/mois&#8230; Jeanne Barseghian d\u00e9voile 12 premi\u00e8res mesures"},"content":{"rendered":"<p>                    Par<br \/>\n        <strong><br \/>\n            <a href=\"https:\/\/actu.fr\/auteur\/ivan-capecchi\" title=\"Consulter tous les articles de Ivan CAPECCHI\" target=\"_blank\" rel=\"noopener\">Ivan CAPECCHI<\/a><br \/>\n                    <\/strong><\/p>\n<p>        Publi\u00e9 le<\/p>\n<p>            7 janv. 2026 \u00e0 18h49        <\/p>\n<p>Lors d\u2019une conf\u00e9rence de presse organis\u00e9e ce mercredi 7\u00a0janvier 2026 \u00e0 son <a href=\"https:\/\/actu.fr\/grand-est\/strasbourg_67482\/local-de-campagne-de-la-maire-de-strasbourg-pourquoi-son-emplacement-est-vecu-comme-un-affront-par-certains_63463765.html\" target=\"_blank\" rel=\"noopener\">local de campagne<\/a>, situ\u00e9 dans le quartier Gare, <a href=\"https:\/\/actu.fr\/tag\/jeanne-barseghian\" target=\"_blank\" rel=\"noopener\">Jeanne Barseghian<\/a>, maire Les \u00c9cologistes de Strasbourg, a pr\u00e9sent\u00e9 <strong>12 premi\u00e8res mesures<\/strong> en vue de sa <a href=\"https:\/\/actu.fr\/grand-est\/strasbourg_67482\/municipales-2026-jeanne-barseghian-maire-de-strasbourg-candidate-a-sa-reelection_62866356.html\" target=\"_blank\" rel=\"noopener\">candidature \u00e0 la r\u00e9\u00e9lection<\/a>. Ces propositions, issues d\u2019agoras citoyennes et de groupes de travail, constituent un premier aper\u00e7u du programme.<\/p>\n<p>Logement et vie \u00e9conomique<\/p>\n<p class=\" wall-content\">La candidate et ses soutiens d\u00e9fendent la mise en place d\u2019un <strong>encadrement des loyers<\/strong>, \u00e0 la fois pour l\u2019habitat et les commerces. \u00ab\u2009Aujourd\u2019hui, \u00e0 Strasbourg, <strong>le march\u00e9 du logement ne r\u00e9pond plus aux besoins<\/strong>\u2009\u00bb, a estim\u00e9 l\u2019\u00e9lu Germain Mignot, \u00e9voquant des situations o\u00f9 \u00ab\u2009travailler ne suffit pas pour se loger dignement\u2009\u00bb mais aussi des circonstances o\u00f9 des commerces ferment \u00ab\u2009\u00e0 cause de loyers exorbitants\u2009\u00bb.<\/p>\n<p class=\" wall-content\">Dans le m\u00eame esprit de soutien au quotidien, des <strong>cantines de quartier<\/strong> sont envisag\u00e9es. Elles permettraient aux plus modestes de b\u00e9n\u00e9ficier d\u2019un repas et s\u2019appuieraient sur des structures existantes\u2009: centres socioculturels, associations, Ehpad, cantines scolaires.<\/p>\n<p>Mobilit\u00e9s et d\u00e9placements<\/p>\n<p class=\" wall-content\">Parmi les mesures structurantes, figure la mise en place de <strong>bus 24h\/24, tous les jours<\/strong>. Selon le premier adjoint Syamak Agha Babaei, cette offre doit r\u00e9pondre \u00e0 \u00ab\u2009deux types de besoins\u2009\u00bb\u2009: \u00ab\u2009des personnes qui ont une pratique nocturne et [\u2026] les gens qui travaillent en horaires d\u00e9cal\u00e9s\u2009\u00bb. Le co\u00fbt de fonctionnement est estim\u00e9 \u00e0 environ un million d\u2019euros par an.<\/p>\n<p class=\" wall-content\">Jeanne Barseghian propose \u00e9galement <strong>d\u2019\u00e9largir la tarification progressive du <\/strong><a href=\"https:\/\/actu.fr\/grand-est\/strasbourg_67482\/exclusif-le-stationnement-resident-a-strasbourg-va-encore-evoluer_61062464.html#:~:text=Depuis%20cette%20date%20en%20effet,en%20favori%20avec%20Mon%20Actu.\" target=\"_blank\" rel=\"noopener\">stationnement r\u00e9sident<\/a>, en mettant en place un abonnement <strong>d\u00e8s 5\u00a0\u20ac par mois<\/strong>. \u00ab\u2009On ne compte pas augmenter le plafond de 40\u00a0euros\u2009\u00bb, a indiqu\u00e9 Floriane Varieras, porte-parole de la campagne, pr\u00e9cisant que l\u2019objectif est de proposer \u00ab\u2009plus de tarifs interm\u00e9diaires\u2009\u00bb. Le <strong>d\u00e9veloppement du stationnement v\u00e9lo s\u00e9curis\u00e9<\/strong> dans tous les quartiers est \u00e9galement annonc\u00e9.<\/p>\n<p>Votre r\u00e9gion, votre actu !<\/p>\n<p>Recevez chaque jour les infos qui comptent pour vous.<\/p>\n<p>\t<a href=\"https:\/\/actu.fr\/newsletter\" class=\"ac-btn ac-btn--corner ac-btn--medium ac-btn--blue800\" target=\"_blank\" rel=\"noopener\">S&rsquo;incrire<\/a><br \/>\nEnvironnement, sport et cadre de vie<\/p>\n<p class=\" wall-content\">Le programme pr\u00e9voit une <strong>acc\u00e9l\u00e9ration de la v\u00e9g\u00e9talisation de la ville<\/strong>, avec de <strong>nouveaux parcs<\/strong> et des <strong>rues plus vertes et plus fra\u00eeches<\/strong>, afin de faire face au <a href=\"https:\/\/actu.fr\/tag\/changement-climatique\" target=\"_blank\" rel=\"noopener\">changement climatique<\/a>. Du <strong>sport encadr\u00e9 en acc\u00e8s libre<\/strong> dans les parcs est aussi envisag\u00e9, avec des <strong>activit\u00e9s anim\u00e9es par des \u00e9ducateurs sportifs<\/strong>.<\/p>\n<p class=\" wall-content\">Une grande plaine festive \u00e0 la Meinau figure \u00e9galement parmi les propositions, pens\u00e9e comme un espace destin\u00e9 \u00e0 accueillir festivals et grands \u00e9v\u00e9nements\u2026 tels que la <a href=\"https:\/\/actu.fr\/grand-est\/strasbourg_67482\/foire-saint-jean-on-vous-resume-ce-qui-oppose-les-forains-a-la-ville-de-strasbourg-en-5-points_60757508.html\" target=\"_blank\" rel=\"noopener\">foire Saint-Jean<\/a>.<\/p>\n<p>Culture, solidarit\u00e9s et services publics<\/p>\n<p class=\" wall-content\">Sur le plan culturel, une <strong>m\u00e9diath\u00e8que est projet\u00e9e au Port-du-Rhin<\/strong>, avec une vocation franco-allemande affirm\u00e9e. Le co\u00fbt d\u2019investissement est estim\u00e9 \u00e0 \u00ab\u2009<strong>une quinzaine de millions d\u2019euros<\/strong>\u2009\u00bb, avec la cr\u00e9ation \u00e0 terme d\u2019\u00ab\u2009une quinzaine de postes\u2009\u00bb pour le fonctionnement, selon Syamak Agha Babaei.<\/p>\n<p class=\" wall-content\">Enfin, la liste comprend la<strong> cr\u00e9ation d\u2019un dispensaire municipal pour les animaux<\/strong>, pour offrir des soins v\u00e9t\u00e9rinaires accessibles, l\u2019instauration d\u2019un <strong>droit aux vacances<\/strong> pour tous, ainsi que la mise en place d\u2019un <strong>conseil des a\u00een\u00e9s<\/strong>, destin\u00e9 \u00e0 associer les personnes \u00e2g\u00e9es aux d\u00e9cisions municipales.<\/p>\n<p class=\" wall-content\">Personnalisez votre actualit\u00e9 en ajoutant vos villes et m\u00e9dias en favori avec <a href=\"https:\/\/moncompte.actu.fr\" title=\"D\u00e9couvez Mon Actu\" rel=\"nofollow noopener\" data-trk=\"{&quot;cta&quot;:{&quot;action&quot;:&quot;https:\\\/\\\/moncompte.actu.fr&quot;,&quot;category&quot;:&quot;mon compte&quot;,&quot;from&quot;:&quot;article footer&quot;,&quot;name&quot;:&quot;Mon actu&quot;,&quot;type&quot;:&quot;cta&quot;}}\" target=\"_blank\">Mon Actu<\/a>.<\/p>\n","protected":false},"excerpt":{"rendered":"Par Ivan CAPECCHI Publi\u00e9 le 7 janv. 2026 \u00e0 18h49 Lors d\u2019une conf\u00e9rence de presse organis\u00e9e ce mercredi&hellip;\n","protected":false},"author":2,"featured_media":647735,"comment_status":"","ping_status":"","sticky":false,"template":"","format":"standard","meta":{"footnotes":""},"categories":[2820],"tags":[1111,11,4188,1777,674,1011,27,775,7125,3434,12,316,25,640],"class_list":{"0":"post-647734","1":"post","2":"type-post","3":"status-publish","4":"format-standard","5":"has-post-thumbnail","7":"category-strasbourg","8":"tag-actu","9":"tag-actualites","10":"tag-elections-municipales","11":"tag-eu","12":"tag-europe","13":"tag-fr","14":"tag-france","15":"tag-grand-est","16":"tag-jeanne-barseghian","17":"tag-municipales-2026","18":"tag-news","19":"tag-politique","20":"tag-republique-francaise","21":"tag-strasbourg"},"share_on_mastodon":{"url":"https:\/\/pubeurope.com\/@fr\/115855420549771361","error":""},"_links":{"self":[{"href":"https:\/\/www.europesays.com\/fr\/wp-json\/wp\/v2\/posts\/647734","targetHints":{"allow":["GET"]}}],"collection":[{"href":"https:\/\/www.europesays.com\/fr\/wp-json\/wp\/v2\/posts"}],"about":[{"href":"https:\/\/www.europesays.com\/fr\/wp-json\/wp\/v2\/types\/post"}],"author":[{"embeddable":true,"href":"https:\/\/www.europesays.com\/fr\/wp-json\/wp\/v2\/users\/2"}],"replies":[{"embeddable":true,"href":"https:\/\/www.europesays.com\/fr\/wp-json\/wp\/v2\/comments?post=647734"}],"version-history":[{"count":0,"href":"https:\/\/www.europesays.com\/fr\/wp-json\/wp\/v2\/posts\/647734\/revisions"}],"wp:featuredmedia":[{"embeddable":true,"href":"https:\/\/www.europesays.com\/fr\/wp-json\/wp\/v2\/media\/647735"}],"wp:attachment":[{"href":"https:\/\/www.europesays.com\/fr\/wp-json\/wp\/v2\/media?parent=647734"}],"wp:term":[{"taxonomy":"category","embeddable":true,"href":"https:\/\/www.europesays.com\/fr\/wp-json\/wp\/v2\/categories?post=647734"},{"taxonomy":"post_tag","embeddable":true,"href":"https:\/\/www.europesays.com\/fr\/wp-json\/wp\/v2\/tags?post=647734"}],"curies":[{"name":"wp","href":"https:\/\/api.w.org\/{rel}","templated":true}]}}