{"id":647738,"date":"2026-01-07T19:17:12","date_gmt":"2026-01-07T19:17:12","guid":{"rendered":"https:\/\/www.europesays.com\/fr\/647738\/"},"modified":"2026-01-07T19:17:12","modified_gmt":"2026-01-07T19:17:12","slug":"faire-baisser-les-impots-a-nice","status":"publish","type":"post","link":"https:\/\/www.europesays.com\/fr\/647738\/","title":{"rendered":"\u00ab Faire baisser les imp\u00f4ts \u00e0 Nice \u00bb"},"content":{"rendered":"<p class=\"fs-5 \">\u00ab Conf\u00e9rence de presse \u00e0 la permanence, avec la pr\u00e9sentation d\u2019un nouveau colistier, d\u2019une grande importance \u00bb&#8230; Chez \u00c9ric Ciotti, on a l\u2019art du teasing : la relance est arriv\u00e9e plusieurs fois&#8230;<\/p>\n<p>        <img src=\"https:\/\/www.europesays.com\/fr\/wp-content\/uploads\/2026\/01\/9f037cb_upload-from-url-1-yeqrelsvfq6e-data-art-16904274.jpg\"   loading=\"lazy\" decoding=\"async\" alt=\"Le Ves\u00fabia mountain park est l\u2019une des trois structures g\u00e9r\u00e9es par le Syndicat mixte. \" class=\"img-fluid position-absolute w-100 object-fit-cover rounded-2\" width=\"600\" height=\"400\"\/><\/p>\n<p class=\"fs-5 \">Et, selon nos informations, ce nouveau colistier \u00ab d\u2019une grande importance \u00bb serait &#8211; \u00e7a y est &#8211; Olivier Breuilly, dont <a href=\"https:\/\/www.nicematin.com\/societe\/politique\/liste-d-eric-ciotti-pour-les-elections-municipales-a-nice-une-prise-de-guerre-dans-le-camp-de-christian-estrosi-10658302\" target=\"_blank\" rel=\"noopener\">nous vous annoncions l\u2019arriv\u00e9e sur la liste du d\u00e9put\u00e9 UDR candidat aux \u00e9lections municipales de Nice, en novembre<\/a> 2025.<\/p>\n<p class=\"fs-5 \">L\u2019annonce doit \u00eatre faite ce jeudi 8 janvier 2026 dans la matin\u00e9e.<\/p>\n<p>                                                                                Prise de guerre<\/p>\n<p class=\"fs-5 \">Un sacr\u00e9 butin pour \u00c9ric Ciotti et un atout de campagne : Olivier Breuilly est l\u2019ancien directeur g\u00e9n\u00e9ral des services (DGS) de la Ville de Nice et de la M\u00e9tropole.<\/p>\n<p class=\"fs-5 \">\u00c0 ce titre, il conna\u00eet les rouages, les forces et les faiblesses des collectivit\u00e9s g\u00e9r\u00e9es par Christian Estrosi.<\/p>\n<p class=\"fs-5 \">Si Ciotti acc\u00e8de au fauteuil de maire, ce haut fonctionnaire devrait prendre la d\u00e9l\u00e9gation des Finances.<\/p>\n<p class=\"fs-5 \">\u00ab Il aura en charge de baisser les imp\u00f4ts qui ont quasiment doubl\u00e9 \u00e0 Nice, du fait d\u2019une mauvaise gestion \u00bb, a d\u00e9crypt\u00e9 le candidat alli\u00e9 au Rassemblement national sur C News, sans d\u00e9voiler le nom de son colistier.<\/p>\n<p>                                                                                L\u2019homme de l\u2019affaire de la temp\u00eate Alex<\/p>\n<p class=\"fs-5 \">Olivier Breuilly avait rejoint les services du maire de Nice, candidat \u00e0 sa r\u00e9\u00e9lection, en mars 2022.<\/p>\n<p class=\"fs-5 \">Dix-huit mois apr\u00e8s, sa mise au placard avait \u00e9t\u00e9 enrob\u00e9e dans une mission pour le Sommet de l\u2019Oc\u00e9an de l\u2019ONU. Puis, il avait quitt\u00e9 Nice.<\/p>\n<p class=\"fs-5 \">En f\u00e9vrier 2023, la M\u00e9tropole sous son impulsion avait alert\u00e9 le procureur de la R\u00e9publique de Nice dans l\u2019<a href=\"https:\/\/www.nicematin.com\/societe\/politique\/enquete-pour-detournements-de-fonds-publics-la-metropole-reagit-a-l-affaire-de-la-tinee-868617\" target=\"_blank\" rel=\"noopener\">affaire de la temp\u00eate Alex<\/a>.<\/p>\n<p class=\"fs-5 \">Le parquet avait suivi et ouvert une enqu\u00eate pour \u00ab d\u00e9tournement de fonds publics par une personne d\u00e9positaire de l\u2019autorit\u00e9 publique ou charg\u00e9e de mission de service public, escroquerie, faux, usage de faux \u00bb.<\/p>\n","protected":false},"excerpt":{"rendered":"\u00ab Conf\u00e9rence de presse \u00e0 la permanence, avec la pr\u00e9sentation d\u2019un nouveau colistier, d\u2019une grande importance \u00bb&#8230; Chez&hellip;\n","protected":false},"author":2,"featured_media":560948,"comment_status":"","ping_status":"","sticky":false,"template":"","format":"standard","meta":{"footnotes":""},"categories":[2819],"tags":[1111,11,1777,674,1011,27,3434,12,2401,882,25],"class_list":{"0":"post-647738","1":"post","2":"type-post","3":"status-publish","4":"format-standard","5":"has-post-thumbnail","7":"category-nice","8":"tag-actu","9":"tag-actualites","10":"tag-eu","11":"tag-europe","12":"tag-fr","13":"tag-france","14":"tag-municipales-2026","15":"tag-news","16":"tag-nice","17":"tag-provence-alpes-cote-dazur","18":"tag-republique-francaise"},"share_on_mastodon":{"url":"https:\/\/pubeurope.com\/@fr\/115855428503415662","error":""},"_links":{"self":[{"href":"https:\/\/www.europesays.com\/fr\/wp-json\/wp\/v2\/posts\/647738","targetHints":{"allow":["GET"]}}],"collection":[{"href":"https:\/\/www.europesays.com\/fr\/wp-json\/wp\/v2\/posts"}],"about":[{"href":"https:\/\/www.europesays.com\/fr\/wp-json\/wp\/v2\/types\/post"}],"author":[{"embeddable":true,"href":"https:\/\/www.europesays.com\/fr\/wp-json\/wp\/v2\/users\/2"}],"replies":[{"embeddable":true,"href":"https:\/\/www.europesays.com\/fr\/wp-json\/wp\/v2\/comments?post=647738"}],"version-history":[{"count":0,"href":"https:\/\/www.europesays.com\/fr\/wp-json\/wp\/v2\/posts\/647738\/revisions"}],"wp:featuredmedia":[{"embeddable":true,"href":"https:\/\/www.europesays.com\/fr\/wp-json\/wp\/v2\/media\/560948"}],"wp:attachment":[{"href":"https:\/\/www.europesays.com\/fr\/wp-json\/wp\/v2\/media?parent=647738"}],"wp:term":[{"taxonomy":"category","embeddable":true,"href":"https:\/\/www.europesays.com\/fr\/wp-json\/wp\/v2\/categories?post=647738"},{"taxonomy":"post_tag","embeddable":true,"href":"https:\/\/www.europesays.com\/fr\/wp-json\/wp\/v2\/tags?post=647738"}],"curies":[{"name":"wp","href":"https:\/\/api.w.org\/{rel}","templated":true}]}}