{"id":647755,"date":"2026-01-07T19:26:10","date_gmt":"2026-01-07T19:26:10","guid":{"rendered":"https:\/\/www.europesays.com\/fr\/647755\/"},"modified":"2026-01-07T19:26:10","modified_gmt":"2026-01-07T19:26:10","slug":"le-tribunal-de-marseille-se-declare-incompetent","status":"publish","type":"post","link":"https:\/\/www.europesays.com\/fr\/647755\/","title":{"rendered":"le tribunal de Marseille se d\u00e9clare incomp\u00e9tent"},"content":{"rendered":"<p>La voix du procureur de la R\u00e9publique, Nicolas Bessone, n\u2019aura pas suffi. Ce mardi 6\u00a0janvier, malgr\u00e9 les arguments expos\u00e9s par le minist\u00e8re public <a href=\"https:\/\/www.laprovence.com\/article\/faits-divers-justice\/1090098109284114\/le-tribunal-de-marseille-reticent-a-juger-le-dossier-des-fuites-dans-la-police-corse\" target=\"_blank\" rel=\"noopener\">lors de l\u2019audience du 8\u00a0d\u00e9cembre dernier<\/a>, le tribunal correctionnel de Marseille s\u2019est d\u00e9clar\u00e9 incomp\u00e9tent. Et a refus\u00e9 de juger le dossier qui avait fait tomber le directeur de la police judiciaire corse et des officiers de l\u2019Office central de lutte contre le crime organis\u00e9.<\/p>\n<p>L\u2019affaire remonte \u00e0 octobre\u00a02020. Joseph Menconi, dit Jos\u00e9, figure du banditisme corso marseillais est alors en garde \u00e0 vue, \u00e0 Ajaccio, soup\u00e7onn\u00e9 d\u2019avoir apport\u00e9 son aide \u00e0 <a href=\"https:\/\/www.laprovence.com\/article\/faits-divers-justice\/4672186210431914\/proces-du-petit-bar-le-chef-de-la-bande-criminelle-corse-condamne-a-13-ans-de-prison-et-1-5-million-damende\" target=\"_blank\" rel=\"noopener\">la bande criminelle du Petit Bar<\/a> dans l\u2019enqu\u00eate sur la tentative d\u2019assassinat de Guy Orsoni, survenue en septembre\u00a02018 ainsi que dans celle sur les finances occultes du clan corse. D\u2019apr\u00e8s l\u2019accusation, le voyou aujourd\u2019hui \u00e2g\u00e9 de 60\u00a0ans et reconverti dans l\u2019immobilier \u00e0 Saint-Tropez<a href=\"https:\/\/www.laprovence.com\/article\/faits-divers-justice\/2164221759282814\/fuite-dans-la-police-corse-le-proces-renvoye-en-decembre\" target=\"_blank\" rel=\"noopener\"> avait pass\u00e9 \u00ab\u00a0un deal\u00a0\u00bb avec les enqu\u00eateurs<\/a>, monnayant des informations contre un coup de fil. Celui-ci avait \u00e9t\u00e9 pass\u00e9 depuis le t\u00e9l\u00e9phone d\u2019un policier afin de joindre sa compagne, \u00e0 Paris, et lui demander de \u00ab\u00a0faire le m\u00e9nage\u00a0\u00bb. \u00c9galement mise en cause, elle avait ainsi pu \u00ab\u00a0faire dispara\u00eetre un 4&#215;4, un gilet pare-ball&#8230;<\/p>\n","protected":false},"excerpt":{"rendered":"La voix du procureur de la R\u00e9publique, Nicolas Bessone, n\u2019aura pas suffi. Ce mardi 6\u00a0janvier, malgr\u00e9 les arguments&hellip;\n","protected":false},"author":2,"featured_media":647756,"comment_status":"","ping_status":"","sticky":false,"template":"","format":"standard","meta":{"footnotes":""},"categories":[2814],"tags":[5734,1111,11,2517,1446,8293,1777,674,274,1011,27,7066,884,12,1072,882,25,3693],"class_list":{"0":"post-647755","1":"post","2":"type-post","3":"status-publish","4":"format-standard","5":"has-post-thumbnail","7":"category-marseille","8":"tag-5734","9":"tag-actu","10":"tag-actualites","11":"tag-corse","12":"tag-dans","13":"tag-declare","14":"tag-eu","15":"tag-europe","16":"tag-faits-divers-justice","17":"tag-fr","18":"tag-france","19":"tag-fuite","20":"tag-marseille","21":"tag-news","22":"tag-police","23":"tag-provence-alpes-cote-dazur","24":"tag-republique-francaise","25":"tag-tribunal"},"share_on_mastodon":{"url":"https:\/\/pubeurope.com\/@fr\/115855463912571430","error":""},"_links":{"self":[{"href":"https:\/\/www.europesays.com\/fr\/wp-json\/wp\/v2\/posts\/647755","targetHints":{"allow":["GET"]}}],"collection":[{"href":"https:\/\/www.europesays.com\/fr\/wp-json\/wp\/v2\/posts"}],"about":[{"href":"https:\/\/www.europesays.com\/fr\/wp-json\/wp\/v2\/types\/post"}],"author":[{"embeddable":true,"href":"https:\/\/www.europesays.com\/fr\/wp-json\/wp\/v2\/users\/2"}],"replies":[{"embeddable":true,"href":"https:\/\/www.europesays.com\/fr\/wp-json\/wp\/v2\/comments?post=647755"}],"version-history":[{"count":0,"href":"https:\/\/www.europesays.com\/fr\/wp-json\/wp\/v2\/posts\/647755\/revisions"}],"wp:featuredmedia":[{"embeddable":true,"href":"https:\/\/www.europesays.com\/fr\/wp-json\/wp\/v2\/media\/647756"}],"wp:attachment":[{"href":"https:\/\/www.europesays.com\/fr\/wp-json\/wp\/v2\/media?parent=647755"}],"wp:term":[{"taxonomy":"category","embeddable":true,"href":"https:\/\/www.europesays.com\/fr\/wp-json\/wp\/v2\/categories?post=647755"},{"taxonomy":"post_tag","embeddable":true,"href":"https:\/\/www.europesays.com\/fr\/wp-json\/wp\/v2\/tags?post=647755"}],"curies":[{"name":"wp","href":"https:\/\/api.w.org\/{rel}","templated":true}]}}