{"id":647757,"date":"2026-01-07T19:27:11","date_gmt":"2026-01-07T19:27:11","guid":{"rendered":"https:\/\/www.europesays.com\/fr\/647757\/"},"modified":"2026-01-07T19:27:11","modified_gmt":"2026-01-07T19:27:11","slug":"contre-le-mercosur-lacces-au-port-de-marseille-fos-bloque-par-la-coordination-rurale","status":"publish","type":"post","link":"https:\/\/www.europesays.com\/fr\/647757\/","title":{"rendered":"Contre le Mercosur, l\u2019acc\u00e8s au port de Marseille-Fos bloqu\u00e9 par la Coordination rurale"},"content":{"rendered":"<p>Alors que des tracteurs roulaient vers Paris, protestant contre la gestion par l\u2019\u00c9tat de crise de la <a href=\"https:\/\/www.laprovence.com\/article\/ecoplanete\/90658617522353\/dermatose-nodulaire-un-nouveau-cas-detecte-dans-un-elevage-bovin-d-ariege\" target=\"_blank\" rel=\"noopener\">dermatose nodulaire contagieuse<\/a> (DNC) et contre la signature imminente par l\u2019Union europ\u00e9enne de l\u2019accord de libre-\u00e9change avec les pays latino-am\u00e9ricains du <a href=\"https:\/\/www.laprovence.com\/article\/france-monde\/10163418141771\/mercosur-lue-compte-bientot-signer-laccord\" target=\"_blank\" rel=\"noopener\">Mercosur<\/a> (dont les agriculteurs craignent qu\u2019il n\u2019engendre une concurrence d\u00e9loyale fatale \u00e0 nombre d\u2019exploitations), les points de blocage se multipliaient mercredi \u00e0 travers le pays. La Conf\u00e9d\u00e9ration Paysanne des Bouches-du-Rh\u00f4ne mettait le cap sur Vendargues, dans l\u2019H\u00e9rault. La Coordination rurale, de son c\u00f4t\u00e9, appelait \u00e0 se masser au rond-point de la Fossette, avant l\u2019aube. Quand on veut d\u00e9noncer un accord de libre-\u00e9change, quoi de mieux que de bloquer l\u2019acc\u00e8s \u00e0 l\u2019un des ports les plus importants de M\u00e9diterran\u00e9e\u00a0?<\/p>\n<p>La pr\u00e9fecture des Bouches-du-Rh\u00f4ne, comme celles de nombreux autres d\u00e9partements, avait anticip\u00e9 la mobilisation en prenant en d\u00e9but de semaine un arr\u00eat\u00e9 interdisant la circulation des engins agricoles. Peu importe\u00a0: d\u00e8s avant 5h du matin, les tracteurs venus d\u2019<a href=\"https:\/\/www.laprovence.com\/region\/Edition-arles\" target=\"_blank\" rel=\"noopener\">Arles<\/a>, d\u2019<a href=\"https:\/\/www.laprovence.com\/bouches-du-rhone\/istres-13047\" target=\"_blank\" rel=\"noopener\">Istres<\/a>, de <a href=\"https:\/\/www.laprovence.com\/bouches-du-rhone\/tarascon-13108\" target=\"_blank\" rel=\"noopener\">Tarascon<\/a>, mais aussi du Vaucluse et du Var ont afflu\u00e9 en direction du port. Un rassemblement non bloquant s\u2019est form\u00e9 \u00e0 la Fossette, tan&#8230;<\/p>\n","protected":false},"excerpt":{"rendered":"Alors que des tracteurs roulaient vers Paris, protestant contre la gestion par l\u2019\u00c9tat de crise de la dermatose&hellip;\n","protected":false},"author":2,"featured_media":647758,"comment_status":"","ping_status":"","sticky":false,"template":"","format":"standard","meta":{"footnotes":""},"categories":[2814],"tags":[5734,1111,11,17273,1444,1777,674,1011,27,75311,884,28162,21426,12,5912,5159,882,25,104],"class_list":{"0":"post-647757","1":"post","2":"type-post","3":"status-publish","4":"format-standard","5":"has-post-thumbnail","7":"category-marseille","8":"tag-5734","9":"tag-actu","10":"tag-actualites","11":"tag-bloque","12":"tag-contre","13":"tag-eu","14":"tag-europe","15":"tag-fr","16":"tag-france","17":"tag-lacces","18":"tag-marseille","19":"tag-marseille-fos","20":"tag-mercosur","21":"tag-news","22":"tag-par","23":"tag-port","24":"tag-provence-alpes-cote-dazur","25":"tag-republique-francaise","26":"tag-societe"},"share_on_mastodon":{"url":"https:\/\/pubeurope.com\/@fr\/115855467727718315","error":""},"_links":{"self":[{"href":"https:\/\/www.europesays.com\/fr\/wp-json\/wp\/v2\/posts\/647757","targetHints":{"allow":["GET"]}}],"collection":[{"href":"https:\/\/www.europesays.com\/fr\/wp-json\/wp\/v2\/posts"}],"about":[{"href":"https:\/\/www.europesays.com\/fr\/wp-json\/wp\/v2\/types\/post"}],"author":[{"embeddable":true,"href":"https:\/\/www.europesays.com\/fr\/wp-json\/wp\/v2\/users\/2"}],"replies":[{"embeddable":true,"href":"https:\/\/www.europesays.com\/fr\/wp-json\/wp\/v2\/comments?post=647757"}],"version-history":[{"count":0,"href":"https:\/\/www.europesays.com\/fr\/wp-json\/wp\/v2\/posts\/647757\/revisions"}],"wp:featuredmedia":[{"embeddable":true,"href":"https:\/\/www.europesays.com\/fr\/wp-json\/wp\/v2\/media\/647758"}],"wp:attachment":[{"href":"https:\/\/www.europesays.com\/fr\/wp-json\/wp\/v2\/media?parent=647757"}],"wp:term":[{"taxonomy":"category","embeddable":true,"href":"https:\/\/www.europesays.com\/fr\/wp-json\/wp\/v2\/categories?post=647757"},{"taxonomy":"post_tag","embeddable":true,"href":"https:\/\/www.europesays.com\/fr\/wp-json\/wp\/v2\/tags?post=647757"}],"curies":[{"name":"wp","href":"https:\/\/api.w.org\/{rel}","templated":true}]}}