{"id":647761,"date":"2026-01-07T19:29:14","date_gmt":"2026-01-07T19:29:14","guid":{"rendered":"https:\/\/www.europesays.com\/fr\/647761\/"},"modified":"2026-01-07T19:29:14","modified_gmt":"2026-01-07T19:29:14","slug":"accident-de-camion-gros-bouchons-et-bus-tcl-impactes","status":"publish","type":"post","link":"https:\/\/www.europesays.com\/fr\/647761\/","title":{"rendered":"accident de camion, gros bouchons et bus TCL impact\u00e9s"},"content":{"rendered":"<p>                    Par<br \/>\n        <strong><br \/>\n            <a href=\"https:\/\/actu.fr\/auteur\/nicolas-zaugra\" title=\"Consulter tous les articles de Nicolas Zaugra\" target=\"_blank\" rel=\"noopener\">Nicolas Zaugra<\/a><br \/>\n                    <\/strong><\/p>\n<p>        Publi\u00e9 le<\/p>\n<p>            7 janv. 2026 \u00e0 19h03<br \/>\n        ; mis \u00e0 jour le 7 janv. 2026 \u00e0 19h08    <\/p>\n<p>Les <a href=\"https:\/\/actu.fr\/auvergne-rhone-alpes\/lyon_69123\/5-centimetres-attendus-voici-ou-et-quand-tombera-la-neige-a-lyon-et-dans-le-rhone_63661806.html\" target=\"_blank\" rel=\"noopener\">chutes de neige sont bien tomb\u00e9s sur Lyon et le Rh\u00f4ne<\/a> ce mercredi. La quantit\u00e9 reste modeste pour l\u2019instant mais cela cr\u00e9\u00e9 quelques perturbations localis\u00e9es. Place Bellecour sous un manteau blanc, des <strong>bus TCL impact\u00e9s<\/strong>, un accident de camion sur l\u2019A42 provoquant de gros bouchons ou encore une circulation difficile sur l\u2019A6.<\/p>\n<p class=\" wall-content\">\n<p>Gros accident de camion sur l\u2019A46<\/p>\n<p class=\" wall-content\">Un accident de camion a \u00e9t\u00e9 signal\u00e9 sur l\u2019A46 \u00e0 hauteur de Rillieux-la-Pape dans la m\u00e9tropole de Lyon. La circulation est difficile dans le secteur jusque sur l\u2019A42 avec de gros bouchons en cours \u00e0 l\u2019heure de pointe. Le poids lourd occupe les trois voies et un tracteur sera n\u00e9cessaire pour \u00e9vacuer le v\u00e9hicule. La circulation se fait sur une seule voie.<\/p>\n<p class=\" wall-content\">Le conducteur du camion a \u00e9t\u00e9 bless\u00e9, selon les pompiers mais son \u00e9tat de sant\u00e9 n\u2019est pas connu.<\/p>\n<p class=\" wall-content\">\n<p>Des lignes de bus TCL impact\u00e9es, Navig\u00f4ne ne circule plus<\/p>\n<p class=\" wall-content\">Plusieurs lignes TCL ne circulent plus en raison de la neige indique le r\u00e9seau et la navette fluviale sur la Sa\u00f4ne est interrompue.<\/p>\n<p class=\" wall-content\">\n<p class=\" wall-content\">\n<p class=\" wall-content\">\n<p class=\" wall-content\">\n<p class=\" wall-content\">\n<p class=\" wall-content\">\n<p class=\" wall-content\">\n<p class=\" wall-content\">\n<p class=\" wall-content\">\n<p class=\" wall-content\">\n<p>De nouvelles chutes de neige cette nuit<\/p>\n<p class=\" wall-content\">La neige n\u2019a pas dit son dernier mot ce mercredi puisque de nouvelles chutes sont pr\u00e9vues sur le Rh\u00f4ne cette nuit.<\/p>\n<p class=\" wall-content\">\n<p class=\" wall-content\">L\u2019ensemble du d\u00e9partement est concern\u00e9 par de possibles nouvelles chutes de neige parfois avec de la pluie m\u00eal\u00e9e. Jeudi matin, des <strong>pluies vergla\u00e7antes<\/strong> sont possibles dans le nord du Rh\u00f4ne et de la neige dans les secteurs de Belleville, Tarare, L\u2019Arbresle, Pusignan et Soucieu-en-Jarrest. Des flocons encore possibles localement ce week-end, samedi et dimanche, dans le Rh\u00f4ne.<\/p>\n<p class=\" wall-content\">Personnalisez votre actualit\u00e9 en ajoutant vos villes et m\u00e9dias en favori avec <a href=\"https:\/\/moncompte.actu.fr\" title=\"D\u00e9couvez Mon Actu\" rel=\"nofollow noopener\" data-trk=\"{&quot;cta&quot;:{&quot;action&quot;:&quot;https:\\\/\\\/moncompte.actu.fr&quot;,&quot;category&quot;:&quot;mon compte&quot;,&quot;from&quot;:&quot;article footer&quot;,&quot;name&quot;:&quot;Mon actu&quot;,&quot;type&quot;:&quot;cta&quot;}}\" target=\"_blank\">Mon Actu<\/a>.<\/p>\n","protected":false},"excerpt":{"rendered":"Par Nicolas Zaugra Publi\u00e9 le 7 janv. 2026 \u00e0 19h03 ; mis \u00e0 jour le 7 janv. 2026&hellip;\n","protected":false},"author":2,"featured_media":647762,"comment_status":"","ping_status":"","sticky":false,"template":"","format":"standard","meta":{"footnotes":""},"categories":[1889],"tags":[119,1111,11,2430,1777,674,1011,27,2428,2487,10584,12,25,5787],"class_list":{"0":"post-647761","1":"post","2":"type-post","3":"status-publish","4":"format-standard","5":"has-post-thumbnail","7":"category-lyon","8":"tag-accident","9":"tag-actu","10":"tag-actualites","11":"tag-auvergne-rhone-alpes","12":"tag-eu","13":"tag-europe","14":"tag-fr","15":"tag-france","16":"tag-lyon","17":"tag-meteo","18":"tag-neige","19":"tag-news","20":"tag-republique-francaise","21":"tag-transports-en-commun-lyonnais-tcl"},"share_on_mastodon":{"url":"https:\/\/pubeurope.com\/@fr\/115855475504691252","error":""},"_links":{"self":[{"href":"https:\/\/www.europesays.com\/fr\/wp-json\/wp\/v2\/posts\/647761","targetHints":{"allow":["GET"]}}],"collection":[{"href":"https:\/\/www.europesays.com\/fr\/wp-json\/wp\/v2\/posts"}],"about":[{"href":"https:\/\/www.europesays.com\/fr\/wp-json\/wp\/v2\/types\/post"}],"author":[{"embeddable":true,"href":"https:\/\/www.europesays.com\/fr\/wp-json\/wp\/v2\/users\/2"}],"replies":[{"embeddable":true,"href":"https:\/\/www.europesays.com\/fr\/wp-json\/wp\/v2\/comments?post=647761"}],"version-history":[{"count":0,"href":"https:\/\/www.europesays.com\/fr\/wp-json\/wp\/v2\/posts\/647761\/revisions"}],"wp:featuredmedia":[{"embeddable":true,"href":"https:\/\/www.europesays.com\/fr\/wp-json\/wp\/v2\/media\/647762"}],"wp:attachment":[{"href":"https:\/\/www.europesays.com\/fr\/wp-json\/wp\/v2\/media?parent=647761"}],"wp:term":[{"taxonomy":"category","embeddable":true,"href":"https:\/\/www.europesays.com\/fr\/wp-json\/wp\/v2\/categories?post=647761"},{"taxonomy":"post_tag","embeddable":true,"href":"https:\/\/www.europesays.com\/fr\/wp-json\/wp\/v2\/tags?post=647761"}],"curies":[{"name":"wp","href":"https:\/\/api.w.org\/{rel}","templated":true}]}}