{"id":647782,"date":"2026-01-07T19:41:12","date_gmt":"2026-01-07T19:41:12","guid":{"rendered":"https:\/\/www.europesays.com\/fr\/647782\/"},"modified":"2026-01-07T19:41:12","modified_gmt":"2026-01-07T19:41:12","slug":"lexpress-part-a-la-conquete-de-leurope-image","status":"publish","type":"post","link":"https:\/\/www.europesays.com\/fr\/647782\/","title":{"rendered":"L\u2019Express part \u00e0 la conqu\u00eate de l\u2019Europe &#8211; Image"},"content":{"rendered":"<p>Depuis \u00ab 5 ans, nous travaillons \u00e0 la r\u00e9invention de notre magazine avec sa restructuration et son repositionnement. Nous sommes \u00e0 l\u2019\u00e9quilibre et nous sommes aujourd\u2019hui condamn\u00e9s \u00e0 la croissance\u00a0\u00bb, insiste Alain Weill, pr\u00e9sident du groupe L\u2019Express qui s\u2019appellera d\u00e9sormais L\u2019Express Global Tech, lors d\u2019une conf\u00e9rence de presse mercredi. Pour lui, le passage \u00e0 l\u2019abonnement num\u00e9rique au forceps \u00ab\u00a0ne suffit plus\u00a0\u00bb. Il met ainsi en avant les trois titres mondiaux \u00ab\u00a0qui s\u2019en sortent le mieux\u00a0\u00bb en termes de croissance\u00a0: le New York Times, le Financial Times et The Economist. Comment\u00a0? \u00ab\u00a0Ils ont d\u00e9cid\u00e9\u00a0il y a 25 ans de devenir des marques mondiales\u00a0\u00bb, plaide le dirigeant.\n<\/p>\n<p>De la constatation aux actes, L\u2019Express \u00e9tend donc sa nouvelle sph\u00e8re d\u2019influence \u00e0 l\u2019Europe. \u00ab\u00a0Nous faisons le pari de l\u2019Europe, de transformer L\u2019Express en un journal europ\u00e9en\u00a0\u00bb avec en ligne de mire les leaders d\u2019opinion de ce continent, \u00ab\u00a0tout en gardant peu ou prou notre structure de co\u00fbt\u00a0\u00bb, souligne-t-il. Avec pour ambition d\u2019ici mi-2027 de proposer L\u2019Express dans les 24 langues de ses 27 pays, l\u2019hebdomadaire passe \u00e0 \u00ab\u00a0l\u2019europ\u00e9anisation\u00a0\u00bb de l\u2019ensemble de ses contenus, pointe son directeur de la r\u00e9daction Eric Chol. \u00ab\u00a0Il y a une sp\u00e9cificit\u00e9 europ\u00e9enne, nous partageons tous quelque chose\u00a0\u00bb, ajoute-t-il. Pour autant, la seule \u00e9dition fran\u00e7aise restera \u00ab\u00a0sp\u00e9cifique\u00a0\u00bb, en papier comme en num\u00e9rique, avec des articles centr\u00e9s sur la France (en politique, par exemple). Mais \u00ab\u00a0le reste des sujets sera destin\u00e9 \u00e0 tous nos abonn\u00e9s, en France et en Europe\u00a0\u00bb, selon Alain Weill.<\/p>\n<p>Au sommaire du journal repens\u00e9 par sa directrice de la cr\u00e9ation Alice Lagarde, de nouvelles rubriques sont mises en place. Comme \u00ab\u00a0Europe\u00a0\u00bb qui comparera chaque semaine les politiques publiques, \u00ab\u00a0Secret d\u00e9fense\u00a0\u00bb accompagn\u00e9 d\u2019une page confidentielle sur le secteur ou encore \u00ab\u00a0Ils font bouger l&rsquo;Europe\u00a0\u00bb (sur des entreprises du continent). De m\u00eame, la rubrique \u00ab\u00a0Campus\u00a0\u00bb prendra la temp\u00e9rature de l\u2019enseignement sup\u00e9rieur, \u00ab\u00a0l\u00e0 o\u00f9 se forme la future \u00e9lite europ\u00e9enne\u00a0\u00bb, explique M. Chol. L\u2019ensemble des rubriques se d\u00e9clinant sur le site internet qui accueille lui aussi une nouvelle version. Quoi qu\u2019il en soit, \u00ab\u00a0nous avons demand\u00e9 \u00e0 la r\u00e9daction de penser \u00e0 avoir une empreinte europ\u00e9enne dans la plupart de nos sujets\u00a0\u00bb, a poursuivi le directeur de la r\u00e9daction, selon qui \u00ab\u00a0le d\u00e9fi, c&rsquo;est de continuer \u00e0 int\u00e9resser nos lecteurs fran\u00e7ais\u00a0\u00bb.\n<\/p>\n<p>De 30 000 \u00e0 300 000 abonn\u00e9s Europ\u00e9ens<\/p>\n<p>Quant aux futures versions en polonais et en anglais, elles seront accessibles via le site lexpress.eu, pendant de l\u2019espace web fran\u00e7ais en .fr. Elles seront d&rsquo;abord consultables gratuitement sur inscription, puis passeront \u00e0 l&rsquo;abonnement apr\u00e8s quelques semaines. Le tarif n&rsquo;a pour sa part pas \u00e9t\u00e9 pr\u00e9cis\u00e9. \u00ab\u00a0L&rsquo;id\u00e9e avec l&rsquo;anglais et le polonais, c&rsquo;est d\u2019abord de tester\u00a0\u00bb avant d\u2019op\u00e9rer l\u2019ambitieux d\u00e9ploiement europ\u00e9en, indique Diane Lemoine, directrice g\u00e9n\u00e9rale d\u00e9l\u00e9gu\u00e9e du groupe. Outre les articles, les contenus vid\u00e9os, dont les \u00ab\u00a0Grands entretiens\u00a0\u00bb d&rsquo;Anne Rosencher, directrice d\u00e9l\u00e9gu\u00e9e de la r\u00e9daction, seront \u00e9galement doubl\u00e9s par IA, en conservant la voix des intervenants. A terme, L&rsquo;Express vise 30.000 abonn\u00e9s europ\u00e9ens, voire 300.000 \u00e0 plus longue \u00e9ch\u00e9ance, selon M. Weill.\n<\/p>\n<p>Pour l\u2019heure, L\u2019Express revendique 25\u00a0000 abonn\u00e9s num\u00e9riques alors que sa Diffusion France pay\u00e9e (DFP) 2024-2025 est de 129\u00a0036 exemplaires \u00e9coul\u00e9s chaque semaine (-7,60% vs 2023-2024). \u00ab\u00a0Le journal r\u00e9alise un chiffre d&rsquo;affaires de 25 millions d&rsquo;euros\u00a0\u00bb et \u00ab\u00a0nous voulons le doubler d&rsquo;ici 4 ans gr\u00e2ce au d\u00e9veloppement europ\u00e9en\u00a0\u00bb, a ambitionn\u00e9 Alain Weill. Enfin, ce dernier n\u2019a pas ferm\u00e9 la porte \u00e0 des investisseurs ext\u00e9rieurs\u00a0: \u00ab\u00a0je suis pr\u00eat \u00e0 poursuivre les investissements.\u00a0Nous pourrions aussi avoir int\u00e9r\u00eat \u00e0 nous adosser. Nous ne sommes pas ferm\u00e9s \u00e0 des synergies\u00a0\u00bb, a-t-il conclu.\n<\/p>\n<p>Une campagne de communication<\/p>\n<p>L\u2019Express accompagne ce lancement d\u2019une nouvelle campagne de communication, sign\u00e9e de l\u2019agencer DBO. Visible d\u00e8s ce 8 janvier, celle-ci se d\u00e9ploie en presse, affichage, digital, r\u00e9seaux sociaux, t\u00e9l\u00e9vision et radio.\n<\/p>\n<p>                 <img fetchpriority=\"high\" decoding=\"async\" loading=\"eager\"   width=\"728\" height=\"1066\" src=\"https:\/\/www.europesays.com\/fr\/wp-content\/uploads\/2026\/01\/express.png\" alt=\"lexpress\" typeof=\"foaf:Image\"\/><\/p>\n","protected":false},"excerpt":{"rendered":"Depuis \u00ab 5 ans, nous travaillons \u00e0 la r\u00e9invention de notre magazine avec sa restructuration et son repositionnement.&hellip;\n","protected":false},"author":2,"featured_media":647783,"comment_status":"","ping_status":"","sticky":false,"template":"","format":"standard","meta":{"footnotes":""},"categories":[1586],"tags":[11,1777,674,1011,27,12,25],"class_list":{"0":"post-647782","1":"post","2":"type-post","3":"status-publish","4":"format-standard","5":"has-post-thumbnail","7":"category-europe","8":"tag-actualites","9":"tag-eu","10":"tag-europe","11":"tag-fr","12":"tag-france","13":"tag-news","14":"tag-republique-francaise"},"share_on_mastodon":{"url":"https:\/\/pubeurope.com\/@fr\/115855522875382423","error":""},"_links":{"self":[{"href":"https:\/\/www.europesays.com\/fr\/wp-json\/wp\/v2\/posts\/647782","targetHints":{"allow":["GET"]}}],"collection":[{"href":"https:\/\/www.europesays.com\/fr\/wp-json\/wp\/v2\/posts"}],"about":[{"href":"https:\/\/www.europesays.com\/fr\/wp-json\/wp\/v2\/types\/post"}],"author":[{"embeddable":true,"href":"https:\/\/www.europesays.com\/fr\/wp-json\/wp\/v2\/users\/2"}],"replies":[{"embeddable":true,"href":"https:\/\/www.europesays.com\/fr\/wp-json\/wp\/v2\/comments?post=647782"}],"version-history":[{"count":0,"href":"https:\/\/www.europesays.com\/fr\/wp-json\/wp\/v2\/posts\/647782\/revisions"}],"wp:featuredmedia":[{"embeddable":true,"href":"https:\/\/www.europesays.com\/fr\/wp-json\/wp\/v2\/media\/647783"}],"wp:attachment":[{"href":"https:\/\/www.europesays.com\/fr\/wp-json\/wp\/v2\/media?parent=647782"}],"wp:term":[{"taxonomy":"category","embeddable":true,"href":"https:\/\/www.europesays.com\/fr\/wp-json\/wp\/v2\/categories?post=647782"},{"taxonomy":"post_tag","embeddable":true,"href":"https:\/\/www.europesays.com\/fr\/wp-json\/wp\/v2\/tags?post=647782"}],"curies":[{"name":"wp","href":"https:\/\/api.w.org\/{rel}","templated":true}]}}