{"id":647784,"date":"2026-01-07T19:42:11","date_gmt":"2026-01-07T19:42:11","guid":{"rendered":"https:\/\/www.europesays.com\/fr\/647784\/"},"modified":"2026-01-07T19:42:11","modified_gmt":"2026-01-07T19:42:11","slug":"france-allemagne-et-pologne-esperent-la-signature-rapide-de-laccord-entre-lue-et-linde","status":"publish","type":"post","link":"https:\/\/www.europesays.com\/fr\/647784\/","title":{"rendered":"France, Allemagne et Pologne esp\u00e8rent la signature rapide de l&rsquo;accord entre l&rsquo;UE et l&rsquo;Inde"},"content":{"rendered":"<p>L&rsquo;Inde et l&rsquo;UE sont depuis longtemps en n\u00e9gociation pour conclure non seulement un accord de libre-\u00e9change, mais encore un accord de s\u00e9curit\u00e9. Un sommet est pr\u00e9vu le 27 janvier.<\/p>\n<p>La France, l&rsquo;Allemagne et la Pologne ont appel\u00e9 mercredi de leur voeux la signature prochainement d&rsquo;un accord commercial et s\u00e9curitaire <a href=\"https:\/\/www.bfmtv.com\/economie\/economie-social\/union-europeenne\/l-accord-entre-l-ue-et-l-inde-coince-a-cause-du-riz-basmati-delhi-veut-l-exclusivite-en-europe-pour-chasser-le-pakistan_AN-202509150378.html\" title=\"L&#039;accord entre l&#039;UE et l&#039;Inde coince \u00e0 cause du riz basmati: Delhi veut l&#039;exclusivit\u00e9 en Europe pour chasser le Pakistan\" class=\"internal_link\" target=\"_blank\" rel=\"noopener\">entre l&rsquo;UE et l&rsquo;Inde<\/a>, \u00ab\u00a0\u00e9tape d\u00e9cisive\u00a0\u00bb d&rsquo;un \u00ab\u00a0rapprochement strat\u00e9gique\u00a0\u00bb, selon le ministre fran\u00e7ais des Affaires \u00e9trang\u00e8res mercredi.<\/p>\n<blockquote class=\"embed embed_quote\"><p>\u00ab\u00a0Un accord majeur entre l&rsquo;UE et l&rsquo;Inde est en passe d&rsquo;aboutir dans les prochaines semaines avec un sommet qui lui sera consacr\u00e9 \u00e0 la fin du mois de janvier\u00a0\u00bb, a d\u00e9clar\u00e9 Jean-No\u00ebl Barrot lors d&rsquo;une conf\u00e9rence de presse avec ses homologues allemand, polonais et indien. Il \u00ab\u00a0marquera une \u00e9tape d\u00e9cisive dans le rapprochement strat\u00e9gique entre nos deux espaces\u00a0\u00bb, a-t-il ajout\u00e9.<\/p><\/blockquote>\n<p>L&rsquo;Inde et l&rsquo;UE sont depuis longtemps en n\u00e9gociation pour conclure non seulement un accord de libre-\u00e9change, mais encore un accord de s\u00e9curit\u00e9. Un sommet est pr\u00e9vu le 27 janvier.<\/p>\n<p>\u00ab\u00a0Il est tr\u00e8s important que nous signions rapidement un accord de libre-\u00e9change entre l&rsquo;Union europ\u00e9enne et l&rsquo;Inde\u00a0\u00bb, a d\u00e9clar\u00e9 le ministre polonais Radoslaw Sikorski \u00e0 l&rsquo;issue d&rsquo;une r\u00e9union au format Weimar (France, Allemagne, Pologne) \u00e0 laquelle participait aussi le ministre indien, Subrahmanyam Jaishankar, pour qui la relation UE-Inde \u00ab\u00a0a vocation\u00a0\u00bb \u00e0 se renforcer.<\/p>\n<p>Brutalisation des relations internationales<\/p>\n<p>Dans le contexte de brutalisation des relations internationales, \u00ab\u00a0nous devons diversifier davantage et r\u00e9duire les d\u00e9pendances afin de ne pas nous rendre vuln\u00e9rables au chantage\u00a0\u00bb, a pour sa part d\u00e9clar\u00e9 l&rsquo;Allemand Johann Wadephul.<\/p>\n<p>\u00ab\u00a0L&rsquo;accord de libre-\u00e9change entre l&rsquo;Union europ\u00e9enne et l&rsquo;Inde est une \u00e9tape importante vers davantage de diversification (&#8230;). C&rsquo;est pourquoi nous travaillons intens\u00e9ment \u00e0 Bruxelles pour conclure bient\u00f4t cet accord\u00a0\u00bb, a-t-il poursuivi, ajoutant que le partenariat de s\u00e9curit\u00e9 et de d\u00e9fense entre l&rsquo;UE et l&rsquo;Inde \u00e9tait \u00ab\u00a0\u00e9galement sur la bonne voie\u00a0\u00bb,<\/p>\n<p>L&rsquo;Inde, qui promeut une doctrine internationale de multi-alignement, et l&rsquo;Union europ\u00e9enne (UE), escomptaient finaliser un accord de libre-\u00e9change commercial avant la fin 2025, dans le contexte de guerre commerciale entre grandes puissances, avec les droits de douane impos\u00e9s par les Etats-Unis ou la Chine \u00e0 plusieurs de leurs partenaires.<\/p>\n<p>L&rsquo;UE est le plus grand partenaire commercial de l&rsquo;Inde, avec 124 milliards d&rsquo;euros d&rsquo;\u00e9changes de marchandises en 2023, soit plus de 12% du total du commerce indien, selon Bruxelles.<\/p>\n<p>Bruxelles plaide notamment pour l&rsquo;ouverture du march\u00e9 indien \u00e0 ses voitures et son alcool tandis que l&rsquo;Inde souhaite vendre plus facilement ses produits textiles ou ses m\u00e9dicaments.<\/p>\n<p>Volont\u00e9 partag\u00e9e<\/p>\n<p>L&rsquo;accord porterait en outre sur la s\u00e9curit\u00e9.<\/p>\n<p>\u00ab\u00a0Nous esp\u00e9rons \u00e9tendre le partenariat Union-Inde au domaine de la s\u00e9curit\u00e9 et de la d\u00e9fense, et nous esp\u00e9rons qu&rsquo;un document appropri\u00e9 sera sign\u00e9 lors du sommet Union-Inde le 27\u00a0\u00bb janvier, a indiqu\u00e9 M. Sikorski.<\/p>\n<p>Soulignant l&rsquo;importance de l&rsquo;Europe, le ministre indien a estim\u00e9 qu&rsquo;il \u00e9tait \u00ab\u00a0\u00e9galement n\u00e9cessaire que l&rsquo;Inde renforce sa relation\u00a0\u00bb avec ce continent.<\/p>\n<p>\u00ab\u00a0Je crois que nous pouvons apporter davantage de stabilit\u00e9, \u00e0 la fois \u00e0 l&rsquo;\u00e9conomie internationale et \u00e0 la politique mondiale, et c&rsquo;est vraiment la raison de ma pr\u00e9sence ici\u00a0\u00bb \u00e0 Paris, a-t-il fait valoir.<\/p>\n<p>Preuve d&rsquo;une volont\u00e9 partag\u00e9e de renforcer les liens r\u00e9ciproques, le chancelier allemand Friedrich Merz se rendra en Inde dans les prochains jours, et le pr\u00e9sident fran\u00e7ais Emmanuel Macron \u00ab\u00a0bient\u00f4t\u00a0\u00bb, a-t-il dit.<\/p>\n<p>Plusieurs autres dirigeants europ\u00e9ens devraient se rendre en Inde \u00ab\u00a0tr\u00e8s prochainement\u00a0\u00bb, a-t-il enfin pr\u00e9cis\u00e9.<\/p>\n","protected":false},"excerpt":{"rendered":"L&rsquo;Inde et l&rsquo;UE sont depuis longtemps en n\u00e9gociation pour conclure non seulement un accord de libre-\u00e9change, mais encore&hellip;\n","protected":false},"author":2,"featured_media":647785,"comment_status":"","ping_status":"","sticky":false,"template":"","format":"standard","meta":{"footnotes":""},"categories":[1586],"tags":[11,1777,674,1779,1011,27,12,25,1778,364],"class_list":{"0":"post-647784","1":"post","2":"type-post","3":"status-publish","4":"format-standard","5":"has-post-thumbnail","7":"category-europe","8":"tag-actualites","9":"tag-eu","10":"tag-europe","11":"tag-european-union","12":"tag-fr","13":"tag-france","14":"tag-news","15":"tag-republique-francaise","16":"tag-ue","17":"tag-union-europeenne"},"share_on_mastodon":{"url":"https:\/\/pubeurope.com\/@fr\/115855526677083810","error":""},"_links":{"self":[{"href":"https:\/\/www.europesays.com\/fr\/wp-json\/wp\/v2\/posts\/647784","targetHints":{"allow":["GET"]}}],"collection":[{"href":"https:\/\/www.europesays.com\/fr\/wp-json\/wp\/v2\/posts"}],"about":[{"href":"https:\/\/www.europesays.com\/fr\/wp-json\/wp\/v2\/types\/post"}],"author":[{"embeddable":true,"href":"https:\/\/www.europesays.com\/fr\/wp-json\/wp\/v2\/users\/2"}],"replies":[{"embeddable":true,"href":"https:\/\/www.europesays.com\/fr\/wp-json\/wp\/v2\/comments?post=647784"}],"version-history":[{"count":0,"href":"https:\/\/www.europesays.com\/fr\/wp-json\/wp\/v2\/posts\/647784\/revisions"}],"wp:featuredmedia":[{"embeddable":true,"href":"https:\/\/www.europesays.com\/fr\/wp-json\/wp\/v2\/media\/647785"}],"wp:attachment":[{"href":"https:\/\/www.europesays.com\/fr\/wp-json\/wp\/v2\/media?parent=647784"}],"wp:term":[{"taxonomy":"category","embeddable":true,"href":"https:\/\/www.europesays.com\/fr\/wp-json\/wp\/v2\/categories?post=647784"},{"taxonomy":"post_tag","embeddable":true,"href":"https:\/\/www.europesays.com\/fr\/wp-json\/wp\/v2\/tags?post=647784"}],"curies":[{"name":"wp","href":"https:\/\/api.w.org\/{rel}","templated":true}]}}