{"id":647792,"date":"2026-01-07T19:47:20","date_gmt":"2026-01-07T19:47:20","guid":{"rendered":"https:\/\/www.europesays.com\/fr\/647792\/"},"modified":"2026-01-07T19:47:20","modified_gmt":"2026-01-07T19:47:20","slug":"gretell-moreno-la-passeuse-cubaine-du-volley-mulhouse-alsace-a-une-revanche-a-prendre-en-hongrie","status":"publish","type":"post","link":"https:\/\/www.europesays.com\/fr\/647792\/","title":{"rendered":"Gretell Moreno, la passeuse cubaine du\u00a0Volley Mulhouse Alsace, a une revanche \u00e0 prendre en Hongrie"},"content":{"rendered":"<p>Apr\u00e8s la qualification pour le deuxi\u00e8me tour de la Coupe CEV d\u00e9but d\u00e9cembre, Gretell Moreno (27\u00a0ans) \u00e9tait aux anges. Pas parce qu\u2019elle avait r\u00e9alis\u00e9 deux bons matches <a href=\"https:\/\/www.lalsace.fr\/sport\/2025\/12\/02\/vite-fait-bien-fait-pour-le-vma\" target=\"_blank\" rel=\"noopener\">contre les Serbes du Zok Ub<\/a>. Non, plut\u00f4t parce qu\u2019elle allait retrouver les Hongroises du RSE B\u00e9k\u00e9scsabai, que le Volley Mulhouse Alsace affronte ce jeudi (18\u00a0h) en huiti\u00e8me\u00a0de finale aller en Hongrie.<\/p>\n<p>\u00ab\u00a0Ce club me rappelle pourtant l\u2019un des pires souvenirs de ma carri\u00e8re\u00a0\u00bb, l\u00e2che la passeuse cubaine. \u00ab\u00a0Je n\u2019ai qu\u2019une seule id\u00e9e en t\u00eate\u00a0: prendre ma revanche\u00a0! D\u2019ailleurs, mon ancien entra\u00eeneur m\u2019a envoy\u00e9 un message en me disant qu\u2019il fallait absolument qu\u2019on les batte\u2026\u00a0\u00bb<\/p>\n<p>Il y a deux saisons, Gretell Moreno \u00e9voluait au club de l\u2019Ujpesti&#8230;<\/p>\n","protected":false},"excerpt":{"rendered":"Apr\u00e8s la qualification pour le deuxi\u00e8me tour de la Coupe CEV d\u00e9but d\u00e9cembre, Gretell Moreno (27\u00a0ans) \u00e9tait aux&hellip;\n","protected":false},"author":2,"featured_media":647793,"comment_status":"","ping_status":"","sticky":false,"template":"","format":"standard","meta":{"footnotes":""},"categories":[1417],"tags":[1636,107,1011,27,1634,1635,4604,517,60,1470,1633,1632,1469],"class_list":{"0":"post-647792","1":"post","2":"type-post","3":"status-publish","4":"format-standard","5":"has-post-thumbnail","7":"category-volley","8":"tag-edition-mulhouse-thann","9":"tag-fil-info","10":"tag-fr","11":"tag-france","12":"tag-mulhouse","13":"tag-secteur-de-mulhouse","14":"tag-selection-abonne","15":"tag-sport","16":"tag-sports","17":"tag-volley","18":"tag-volley-mulhouse-alsace","19":"tag-volley-ball","20":"tag-volleyball"},"share_on_mastodon":{"url":"https:\/\/pubeurope.com\/@fr\/115855546384733646","error":""},"_links":{"self":[{"href":"https:\/\/www.europesays.com\/fr\/wp-json\/wp\/v2\/posts\/647792","targetHints":{"allow":["GET"]}}],"collection":[{"href":"https:\/\/www.europesays.com\/fr\/wp-json\/wp\/v2\/posts"}],"about":[{"href":"https:\/\/www.europesays.com\/fr\/wp-json\/wp\/v2\/types\/post"}],"author":[{"embeddable":true,"href":"https:\/\/www.europesays.com\/fr\/wp-json\/wp\/v2\/users\/2"}],"replies":[{"embeddable":true,"href":"https:\/\/www.europesays.com\/fr\/wp-json\/wp\/v2\/comments?post=647792"}],"version-history":[{"count":0,"href":"https:\/\/www.europesays.com\/fr\/wp-json\/wp\/v2\/posts\/647792\/revisions"}],"wp:featuredmedia":[{"embeddable":true,"href":"https:\/\/www.europesays.com\/fr\/wp-json\/wp\/v2\/media\/647793"}],"wp:attachment":[{"href":"https:\/\/www.europesays.com\/fr\/wp-json\/wp\/v2\/media?parent=647792"}],"wp:term":[{"taxonomy":"category","embeddable":true,"href":"https:\/\/www.europesays.com\/fr\/wp-json\/wp\/v2\/categories?post=647792"},{"taxonomy":"post_tag","embeddable":true,"href":"https:\/\/www.europesays.com\/fr\/wp-json\/wp\/v2\/tags?post=647792"}],"curies":[{"name":"wp","href":"https:\/\/api.w.org\/{rel}","templated":true}]}}